{"id":88201,"date":"2016-05-31T21:19:11","date_gmt":"2016-06-01T00:19:11","guid":{"rendered":"http:\/\/aconteceunovale.com.br\/portal\/?p=88201"},"modified":"2016-05-31T21:19:11","modified_gmt":"2016-06-01T00:19:11","slug":"em-menos-de-24-horas-oito-assaltos-sao-registrados-em-janauba","status":"publish","type":"post","link":"https:\/\/aconteceunovale.com.br\/portal\/?p=88201","title":{"rendered":"Em menos de 24 horas, oito assaltos s\u00e3o registrados em Jana\u00faba"},"content":{"rendered":"<p>A Pol\u00edcia Militar registrou oito assaltos em menos de 24 horas em Jana\u00faba (MG), durante esta segunda-feira (30) e ter\u00e7a-feira (31). H\u00e1 suspeitas de que os dois primeiros assaltos tenham sido cometidos pelos mesmos criminosos. Dois homens de moto chegaram em um a\u00e7ougue no Bairro Santa Cruz e renderam o propriet\u00e1rio e um funcion\u00e1rio. Eles fugiram levando dinheiro. Em seguida, um posto de combust\u00edveis foi roubado. Uma dupla armada rendeu um frentista e pegou a quantia que estava com ele. Os valores n\u00e3o foram divulgados.<\/p>\n<p>J\u00e1 no fundo do Mercado Municipal, no Bairro S\u00e3o Gon\u00e7alo, uma pessoa que passava pelo local teve uma alian\u00e7a, tr\u00eas an\u00e9is e um celular roubados. Os criminosos fugiram a p\u00e9 em dire\u00e7\u00e3o ao Rio Gorutuba. Nas proximidades, a PM registrou outro assalto, dois homens que estavam armados e usavam capacetes fugiram de moto levando um cord\u00e3o de ouro de um pedestre.<\/p>\n<p>No Bairro Santa Cruz, um motociclista foi surpreendido por dois assaltantes, que levaram a moto dele. No Bairro Gameleira, uma mulher tamb\u00e9m teve o celular roubado, depois de ser agredida.<\/p>\n<p>Um ciclista tamb\u00e9m foi v\u00edtima de roubo no Bairro Veredas. Dois criminosos sa\u00edram de um lote vago e o abordaram. Eles fugiram com a bicicleta do rapaz. Outro homem tamb\u00e9m foi roubado no Bairro Padre Eust\u00e1quio. Ele passava pela Rua Montes Claros quando foi surpreendido por um assaltante que afirmava estar armado e fugiu com o celular dele. Nenhum suspeito dos crimes foi preso. (G1)<\/p>\n","protected":false},"excerpt":{"rendered":"<p>A Pol\u00edcia Militar registrou oito assaltos em menos de 24 horas em Jana\u00faba (MG), durante esta segunda-feira (30) e ter\u00e7a-feira (31). H\u00e1 suspeitas de que os dois primeiros assaltos tenham sido cometidos pelos mesmos criminosos. Dois homens de moto chegaram em um a\u00e7ougue no Bairro Santa Cruz e renderam o propriet\u00e1rio e um funcion\u00e1rio. Eles [&hellip;]<\/p>\n","protected":false},"author":1,"featured_media":26496,"comment_status":"open","ping_status":"closed","sticky":false,"template":"","format":"standard","meta":{"amp_status":"","footnotes":""},"categories":[1236],"tags":[97064,95991,204,97063,97065,97066],"class_list":["post-88201","post","type-post","status-publish","format-standard","has-post-thumbnail","hentry","category-norte_de_minas","tag-assaltos-janauba","tag-em-menos-de-24-horas","tag-janauba","tag-oito-assaltos-sao-registrados-em-janauba","tag-roubos-janauba","tag-violencia-janauba"],"yoast_head":"<!-- This site is optimized with the Yoast SEO plugin v28.3 - https:\/\/yoast.com\/product\/yoast-seo-wordpress\/ -->\n<title>Em menos de 24 horas, oito assaltos s\u00e3o registrados em Jana\u00faba - Aconteceu no Vale<\/title>\n<meta name=\"robots\" content=\"index, follow, max-snippet:-1, max-image-preview:large, max-video-preview:-1\" \/>\n<link rel=\"canonical\" href=\"https:\/\/aconteceunovale.com.br\/portal\/?p=88201\" \/>\n<meta property=\"og:locale\" content=\"pt_BR\" \/>\n<meta property=\"og:type\" content=\"article\" \/>\n<meta property=\"og:title\" content=\"Em menos de 24 horas, oito assaltos s\u00e3o registrados em Jana\u00faba - Aconteceu no Vale\" \/>\n<meta property=\"og:description\" content=\"A Pol\u00edcia Militar registrou oito assaltos em menos de 24 horas em Jana\u00faba (MG), durante esta segunda-feira (30) e ter\u00e7a-feira (31). H\u00e1 suspeitas de que os dois primeiros assaltos tenham sido cometidos pelos mesmos criminosos. Dois homens de moto chegaram em um a\u00e7ougue no Bairro Santa Cruz e renderam o propriet\u00e1rio e um funcion\u00e1rio. Eles [&hellip;]\" \/>\n<meta property=\"og:url\" content=\"https:\/\/aconteceunovale.com.br\/portal\/?p=88201\" \/>\n<meta property=\"og:site_name\" content=\"Aconteceu no Vale\" \/>\n<meta property=\"article:publisher\" content=\"https:\/\/www.facebook.com\/aconteceunovale\/\" \/>\n<meta property=\"article:published_time\" content=\"2016-06-01T00:19:11+00:00\" \/>\n<meta property=\"og:image\" content=\"https:\/\/aconteceunovale.com.br\/portal\/wp-content\/uploads\/2014\/04\/janauba_mg_15_04.jpg\" \/>\n\t<meta property=\"og:image:width\" content=\"500\" \/>\n\t<meta property=\"og:image:height\" content=\"375\" \/>\n\t<meta property=\"og:image:type\" content=\"image\/jpeg\" \/>\n<meta name=\"author\" content=\"Aconteceu no Vale\" \/>\n<meta name=\"twitter:card\" content=\"summary_large_image\" \/>\n<meta name=\"twitter:creator\" content=\"@noticiadosvales\" \/>\n<meta name=\"twitter:site\" content=\"@noticiadosvales\" \/>\n<meta name=\"twitter:label1\" content=\"Escrito por\" \/>\n\t<meta name=\"twitter:data1\" content=\"Aconteceu no Vale\" \/>\n\t<meta name=\"twitter:label2\" content=\"Est. tempo de leitura\" \/>\n\t<meta name=\"twitter:data2\" content=\"1 minuto\" \/>\n<script type=\"application\/ld+json\" class=\"yoast-schema-graph\">{\"@context\":\"https:\\\/\\\/schema.org\",\"@graph\":[{\"@type\":\"Article\",\"@id\":\"https:\\\/\\\/aconteceunovale.com.br\\\/portal\\\/?p=88201#article\",\"isPartOf\":{\"@id\":\"https:\\\/\\\/aconteceunovale.com.br\\\/portal\\\/?p=88201\"},\"author\":{\"name\":\"Aconteceu no Vale\",\"@id\":\"https:\\\/\\\/aconteceunovale.com.br\\\/portal\\\/#\\\/schema\\\/person\\\/633529146f2c94272bef50ac2953d589\"},\"headline\":\"Em menos de 24 horas, oito assaltos s\u00e3o registrados em Jana\u00faba\",\"datePublished\":\"2016-06-01T00:19:11+00:00\",\"mainEntityOfPage\":{\"@id\":\"https:\\\/\\\/aconteceunovale.com.br\\\/portal\\\/?p=88201\"},\"wordCount\":271,\"commentCount\":0,\"image\":{\"@id\":\"https:\\\/\\\/aconteceunovale.com.br\\\/portal\\\/?p=88201#primaryimage\"},\"thumbnailUrl\":\"https:\\\/\\\/aconteceunovale.com.br\\\/portal\\\/wp-content\\\/uploads\\\/2014\\\/04\\\/janauba_mg_15_04.jpg\",\"keywords\":[\"assaltos Jana\u00faba\",\"Em menos de 24 horas\",\"Jana\u00faba\",\"oito assaltos s\u00e3o registrados em Jana\u00faba\",\"roubos Jana\u00faba\",\"viol\u00eancia Jana\u00faba\"],\"articleSection\":[\"Norte de Minas\"],\"inLanguage\":\"pt-BR\",\"potentialAction\":[{\"@type\":\"CommentAction\",\"name\":\"Comment\",\"target\":[\"https:\\\/\\\/aconteceunovale.com.br\\\/portal\\\/?p=88201#respond\"]}]},{\"@type\":\"WebPage\",\"@id\":\"https:\\\/\\\/aconteceunovale.com.br\\\/portal\\\/?p=88201\",\"url\":\"https:\\\/\\\/aconteceunovale.com.br\\\/portal\\\/?p=88201\",\"name\":\"Em menos de 24 horas, oito assaltos s\u00e3o registrados em Jana\u00faba - Aconteceu no Vale\",\"isPartOf\":{\"@id\":\"https:\\\/\\\/aconteceunovale.com.br\\\/portal\\\/#website\"},\"primaryImageOfPage\":{\"@id\":\"https:\\\/\\\/aconteceunovale.com.br\\\/portal\\\/?p=88201#primaryimage\"},\"image\":{\"@id\":\"https:\\\/\\\/aconteceunovale.com.br\\\/portal\\\/?p=88201#primaryimage\"},\"thumbnailUrl\":\"https:\\\/\\\/aconteceunovale.com.br\\\/portal\\\/wp-content\\\/uploads\\\/2014\\\/04\\\/janauba_mg_15_04.jpg\",\"datePublished\":\"2016-06-01T00:19:11+00:00\",\"author\":{\"@id\":\"https:\\\/\\\/aconteceunovale.com.br\\\/portal\\\/#\\\/schema\\\/person\\\/633529146f2c94272bef50ac2953d589\"},\"breadcrumb\":{\"@id\":\"https:\\\/\\\/aconteceunovale.com.br\\\/portal\\\/?p=88201#breadcrumb\"},\"inLanguage\":\"pt-BR\",\"potentialAction\":[{\"@type\":\"ReadAction\",\"target\":[\"https:\\\/\\\/aconteceunovale.com.br\\\/portal\\\/?p=88201\"]}]},{\"@type\":\"ImageObject\",\"inLanguage\":\"pt-BR\",\"@id\":\"https:\\\/\\\/aconteceunovale.com.br\\\/portal\\\/?p=88201#primaryimage\",\"url\":\"https:\\\/\\\/aconteceunovale.com.br\\\/portal\\\/wp-content\\\/uploads\\\/2014\\\/04\\\/janauba_mg_15_04.jpg\",\"contentUrl\":\"https:\\\/\\\/aconteceunovale.com.br\\\/portal\\\/wp-content\\\/uploads\\\/2014\\\/04\\\/janauba_mg_15_04.jpg\",\"width\":500,\"height\":375},{\"@type\":\"BreadcrumbList\",\"@id\":\"https:\\\/\\\/aconteceunovale.com.br\\\/portal\\\/?p=88201#breadcrumb\",\"itemListElement\":[{\"@type\":\"ListItem\",\"position\":1,\"name\":\"In\u00edcio\",\"item\":\"https:\\\/\\\/aconteceunovale.com.br\\\/portal\\\/\"},{\"@type\":\"ListItem\",\"position\":2,\"name\":\"Em menos de 24 horas, oito assaltos s\u00e3o registrados em Jana\u00faba\"}]},{\"@type\":\"WebSite\",\"@id\":\"https:\\\/\\\/aconteceunovale.com.br\\\/portal\\\/#website\",\"url\":\"https:\\\/\\\/aconteceunovale.com.br\\\/portal\\\/\",\"name\":\"Aconteceu no Vale\",\"description\":\"Portal de Not\u00edcias\",\"potentialAction\":[{\"@type\":\"SearchAction\",\"target\":{\"@type\":\"EntryPoint\",\"urlTemplate\":\"https:\\\/\\\/aconteceunovale.com.br\\\/portal\\\/?s={search_term_string}\"},\"query-input\":{\"@type\":\"PropertyValueSpecification\",\"valueRequired\":true,\"valueName\":\"search_term_string\"}}],\"inLanguage\":\"pt-BR\"},{\"@type\":\"Person\",\"@id\":\"https:\\\/\\\/aconteceunovale.com.br\\\/portal\\\/#\\\/schema\\\/person\\\/633529146f2c94272bef50ac2953d589\",\"name\":\"Aconteceu no Vale\",\"description\":\"Equipe de reportagem do Aconteceu no Vale, portal de not\u00edcias do Vale do Jequitinhonha, em Minas Gerais. Cobrimos as 51 cidades do Vale desde 2013. Sugest\u00f5es de pauta e pedidos de corre\u00e7\u00e3o: contato@aconteceunovale.com.br\",\"sameAs\":[\"http:\\\/\\\/www.aconteceunovale.com.br\"],\"url\":\"https:\\\/\\\/aconteceunovale.com.br\\\/portal\\\/?author=1\"}]}<\/script>\n<!-- \/ Yoast SEO plugin. -->","yoast_head_json":{"title":"Em menos de 24 horas, oito assaltos s\u00e3o registrados em Jana\u00faba - Aconteceu no Vale","robots":{"index":"index","follow":"follow","max-snippet":"max-snippet:-1","max-image-preview":"max-image-preview:large","max-video-preview":"max-video-preview:-1"},"canonical":"https:\/\/aconteceunovale.com.br\/portal\/?p=88201","og_locale":"pt_BR","og_type":"article","og_title":"Em menos de 24 horas, oito assaltos s\u00e3o registrados em Jana\u00faba - Aconteceu no Vale","og_description":"A Pol\u00edcia Militar registrou oito assaltos em menos de 24 horas em Jana\u00faba (MG), durante esta segunda-feira (30) e ter\u00e7a-feira (31). H\u00e1 suspeitas de que os dois primeiros assaltos tenham sido cometidos pelos mesmos criminosos. Dois homens de moto chegaram em um a\u00e7ougue no Bairro Santa Cruz e renderam o propriet\u00e1rio e um funcion\u00e1rio. Eles [&hellip;]","og_url":"https:\/\/aconteceunovale.com.br\/portal\/?p=88201","og_site_name":"Aconteceu no Vale","article_publisher":"https:\/\/www.facebook.com\/aconteceunovale\/","article_published_time":"2016-06-01T00:19:11+00:00","og_image":[{"width":500,"height":375,"url":"https:\/\/aconteceunovale.com.br\/portal\/wp-content\/uploads\/2014\/04\/janauba_mg_15_04.jpg","type":"image\/jpeg"}],"author":"Aconteceu no Vale","twitter_card":"summary_large_image","twitter_creator":"@noticiadosvales","twitter_site":"@noticiadosvales","twitter_misc":{"Escrito por":"Aconteceu no Vale","Est. tempo de leitura":"1 minuto"},"schema":{"@context":"https:\/\/schema.org","@graph":[{"@type":"Article","@id":"https:\/\/aconteceunovale.com.br\/portal\/?p=88201#article","isPartOf":{"@id":"https:\/\/aconteceunovale.com.br\/portal\/?p=88201"},"author":{"name":"Aconteceu no Vale","@id":"https:\/\/aconteceunovale.com.br\/portal\/#\/schema\/person\/633529146f2c94272bef50ac2953d589"},"headline":"Em menos de 24 horas, oito assaltos s\u00e3o registrados em Jana\u00faba","datePublished":"2016-06-01T00:19:11+00:00","mainEntityOfPage":{"@id":"https:\/\/aconteceunovale.com.br\/portal\/?p=88201"},"wordCount":271,"commentCount":0,"image":{"@id":"https:\/\/aconteceunovale.com.br\/portal\/?p=88201#primaryimage"},"thumbnailUrl":"https:\/\/aconteceunovale.com.br\/portal\/wp-content\/uploads\/2014\/04\/janauba_mg_15_04.jpg","keywords":["assaltos Jana\u00faba","Em menos de 24 horas","Jana\u00faba","oito assaltos s\u00e3o registrados em Jana\u00faba","roubos Jana\u00faba","viol\u00eancia Jana\u00faba"],"articleSection":["Norte de Minas"],"inLanguage":"pt-BR","potentialAction":[{"@type":"CommentAction","name":"Comment","target":["https:\/\/aconteceunovale.com.br\/portal\/?p=88201#respond"]}]},{"@type":"WebPage","@id":"https:\/\/aconteceunovale.com.br\/portal\/?p=88201","url":"https:\/\/aconteceunovale.com.br\/portal\/?p=88201","name":"Em menos de 24 horas, oito assaltos s\u00e3o registrados em Jana\u00faba - Aconteceu no Vale","isPartOf":{"@id":"https:\/\/aconteceunovale.com.br\/portal\/#website"},"primaryImageOfPage":{"@id":"https:\/\/aconteceunovale.com.br\/portal\/?p=88201#primaryimage"},"image":{"@id":"https:\/\/aconteceunovale.com.br\/portal\/?p=88201#primaryimage"},"thumbnailUrl":"https:\/\/aconteceunovale.com.br\/portal\/wp-content\/uploads\/2014\/04\/janauba_mg_15_04.jpg","datePublished":"2016-06-01T00:19:11+00:00","author":{"@id":"https:\/\/aconteceunovale.com.br\/portal\/#\/schema\/person\/633529146f2c94272bef50ac2953d589"},"breadcrumb":{"@id":"https:\/\/aconteceunovale.com.br\/portal\/?p=88201#breadcrumb"},"inLanguage":"pt-BR","potentialAction":[{"@type":"ReadAction","target":["https:\/\/aconteceunovale.com.br\/portal\/?p=88201"]}]},{"@type":"ImageObject","inLanguage":"pt-BR","@id":"https:\/\/aconteceunovale.com.br\/portal\/?p=88201#primaryimage","url":"https:\/\/aconteceunovale.com.br\/portal\/wp-content\/uploads\/2014\/04\/janauba_mg_15_04.jpg","contentUrl":"https:\/\/aconteceunovale.com.br\/portal\/wp-content\/uploads\/2014\/04\/janauba_mg_15_04.jpg","width":500,"height":375},{"@type":"BreadcrumbList","@id":"https:\/\/aconteceunovale.com.br\/portal\/?p=88201#breadcrumb","itemListElement":[{"@type":"ListItem","position":1,"name":"In\u00edcio","item":"https:\/\/aconteceunovale.com.br\/portal\/"},{"@type":"ListItem","position":2,"name":"Em menos de 24 horas, oito assaltos s\u00e3o registrados em Jana\u00faba"}]},{"@type":"WebSite","@id":"https:\/\/aconteceunovale.com.br\/portal\/#website","url":"https:\/\/aconteceunovale.com.br\/portal\/","name":"Aconteceu no Vale","description":"Portal de Not\u00edcias","potentialAction":[{"@type":"SearchAction","target":{"@type":"EntryPoint","urlTemplate":"https:\/\/aconteceunovale.com.br\/portal\/?s={search_term_string}"},"query-input":{"@type":"PropertyValueSpecification","valueRequired":true,"valueName":"search_term_string"}}],"inLanguage":"pt-BR"},{"@type":"Person","@id":"https:\/\/aconteceunovale.com.br\/portal\/#\/schema\/person\/633529146f2c94272bef50ac2953d589","name":"Aconteceu no Vale","description":"Equipe de reportagem do Aconteceu no Vale, portal de not\u00edcias do Vale do Jequitinhonha, em Minas Gerais. Cobrimos as 51 cidades do Vale desde 2013. Sugest\u00f5es de pauta e pedidos de corre\u00e7\u00e3o: contato@aconteceunovale.com.br","sameAs":["http:\/\/www.aconteceunovale.com.br"],"url":"https:\/\/aconteceunovale.com.br\/portal\/?author=1"}]}},"_links":{"self":[{"href":"https:\/\/aconteceunovale.com.br\/portal\/index.php?rest_route=\/wp\/v2\/posts\/88201","targetHints":{"allow":["GET"]}}],"collection":[{"href":"https:\/\/aconteceunovale.com.br\/portal\/index.php?rest_route=\/wp\/v2\/posts"}],"about":[{"href":"https:\/\/aconteceunovale.com.br\/portal\/index.php?rest_route=\/wp\/v2\/types\/post"}],"author":[{"embeddable":true,"href":"https:\/\/aconteceunovale.com.br\/portal\/index.php?rest_route=\/wp\/v2\/users\/1"}],"replies":[{"embeddable":true,"href":"https:\/\/aconteceunovale.com.br\/portal\/index.php?rest_route=%2Fwp%2Fv2%2Fcomments&post=88201"}],"version-history":[{"count":0,"href":"https:\/\/aconteceunovale.com.br\/portal\/index.php?rest_route=\/wp\/v2\/posts\/88201\/revisions"}],"wp:featuredmedia":[{"embeddable":true,"href":"https:\/\/aconteceunovale.com.br\/portal\/index.php?rest_route=\/wp\/v2\/media\/26496"}],"wp:attachment":[{"href":"https:\/\/aconteceunovale.com.br\/portal\/index.php?rest_route=%2Fwp%2Fv2%2Fmedia&parent=88201"}],"wp:term":[{"taxonomy":"category","embeddable":true,"href":"https:\/\/aconteceunovale.com.br\/portal\/index.php?rest_route=%2Fwp%2Fv2%2Fcategories&post=88201"},{"taxonomy":"post_tag","embeddable":true,"href":"https:\/\/aconteceunovale.com.br\/portal\/index.php?rest_route=%2Fwp%2Fv2%2Ftags&post=88201"}],"curies":[{"name":"wp","href":"https:\/\/api.w.org\/{rel}","templated":true}]}}