{"id":88188,"date":"2016-05-31T21:09:31","date_gmt":"2016-06-01T00:09:31","guid":{"rendered":"http:\/\/aconteceunovale.com.br\/portal\/?p=88188"},"modified":"2016-05-31T21:14:58","modified_gmt":"2016-06-01T00:14:58","slug":"corte-de-arvores-revolta-ambientalistas-em-montes-claros","status":"publish","type":"post","link":"https:\/\/aconteceunovale.com.br\/portal\/?p=88188","title":{"rendered":"Corte de \u00e1rvores revolta ambientalistas em Montes Claros"},"content":{"rendered":"<p>A obra de retirada das linhas de transmiss\u00e3o de energia el\u00e9trica no Bairro Ibituruna, em Montes Claros, tem provocado discuss\u00f5es entre ambientalistas e representantes da prefeitura. Segundo an\u00fancio da prefeitura no in\u00edcio de maio deste ano, a obra prev\u00ea que o \u201cmunic\u00edpio utilize uma \u00e1rea de cerca de 400 mil metros quadrados para a constru\u00e7\u00e3o de parques e jardins, al\u00e9m de \u00e1reas comerciais e residenciais\u201d.<\/p>\n<p>O problema, segundo alega\u00e7\u00e3o de ambientalistas, \u00e9 que o munic\u00edpio autorizou o corte de 446 \u00e1rvores na \u00e1rea de execu\u00e7\u00e3o da obra sem que algum profissional habilitado se responsabilizasse pela autoriza\u00e7\u00e3o.<\/p>\n<p>\u201cA prefeitura n\u00e3o tem um profissional habilitado para responder por esta a\u00e7\u00e3o. Falaram que o projeto prev\u00ea uma avenida, mas n\u00e3o contempla o replantio destas \u00e1rvores. O Codema existe para fiscalizar e esta obra n\u00e3o foi deliberada pelo Codema\u201d, afirma o ambientalista Eduardo Gomes, que j\u00e1 foi conselheiro do Codema (Conselho Municipal de Defesa e Conserva\u00e7\u00e3o do Meio Ambiente) na cidade.<\/p>\n<p>Gomes diz ainda que cerca de 40 \u00e1rvores j\u00e1 foram derrubadas no local. Integrantes do Movimento Civil Arboriza Moc tamb\u00e9m se revoltaram com a derrubada das \u00e1rvores. Eles afirmam que o munic\u00edpio n\u00e3o se preocupou nem mesmo em fazer um invent\u00e1rio das \u00e1rvores a serem derrubas, algumas com mais de quatro d\u00e9cadas.<\/p>\n<p>&#8220;A pr\u00f3pria lei municipal diz que na derrubada de uma \u00e1rvore deve-se fazer o plantio de outra, mas aqui n\u00e3o existe este plano compensat\u00f3rio. Aqui ser\u00e3o 400 \u00e1rvores derrubadas. Ent\u00e3o \u00e9 uma perda muito grande\u201d, afirma a representante do Movimento Civil Arboriza Moc, Bruna Berto Gomes.<\/p>\n<p>O Arboriza Moc realizou na cidade o plantio de 300 mudas de plantas nativas da regi\u00e3o. \u201cAl\u00e9m do plantio existe a preocupa\u00e7\u00e3o em quem vai cuidar e ainda se v\u00e3o crescer. Com esta obra da prefeitura ser\u00e1 um d\u00e9ficit muito grande para a cidade\u201d, lamenta a representante.<\/p>\n<p>V\u00e1rios ambientalistas fizeram um ato em protesto \u00e0s obras no Bairro Ibituruna na tarde desta ter\u00e7a-feira (31). Ap\u00f3s o ato, a empresa respons\u00e1vel pela a\u00e7\u00e3o suspendeu os cortes das \u00e1rvores. Segundo o secret\u00e1rio adjunto de meio ambiente, Edvaldo Marques, as obras a serem realizadas no local est\u00e3o de acordo com as leis no munic\u00edpio.<\/p>\n<p>\u201cNeste caso foi feito o pedido de supress\u00e3o de \u00e1rvores. Este tipo de pedido n\u00e3o precisa se submeter ao Codema. Existe sim um projeto de compensa\u00e7\u00e3o e as \u00e1rvores j\u00e1 est\u00e3o em reposi\u00e7\u00e3o no per\u00edmetro urbano da cidade. Por\u00e9m, em reuni\u00e3o nesta tarde com representantes do Ibama, resolvemos suspender a autoriza\u00e7\u00e3o at\u00e9 que seja apreciado pelo Codema\u201d, afirma o secret\u00e1rio que tamb\u00e9m \u00e9 o presidente do Codema.<\/p>\n<p><img decoding=\"async\" src=\"http:\/\/aconteceunovale.com.br\/portal\/wp-content\/uploads\/2016\/05\/corte_arvores_moc_1.jpg\" alt=\"\" \/><em>Prefeitura autorizou corte de 446 \u00e1rvores (Foto: Eduardo Gomes\/Arquivo Pessoal)<\/em><br \/>\n<\/br><\/p>\n<p><img decoding=\"async\" src=\"http:\/\/aconteceunovale.com.br\/portal\/wp-content\/uploads\/2016\/05\/corte_arvores_moc_2.jpg\" alt=\"\" \/><em>Prefeitura autorizou corte de 446 \u00e1rvores (Foto: Eduardo Gomes\/Arquivo Pessoal)<\/em><br \/>\n<\/br><\/p>\n<p><img decoding=\"async\" src=\"http:\/\/aconteceunovale.com.br\/portal\/wp-content\/uploads\/2016\/05\/corte_arvores_moc_3.jpg\" alt=\"\" \/><em>Prefeitura autorizou corte de 446 \u00e1rvores (Foto: Eduardo Gomes\/Arquivo Pessoal)<\/em><br \/>\n<\/br><\/p>\n<p><img decoding=\"async\" src=\"http:\/\/aconteceunovale.com.br\/portal\/wp-content\/uploads\/2016\/05\/corte_arvores_moc_4.jpg\" alt=\"\" \/><em>Prefeitura autorizou corte de 446 \u00e1rvores (Foto: Eduardo Gomes\/Arquivo Pessoal)<\/em><br \/>\n<\/br><\/p>\n<p><img decoding=\"async\" src=\"http:\/\/aconteceunovale.com.br\/portal\/wp-content\/uploads\/2016\/05\/corte_arvores_moc_5.jpg\" alt=\"\" \/><em>Prefeitura autorizou corte de 446 \u00e1rvores (Foto: Eduardo Gomes\/Arquivo Pessoal)<\/em><br \/>\n<\/br><\/p>\n<p><img decoding=\"async\" src=\"http:\/\/aconteceunovale.com.br\/portal\/wp-content\/uploads\/2016\/05\/corte_arvores_moc_6.jpg\" alt=\"\" \/><em>Prefeitura autorizou corte de 446 \u00e1rvores (Foto: Eduardo Gomes\/Arquivo Pessoal)<\/em><br \/>\n<\/br><\/p>\n<p><img decoding=\"async\" src=\"http:\/\/aconteceunovale.com.br\/portal\/wp-content\/uploads\/2016\/05\/corte_arvores_moc_7.jpg\" alt=\"\" \/><em>Prefeitura autorizou corte de 446 \u00e1rvores (Foto: Eduardo Gomes\/Arquivo Pessoal)<\/em><br \/>\n<\/br><\/p>\n<p><em>(Fonte: G1 Grande Minas \/ Rep\u00f3rter: Valdivan Veloso)<\/em><\/p>\n","protected":false},"excerpt":{"rendered":"<p>A obra de retirada das linhas de transmiss\u00e3o de energia el\u00e9trica no Bairro Ibituruna, em Montes Claros, tem provocado discuss\u00f5es entre ambientalistas e representantes da prefeitura. Segundo an\u00fancio da prefeitura no in\u00edcio de maio deste ano, a obra prev\u00ea que o \u201cmunic\u00edpio utilize uma \u00e1rea de cerca de 400 mil metros quadrados para a constru\u00e7\u00e3o [&hellip;]<\/p>\n","protected":false},"author":1,"featured_media":88198,"comment_status":"open","ping_status":"closed","sticky":false,"template":"","format":"standard","meta":{"amp_status":"","footnotes":""},"categories":[1236],"tags":[97060,97061,97062,97058,97057,1018,210,97059],"class_list":["post-88188","post","type-post","status-publish","format-standard","has-post-thumbnail","hentry","category-norte_de_minas","tag-ambientalista-eduardo-gomes","tag-arboriza-moc","tag-bruna-berto-gomes","tag-corte-de-arvores-em-montes-claros","tag-corte-de-arvores-revolta-ambientalistas-em-montes-claros","tag-destaque","tag-montes-claros","tag-obra-de-retirada-das-linhas-de-transmissao-de-energia-eletrica-no-bairro-ibituruna"],"yoast_head":"<!-- This site is optimized with the Yoast SEO plugin v28.3 - https:\/\/yoast.com\/product\/yoast-seo-wordpress\/ -->\n<title>Corte de \u00e1rvores revolta ambientalistas em Montes Claros - Aconteceu no Vale<\/title>\n<meta name=\"robots\" content=\"index, follow, max-snippet:-1, max-image-preview:large, max-video-preview:-1\" \/>\n<link rel=\"canonical\" href=\"https:\/\/aconteceunovale.com.br\/portal\/?p=88188\" \/>\n<meta property=\"og:locale\" content=\"pt_BR\" \/>\n<meta property=\"og:type\" content=\"article\" \/>\n<meta property=\"og:title\" content=\"Corte de \u00e1rvores revolta ambientalistas em Montes Claros - Aconteceu no Vale\" \/>\n<meta property=\"og:description\" content=\"A obra de retirada das linhas de transmiss\u00e3o de energia el\u00e9trica no Bairro Ibituruna, em Montes Claros, tem provocado discuss\u00f5es entre ambientalistas e representantes da prefeitura. Segundo an\u00fancio da prefeitura no in\u00edcio de maio deste ano, a obra prev\u00ea que o \u201cmunic\u00edpio utilize uma \u00e1rea de cerca de 400 mil metros quadrados para a constru\u00e7\u00e3o [&hellip;]\" \/>\n<meta property=\"og:url\" content=\"https:\/\/aconteceunovale.com.br\/portal\/?p=88188\" \/>\n<meta property=\"og:site_name\" content=\"Aconteceu no Vale\" \/>\n<meta property=\"article:publisher\" content=\"https:\/\/www.facebook.com\/aconteceunovale\/\" \/>\n<meta property=\"article:published_time\" content=\"2016-06-01T00:09:31+00:00\" \/>\n<meta property=\"article:modified_time\" content=\"2016-06-01T00:14:58+00:00\" \/>\n<meta property=\"og:image\" content=\"https:\/\/aconteceunovale.com.br\/portal\/wp-content\/uploads\/2016\/05\/corte_arvores_moc_7.jpg\" \/>\n\t<meta property=\"og:image:width\" content=\"600\" \/>\n\t<meta property=\"og:image:height\" content=\"450\" \/>\n\t<meta property=\"og:image:type\" content=\"image\/jpeg\" \/>\n<meta name=\"author\" content=\"Aconteceu no Vale\" \/>\n<meta name=\"twitter:card\" content=\"summary_large_image\" \/>\n<meta name=\"twitter:creator\" content=\"@noticiadosvales\" \/>\n<meta name=\"twitter:site\" content=\"@noticiadosvales\" \/>\n<meta name=\"twitter:label1\" content=\"Escrito por\" \/>\n\t<meta name=\"twitter:data1\" content=\"Aconteceu no Vale\" \/>\n\t<meta name=\"twitter:label2\" content=\"Est. tempo de leitura\" \/>\n\t<meta name=\"twitter:data2\" content=\"3 minutos\" \/>\n<script type=\"application\/ld+json\" class=\"yoast-schema-graph\">{\"@context\":\"https:\\\/\\\/schema.org\",\"@graph\":[{\"@type\":\"Article\",\"@id\":\"https:\\\/\\\/aconteceunovale.com.br\\\/portal\\\/?p=88188#article\",\"isPartOf\":{\"@id\":\"https:\\\/\\\/aconteceunovale.com.br\\\/portal\\\/?p=88188\"},\"author\":{\"name\":\"Aconteceu no Vale\",\"@id\":\"https:\\\/\\\/aconteceunovale.com.br\\\/portal\\\/#\\\/schema\\\/person\\\/633529146f2c94272bef50ac2953d589\"},\"headline\":\"Corte de \u00e1rvores revolta ambientalistas em Montes Claros\",\"datePublished\":\"2016-06-01T00:09:31+00:00\",\"dateModified\":\"2016-06-01T00:14:58+00:00\",\"mainEntityOfPage\":{\"@id\":\"https:\\\/\\\/aconteceunovale.com.br\\\/portal\\\/?p=88188\"},\"wordCount\":551,\"commentCount\":0,\"image\":{\"@id\":\"https:\\\/\\\/aconteceunovale.com.br\\\/portal\\\/?p=88188#primaryimage\"},\"thumbnailUrl\":\"https:\\\/\\\/aconteceunovale.com.br\\\/portal\\\/wp-content\\\/uploads\\\/2016\\\/05\\\/corte_arvores_moc_7.jpg\",\"keywords\":[\"ambientalista Eduardo Gomes\",\"Arboriza Moc\",\"Bruna Berto Gomes\",\"Corte de \u00e1rvores em Montes Claros\",\"Corte de \u00e1rvores revolta ambientalistas em Montes Claros\",\"destaque\",\"Montes Claros\",\"obra de retirada das linhas de transmiss\u00e3o de energia el\u00e9trica no Bairro Ibituruna\"],\"articleSection\":[\"Norte de Minas\"],\"inLanguage\":\"pt-BR\",\"potentialAction\":[{\"@type\":\"CommentAction\",\"name\":\"Comment\",\"target\":[\"https:\\\/\\\/aconteceunovale.com.br\\\/portal\\\/?p=88188#respond\"]}]},{\"@type\":\"WebPage\",\"@id\":\"https:\\\/\\\/aconteceunovale.com.br\\\/portal\\\/?p=88188\",\"url\":\"https:\\\/\\\/aconteceunovale.com.br\\\/portal\\\/?p=88188\",\"name\":\"Corte de \u00e1rvores revolta ambientalistas em Montes Claros - Aconteceu no Vale\",\"isPartOf\":{\"@id\":\"https:\\\/\\\/aconteceunovale.com.br\\\/portal\\\/#website\"},\"primaryImageOfPage\":{\"@id\":\"https:\\\/\\\/aconteceunovale.com.br\\\/portal\\\/?p=88188#primaryimage\"},\"image\":{\"@id\":\"https:\\\/\\\/aconteceunovale.com.br\\\/portal\\\/?p=88188#primaryimage\"},\"thumbnailUrl\":\"https:\\\/\\\/aconteceunovale.com.br\\\/portal\\\/wp-content\\\/uploads\\\/2016\\\/05\\\/corte_arvores_moc_7.jpg\",\"datePublished\":\"2016-06-01T00:09:31+00:00\",\"dateModified\":\"2016-06-01T00:14:58+00:00\",\"author\":{\"@id\":\"https:\\\/\\\/aconteceunovale.com.br\\\/portal\\\/#\\\/schema\\\/person\\\/633529146f2c94272bef50ac2953d589\"},\"breadcrumb\":{\"@id\":\"https:\\\/\\\/aconteceunovale.com.br\\\/portal\\\/?p=88188#breadcrumb\"},\"inLanguage\":\"pt-BR\",\"potentialAction\":[{\"@type\":\"ReadAction\",\"target\":[\"https:\\\/\\\/aconteceunovale.com.br\\\/portal\\\/?p=88188\"]}]},{\"@type\":\"ImageObject\",\"inLanguage\":\"pt-BR\",\"@id\":\"https:\\\/\\\/aconteceunovale.com.br\\\/portal\\\/?p=88188#primaryimage\",\"url\":\"https:\\\/\\\/aconteceunovale.com.br\\\/portal\\\/wp-content\\\/uploads\\\/2016\\\/05\\\/corte_arvores_moc_7.jpg\",\"contentUrl\":\"https:\\\/\\\/aconteceunovale.com.br\\\/portal\\\/wp-content\\\/uploads\\\/2016\\\/05\\\/corte_arvores_moc_7.jpg\",\"width\":600,\"height\":450},{\"@type\":\"BreadcrumbList\",\"@id\":\"https:\\\/\\\/aconteceunovale.com.br\\\/portal\\\/?p=88188#breadcrumb\",\"itemListElement\":[{\"@type\":\"ListItem\",\"position\":1,\"name\":\"In\u00edcio\",\"item\":\"https:\\\/\\\/aconteceunovale.com.br\\\/portal\\\/\"},{\"@type\":\"ListItem\",\"position\":2,\"name\":\"Corte de \u00e1rvores revolta ambientalistas em Montes Claros\"}]},{\"@type\":\"WebSite\",\"@id\":\"https:\\\/\\\/aconteceunovale.com.br\\\/portal\\\/#website\",\"url\":\"https:\\\/\\\/aconteceunovale.com.br\\\/portal\\\/\",\"name\":\"Aconteceu no Vale\",\"description\":\"Portal de Not\u00edcias\",\"potentialAction\":[{\"@type\":\"SearchAction\",\"target\":{\"@type\":\"EntryPoint\",\"urlTemplate\":\"https:\\\/\\\/aconteceunovale.com.br\\\/portal\\\/?s={search_term_string}\"},\"query-input\":{\"@type\":\"PropertyValueSpecification\",\"valueRequired\":true,\"valueName\":\"search_term_string\"}}],\"inLanguage\":\"pt-BR\"},{\"@type\":\"Person\",\"@id\":\"https:\\\/\\\/aconteceunovale.com.br\\\/portal\\\/#\\\/schema\\\/person\\\/633529146f2c94272bef50ac2953d589\",\"name\":\"Aconteceu no Vale\",\"description\":\"Equipe de reportagem do Aconteceu no Vale, portal de not\u00edcias do Vale do Jequitinhonha, em Minas Gerais. Cobrimos as 51 cidades do Vale desde 2013. Sugest\u00f5es de pauta e pedidos de corre\u00e7\u00e3o: contato@aconteceunovale.com.br\",\"sameAs\":[\"http:\\\/\\\/www.aconteceunovale.com.br\"],\"url\":\"https:\\\/\\\/aconteceunovale.com.br\\\/portal\\\/?author=1\"}]}<\/script>\n<!-- \/ Yoast SEO plugin. -->","yoast_head_json":{"title":"Corte de \u00e1rvores revolta ambientalistas em Montes Claros - Aconteceu no Vale","robots":{"index":"index","follow":"follow","max-snippet":"max-snippet:-1","max-image-preview":"max-image-preview:large","max-video-preview":"max-video-preview:-1"},"canonical":"https:\/\/aconteceunovale.com.br\/portal\/?p=88188","og_locale":"pt_BR","og_type":"article","og_title":"Corte de \u00e1rvores revolta ambientalistas em Montes Claros - Aconteceu no Vale","og_description":"A obra de retirada das linhas de transmiss\u00e3o de energia el\u00e9trica no Bairro Ibituruna, em Montes Claros, tem provocado discuss\u00f5es entre ambientalistas e representantes da prefeitura. Segundo an\u00fancio da prefeitura no in\u00edcio de maio deste ano, a obra prev\u00ea que o \u201cmunic\u00edpio utilize uma \u00e1rea de cerca de 400 mil metros quadrados para a constru\u00e7\u00e3o [&hellip;]","og_url":"https:\/\/aconteceunovale.com.br\/portal\/?p=88188","og_site_name":"Aconteceu no Vale","article_publisher":"https:\/\/www.facebook.com\/aconteceunovale\/","article_published_time":"2016-06-01T00:09:31+00:00","article_modified_time":"2016-06-01T00:14:58+00:00","og_image":[{"width":600,"height":450,"url":"https:\/\/aconteceunovale.com.br\/portal\/wp-content\/uploads\/2016\/05\/corte_arvores_moc_7.jpg","type":"image\/jpeg"}],"author":"Aconteceu no Vale","twitter_card":"summary_large_image","twitter_creator":"@noticiadosvales","twitter_site":"@noticiadosvales","twitter_misc":{"Escrito por":"Aconteceu no Vale","Est. tempo de leitura":"3 minutos"},"schema":{"@context":"https:\/\/schema.org","@graph":[{"@type":"Article","@id":"https:\/\/aconteceunovale.com.br\/portal\/?p=88188#article","isPartOf":{"@id":"https:\/\/aconteceunovale.com.br\/portal\/?p=88188"},"author":{"name":"Aconteceu no Vale","@id":"https:\/\/aconteceunovale.com.br\/portal\/#\/schema\/person\/633529146f2c94272bef50ac2953d589"},"headline":"Corte de \u00e1rvores revolta ambientalistas em Montes Claros","datePublished":"2016-06-01T00:09:31+00:00","dateModified":"2016-06-01T00:14:58+00:00","mainEntityOfPage":{"@id":"https:\/\/aconteceunovale.com.br\/portal\/?p=88188"},"wordCount":551,"commentCount":0,"image":{"@id":"https:\/\/aconteceunovale.com.br\/portal\/?p=88188#primaryimage"},"thumbnailUrl":"https:\/\/aconteceunovale.com.br\/portal\/wp-content\/uploads\/2016\/05\/corte_arvores_moc_7.jpg","keywords":["ambientalista Eduardo Gomes","Arboriza Moc","Bruna Berto Gomes","Corte de \u00e1rvores em Montes Claros","Corte de \u00e1rvores revolta ambientalistas em Montes Claros","destaque","Montes Claros","obra de retirada das linhas de transmiss\u00e3o de energia el\u00e9trica no Bairro Ibituruna"],"articleSection":["Norte de Minas"],"inLanguage":"pt-BR","potentialAction":[{"@type":"CommentAction","name":"Comment","target":["https:\/\/aconteceunovale.com.br\/portal\/?p=88188#respond"]}]},{"@type":"WebPage","@id":"https:\/\/aconteceunovale.com.br\/portal\/?p=88188","url":"https:\/\/aconteceunovale.com.br\/portal\/?p=88188","name":"Corte de \u00e1rvores revolta ambientalistas em Montes Claros - Aconteceu no Vale","isPartOf":{"@id":"https:\/\/aconteceunovale.com.br\/portal\/#website"},"primaryImageOfPage":{"@id":"https:\/\/aconteceunovale.com.br\/portal\/?p=88188#primaryimage"},"image":{"@id":"https:\/\/aconteceunovale.com.br\/portal\/?p=88188#primaryimage"},"thumbnailUrl":"https:\/\/aconteceunovale.com.br\/portal\/wp-content\/uploads\/2016\/05\/corte_arvores_moc_7.jpg","datePublished":"2016-06-01T00:09:31+00:00","dateModified":"2016-06-01T00:14:58+00:00","author":{"@id":"https:\/\/aconteceunovale.com.br\/portal\/#\/schema\/person\/633529146f2c94272bef50ac2953d589"},"breadcrumb":{"@id":"https:\/\/aconteceunovale.com.br\/portal\/?p=88188#breadcrumb"},"inLanguage":"pt-BR","potentialAction":[{"@type":"ReadAction","target":["https:\/\/aconteceunovale.com.br\/portal\/?p=88188"]}]},{"@type":"ImageObject","inLanguage":"pt-BR","@id":"https:\/\/aconteceunovale.com.br\/portal\/?p=88188#primaryimage","url":"https:\/\/aconteceunovale.com.br\/portal\/wp-content\/uploads\/2016\/05\/corte_arvores_moc_7.jpg","contentUrl":"https:\/\/aconteceunovale.com.br\/portal\/wp-content\/uploads\/2016\/05\/corte_arvores_moc_7.jpg","width":600,"height":450},{"@type":"BreadcrumbList","@id":"https:\/\/aconteceunovale.com.br\/portal\/?p=88188#breadcrumb","itemListElement":[{"@type":"ListItem","position":1,"name":"In\u00edcio","item":"https:\/\/aconteceunovale.com.br\/portal\/"},{"@type":"ListItem","position":2,"name":"Corte de \u00e1rvores revolta ambientalistas em Montes Claros"}]},{"@type":"WebSite","@id":"https:\/\/aconteceunovale.com.br\/portal\/#website","url":"https:\/\/aconteceunovale.com.br\/portal\/","name":"Aconteceu no Vale","description":"Portal de Not\u00edcias","potentialAction":[{"@type":"SearchAction","target":{"@type":"EntryPoint","urlTemplate":"https:\/\/aconteceunovale.com.br\/portal\/?s={search_term_string}"},"query-input":{"@type":"PropertyValueSpecification","valueRequired":true,"valueName":"search_term_string"}}],"inLanguage":"pt-BR"},{"@type":"Person","@id":"https:\/\/aconteceunovale.com.br\/portal\/#\/schema\/person\/633529146f2c94272bef50ac2953d589","name":"Aconteceu no Vale","description":"Equipe de reportagem do Aconteceu no Vale, portal de not\u00edcias do Vale do Jequitinhonha, em Minas Gerais. Cobrimos as 51 cidades do Vale desde 2013. Sugest\u00f5es de pauta e pedidos de corre\u00e7\u00e3o: contato@aconteceunovale.com.br","sameAs":["http:\/\/www.aconteceunovale.com.br"],"url":"https:\/\/aconteceunovale.com.br\/portal\/?author=1"}]}},"_links":{"self":[{"href":"https:\/\/aconteceunovale.com.br\/portal\/index.php?rest_route=\/wp\/v2\/posts\/88188","targetHints":{"allow":["GET"]}}],"collection":[{"href":"https:\/\/aconteceunovale.com.br\/portal\/index.php?rest_route=\/wp\/v2\/posts"}],"about":[{"href":"https:\/\/aconteceunovale.com.br\/portal\/index.php?rest_route=\/wp\/v2\/types\/post"}],"author":[{"embeddable":true,"href":"https:\/\/aconteceunovale.com.br\/portal\/index.php?rest_route=\/wp\/v2\/users\/1"}],"replies":[{"embeddable":true,"href":"https:\/\/aconteceunovale.com.br\/portal\/index.php?rest_route=%2Fwp%2Fv2%2Fcomments&post=88188"}],"version-history":[{"count":0,"href":"https:\/\/aconteceunovale.com.br\/portal\/index.php?rest_route=\/wp\/v2\/posts\/88188\/revisions"}],"wp:featuredmedia":[{"embeddable":true,"href":"https:\/\/aconteceunovale.com.br\/portal\/index.php?rest_route=\/wp\/v2\/media\/88198"}],"wp:attachment":[{"href":"https:\/\/aconteceunovale.com.br\/portal\/index.php?rest_route=%2Fwp%2Fv2%2Fmedia&parent=88188"}],"wp:term":[{"taxonomy":"category","embeddable":true,"href":"https:\/\/aconteceunovale.com.br\/portal\/index.php?rest_route=%2Fwp%2Fv2%2Fcategories&post=88188"},{"taxonomy":"post_tag","embeddable":true,"href":"https:\/\/aconteceunovale.com.br\/portal\/index.php?rest_route=%2Fwp%2Fv2%2Ftags&post=88188"}],"curies":[{"name":"wp","href":"https:\/\/api.w.org\/{rel}","templated":true}]}}