{"id":88185,"date":"2016-05-31T20:57:47","date_gmt":"2016-05-31T23:57:47","guid":{"rendered":"http:\/\/aconteceunovale.com.br\/portal\/?p=88185"},"modified":"2016-05-31T20:57:47","modified_gmt":"2016-05-31T23:57:47","slug":"moradores-de-mato-verde-protestam-por-falta-dagua","status":"publish","type":"post","link":"https:\/\/aconteceunovale.com.br\/portal\/?p=88185","title":{"rendered":"Moradores de Mato Verde protestam por falta d&#8217;\u00e1gua"},"content":{"rendered":"<p>Moradores de Mato Verde, na regi\u00e3o Norte de Minas, voltaram a protestar na tarde desta ter\u00e7a-feira (31\/5) por causa da falta de \u00e1gua na cidade. A popula\u00e7\u00e3o reclama que em alguns pontos o fornecimento est\u00e1 prejudicado h\u00e1 cerca de 15 dias.<\/p>\n<p>Segundo a Pol\u00edcia Militar (PM), cerca de 400 pessoas participaram do ato em frente \u00e0 sede da Copasa no munic\u00edpio. Tamb\u00e9m nesta ter\u00e7a-feira, representantes da empresa estatal, da prefeitura e da popula\u00e7\u00e3o participaram de uma reuni\u00e3o no quartel da PM para estabelecer medidas a serem tomadas para amenizar o problema.<\/p>\n<p>Durante a reuni\u00e3o, o prefeito afirmou ter procurado a Copasa e a Superintend\u00eancia Regional de Meio Ambiente (Supram) para a perfura\u00e7\u00e3o de po\u00e7os artesianos na cidade, sendo que quatro deles ser\u00e3o perfurados imediatamente.<\/p>\n<p>Na segunda-feira (30\/5) os moradores j\u00e1 haviam feito protesto em frente \u00e0 companhia.  Na ocasi\u00e3o, a assessoria de comunica\u00e7\u00e3o da Copasa alegou que a seca dos \u00faltimos anos afetou os mananciais que abastecem a cidade de Mato Verde.<\/p>\n<p>A companhia diz que est\u00e1 estudando e colocando em pr\u00e1tica diversas medidas \u201cpara garantir o abastecimento da popula\u00e7\u00e3o, como o uso de caminh\u00f5es-pipa, execu\u00e7\u00e3o de manobras nas redes de distribui\u00e7\u00e3o de \u00e1gua e campanhas de conscientiza\u00e7\u00e3o\u201d.<\/p>\n<p><strong>At\u00e9 15 dias sem \u00e1gua<\/strong><\/p>\n<p>\u201cNo Bairro S\u00e3o Jo\u00e3o tem uma parte mais alta, que \u00e9 conhecida como Campo, que est\u00e3o sem \u00e1gua nas torneiras h\u00e1 15 dias. No meu bairro, que \u00e9 o S\u00e3o Bento, est\u00e1 faltando \u00e1gua h\u00e1 oito dias. Em minha casa conseguimos pegar \u00e1gua na casa de uma tia que, atualmente, n\u00e3o mora ningu\u00e9m, mas tem gente na cidade que est\u00e1 sofrendo com a falta d\u2019\u00e1gua\u201d, lamentou a assistente social Amanda de Freitas Gomes.<\/p>\n<p>A assistente social diz que a situa\u00e7\u00e3o se repete com frequ\u00eancia na cidade, mas este ano se antecipou em rela\u00e7\u00e3o aos anos anteriores. \u201cEste problema se tornou frequente na cidade h\u00e1 tr\u00eas anos. Geralmente, isso ocorre em setembro e agora, em maio, j\u00e1 est\u00e1 com este racionamento. Agora est\u00e1 pior porque a Copasa n\u00e3o d\u00e1 previs\u00e3o de quando ir\u00e1 resolver\u201d.<\/p>\n<p><img decoding=\"async\" src=\"http:\/\/aconteceunovale.com.br\/portal\/wp-content\/uploads\/2016\/05\/protesto_copasa_mato_verde_1.jpg\" alt=\"\" \/><em>Protesto foi realizado em frente \u00e0 Copasa (Foto: Amanda Gomes\/Arquivo Pessoal)<\/em><br \/>\n<\/br><\/p>\n<p><em>(Fonte: G1 Grande Minas)<\/em><\/p>\n","protected":false},"excerpt":{"rendered":"<p>Moradores de Mato Verde, na regi\u00e3o Norte de Minas, voltaram a protestar na tarde desta ter\u00e7a-feira (31\/5) por causa da falta de \u00e1gua na cidade. A popula\u00e7\u00e3o reclama que em alguns pontos o fornecimento est\u00e1 prejudicado h\u00e1 cerca de 15 dias. Segundo a Pol\u00edcia Militar (PM), cerca de 400 pessoas participaram do ato em frente [&hellip;]<\/p>\n","protected":false},"author":1,"featured_media":88186,"comment_status":"open","ping_status":"closed","sticky":false,"template":"","format":"standard","meta":{"amp_status":"","footnotes":""},"categories":[1236],"tags":[97056,97055,97052,97053,97051,97054],"class_list":["post-88185","post","type-post","status-publish","format-standard","has-post-thumbnail","hentry","category-norte_de_minas","tag-copasa-mato-verde","tag-desabastecimento-de-agua-em-mato-verde","tag-falta-dagua-em-mato-verde","tag-manifestacao-falta-dagua-em-mato-verde","tag-moradores-de-mato-verde-protestam-por-falta-dagua","tag-protesto-falta-dagua-em-mato-verde"],"yoast_head":"<!-- This site is optimized with the Yoast SEO plugin v28.3 - https:\/\/yoast.com\/product\/yoast-seo-wordpress\/ -->\n<title>Moradores de Mato Verde protestam por falta d&#039;\u00e1gua - Aconteceu no Vale<\/title>\n<meta name=\"robots\" content=\"index, follow, max-snippet:-1, max-image-preview:large, max-video-preview:-1\" \/>\n<link rel=\"canonical\" href=\"https:\/\/aconteceunovale.com.br\/portal\/?p=88185\" \/>\n<meta property=\"og:locale\" content=\"pt_BR\" \/>\n<meta property=\"og:type\" content=\"article\" \/>\n<meta property=\"og:title\" content=\"Moradores de Mato Verde protestam por falta d&#039;\u00e1gua - Aconteceu no Vale\" \/>\n<meta property=\"og:description\" content=\"Moradores de Mato Verde, na regi\u00e3o Norte de Minas, voltaram a protestar na tarde desta ter\u00e7a-feira (31\/5) por causa da falta de \u00e1gua na cidade. A popula\u00e7\u00e3o reclama que em alguns pontos o fornecimento est\u00e1 prejudicado h\u00e1 cerca de 15 dias. Segundo a Pol\u00edcia Militar (PM), cerca de 400 pessoas participaram do ato em frente [&hellip;]\" \/>\n<meta property=\"og:url\" content=\"https:\/\/aconteceunovale.com.br\/portal\/?p=88185\" \/>\n<meta property=\"og:site_name\" content=\"Aconteceu no Vale\" \/>\n<meta property=\"article:publisher\" content=\"https:\/\/www.facebook.com\/aconteceunovale\/\" \/>\n<meta property=\"article:published_time\" content=\"2016-05-31T23:57:47+00:00\" \/>\n<meta property=\"og:image\" content=\"https:\/\/aconteceunovale.com.br\/portal\/wp-content\/uploads\/2016\/05\/protesto_copasa_mato_verde_1.jpg\" \/>\n\t<meta property=\"og:image:width\" content=\"600\" \/>\n\t<meta property=\"og:image:height\" content=\"450\" \/>\n\t<meta property=\"og:image:type\" content=\"image\/jpeg\" \/>\n<meta name=\"author\" content=\"Aconteceu no Vale\" \/>\n<meta name=\"twitter:card\" content=\"summary_large_image\" \/>\n<meta name=\"twitter:creator\" content=\"@noticiadosvales\" \/>\n<meta name=\"twitter:site\" content=\"@noticiadosvales\" \/>\n<meta name=\"twitter:label1\" content=\"Escrito por\" \/>\n\t<meta name=\"twitter:data1\" content=\"Aconteceu no Vale\" \/>\n\t<meta name=\"twitter:label2\" content=\"Est. tempo de leitura\" \/>\n\t<meta name=\"twitter:data2\" content=\"2 minutos\" \/>\n<script type=\"application\/ld+json\" class=\"yoast-schema-graph\">{\"@context\":\"https:\\\/\\\/schema.org\",\"@graph\":[{\"@type\":\"Article\",\"@id\":\"https:\\\/\\\/aconteceunovale.com.br\\\/portal\\\/?p=88185#article\",\"isPartOf\":{\"@id\":\"https:\\\/\\\/aconteceunovale.com.br\\\/portal\\\/?p=88185\"},\"author\":{\"name\":\"Aconteceu no Vale\",\"@id\":\"https:\\\/\\\/aconteceunovale.com.br\\\/portal\\\/#\\\/schema\\\/person\\\/633529146f2c94272bef50ac2953d589\"},\"headline\":\"Moradores de Mato Verde protestam por falta d&#8217;\u00e1gua\",\"datePublished\":\"2016-05-31T23:57:47+00:00\",\"mainEntityOfPage\":{\"@id\":\"https:\\\/\\\/aconteceunovale.com.br\\\/portal\\\/?p=88185\"},\"wordCount\":385,\"commentCount\":0,\"image\":{\"@id\":\"https:\\\/\\\/aconteceunovale.com.br\\\/portal\\\/?p=88185#primaryimage\"},\"thumbnailUrl\":\"https:\\\/\\\/aconteceunovale.com.br\\\/portal\\\/wp-content\\\/uploads\\\/2016\\\/05\\\/protesto_copasa_mato_verde_1.jpg\",\"keywords\":[\"copasa mato verde\",\"desabastecimento de \u00e1gua em mato verde\",\"falta d'\u00e1gua em Mato Verde\",\"Manifesta\u00e7\u00e3o falta d'\u00e1gua em mato verde\",\"Moradores de Mato Verde protestam por falta d'\u00e1gua\",\"protesto falta d'\u00e1gua em mato verde\"],\"articleSection\":[\"Norte de Minas\"],\"inLanguage\":\"pt-BR\",\"potentialAction\":[{\"@type\":\"CommentAction\",\"name\":\"Comment\",\"target\":[\"https:\\\/\\\/aconteceunovale.com.br\\\/portal\\\/?p=88185#respond\"]}]},{\"@type\":\"WebPage\",\"@id\":\"https:\\\/\\\/aconteceunovale.com.br\\\/portal\\\/?p=88185\",\"url\":\"https:\\\/\\\/aconteceunovale.com.br\\\/portal\\\/?p=88185\",\"name\":\"Moradores de Mato Verde protestam por falta d'\u00e1gua - Aconteceu no Vale\",\"isPartOf\":{\"@id\":\"https:\\\/\\\/aconteceunovale.com.br\\\/portal\\\/#website\"},\"primaryImageOfPage\":{\"@id\":\"https:\\\/\\\/aconteceunovale.com.br\\\/portal\\\/?p=88185#primaryimage\"},\"image\":{\"@id\":\"https:\\\/\\\/aconteceunovale.com.br\\\/portal\\\/?p=88185#primaryimage\"},\"thumbnailUrl\":\"https:\\\/\\\/aconteceunovale.com.br\\\/portal\\\/wp-content\\\/uploads\\\/2016\\\/05\\\/protesto_copasa_mato_verde_1.jpg\",\"datePublished\":\"2016-05-31T23:57:47+00:00\",\"author\":{\"@id\":\"https:\\\/\\\/aconteceunovale.com.br\\\/portal\\\/#\\\/schema\\\/person\\\/633529146f2c94272bef50ac2953d589\"},\"breadcrumb\":{\"@id\":\"https:\\\/\\\/aconteceunovale.com.br\\\/portal\\\/?p=88185#breadcrumb\"},\"inLanguage\":\"pt-BR\",\"potentialAction\":[{\"@type\":\"ReadAction\",\"target\":[\"https:\\\/\\\/aconteceunovale.com.br\\\/portal\\\/?p=88185\"]}]},{\"@type\":\"ImageObject\",\"inLanguage\":\"pt-BR\",\"@id\":\"https:\\\/\\\/aconteceunovale.com.br\\\/portal\\\/?p=88185#primaryimage\",\"url\":\"https:\\\/\\\/aconteceunovale.com.br\\\/portal\\\/wp-content\\\/uploads\\\/2016\\\/05\\\/protesto_copasa_mato_verde_1.jpg\",\"contentUrl\":\"https:\\\/\\\/aconteceunovale.com.br\\\/portal\\\/wp-content\\\/uploads\\\/2016\\\/05\\\/protesto_copasa_mato_verde_1.jpg\",\"width\":600,\"height\":450},{\"@type\":\"BreadcrumbList\",\"@id\":\"https:\\\/\\\/aconteceunovale.com.br\\\/portal\\\/?p=88185#breadcrumb\",\"itemListElement\":[{\"@type\":\"ListItem\",\"position\":1,\"name\":\"In\u00edcio\",\"item\":\"https:\\\/\\\/aconteceunovale.com.br\\\/portal\\\/\"},{\"@type\":\"ListItem\",\"position\":2,\"name\":\"Moradores de Mato Verde protestam por falta d&#8217;\u00e1gua\"}]},{\"@type\":\"WebSite\",\"@id\":\"https:\\\/\\\/aconteceunovale.com.br\\\/portal\\\/#website\",\"url\":\"https:\\\/\\\/aconteceunovale.com.br\\\/portal\\\/\",\"name\":\"Aconteceu no Vale\",\"description\":\"Portal de Not\u00edcias\",\"potentialAction\":[{\"@type\":\"SearchAction\",\"target\":{\"@type\":\"EntryPoint\",\"urlTemplate\":\"https:\\\/\\\/aconteceunovale.com.br\\\/portal\\\/?s={search_term_string}\"},\"query-input\":{\"@type\":\"PropertyValueSpecification\",\"valueRequired\":true,\"valueName\":\"search_term_string\"}}],\"inLanguage\":\"pt-BR\"},{\"@type\":\"Person\",\"@id\":\"https:\\\/\\\/aconteceunovale.com.br\\\/portal\\\/#\\\/schema\\\/person\\\/633529146f2c94272bef50ac2953d589\",\"name\":\"Aconteceu no Vale\",\"description\":\"Equipe de reportagem do Aconteceu no Vale, portal de not\u00edcias do Vale do Jequitinhonha, em Minas Gerais. Cobrimos as 51 cidades do Vale desde 2013. Sugest\u00f5es de pauta e pedidos de corre\u00e7\u00e3o: contato@aconteceunovale.com.br\",\"sameAs\":[\"http:\\\/\\\/www.aconteceunovale.com.br\"],\"url\":\"https:\\\/\\\/aconteceunovale.com.br\\\/portal\\\/?author=1\"}]}<\/script>\n<!-- \/ Yoast SEO plugin. -->","yoast_head_json":{"title":"Moradores de Mato Verde protestam por falta d'\u00e1gua - Aconteceu no Vale","robots":{"index":"index","follow":"follow","max-snippet":"max-snippet:-1","max-image-preview":"max-image-preview:large","max-video-preview":"max-video-preview:-1"},"canonical":"https:\/\/aconteceunovale.com.br\/portal\/?p=88185","og_locale":"pt_BR","og_type":"article","og_title":"Moradores de Mato Verde protestam por falta d'\u00e1gua - Aconteceu no Vale","og_description":"Moradores de Mato Verde, na regi\u00e3o Norte de Minas, voltaram a protestar na tarde desta ter\u00e7a-feira (31\/5) por causa da falta de \u00e1gua na cidade. A popula\u00e7\u00e3o reclama que em alguns pontos o fornecimento est\u00e1 prejudicado h\u00e1 cerca de 15 dias. Segundo a Pol\u00edcia Militar (PM), cerca de 400 pessoas participaram do ato em frente [&hellip;]","og_url":"https:\/\/aconteceunovale.com.br\/portal\/?p=88185","og_site_name":"Aconteceu no Vale","article_publisher":"https:\/\/www.facebook.com\/aconteceunovale\/","article_published_time":"2016-05-31T23:57:47+00:00","og_image":[{"width":600,"height":450,"url":"https:\/\/aconteceunovale.com.br\/portal\/wp-content\/uploads\/2016\/05\/protesto_copasa_mato_verde_1.jpg","type":"image\/jpeg"}],"author":"Aconteceu no Vale","twitter_card":"summary_large_image","twitter_creator":"@noticiadosvales","twitter_site":"@noticiadosvales","twitter_misc":{"Escrito por":"Aconteceu no Vale","Est. tempo de leitura":"2 minutos"},"schema":{"@context":"https:\/\/schema.org","@graph":[{"@type":"Article","@id":"https:\/\/aconteceunovale.com.br\/portal\/?p=88185#article","isPartOf":{"@id":"https:\/\/aconteceunovale.com.br\/portal\/?p=88185"},"author":{"name":"Aconteceu no Vale","@id":"https:\/\/aconteceunovale.com.br\/portal\/#\/schema\/person\/633529146f2c94272bef50ac2953d589"},"headline":"Moradores de Mato Verde protestam por falta d&#8217;\u00e1gua","datePublished":"2016-05-31T23:57:47+00:00","mainEntityOfPage":{"@id":"https:\/\/aconteceunovale.com.br\/portal\/?p=88185"},"wordCount":385,"commentCount":0,"image":{"@id":"https:\/\/aconteceunovale.com.br\/portal\/?p=88185#primaryimage"},"thumbnailUrl":"https:\/\/aconteceunovale.com.br\/portal\/wp-content\/uploads\/2016\/05\/protesto_copasa_mato_verde_1.jpg","keywords":["copasa mato verde","desabastecimento de \u00e1gua em mato verde","falta d'\u00e1gua em Mato Verde","Manifesta\u00e7\u00e3o falta d'\u00e1gua em mato verde","Moradores de Mato Verde protestam por falta d'\u00e1gua","protesto falta d'\u00e1gua em mato verde"],"articleSection":["Norte de Minas"],"inLanguage":"pt-BR","potentialAction":[{"@type":"CommentAction","name":"Comment","target":["https:\/\/aconteceunovale.com.br\/portal\/?p=88185#respond"]}]},{"@type":"WebPage","@id":"https:\/\/aconteceunovale.com.br\/portal\/?p=88185","url":"https:\/\/aconteceunovale.com.br\/portal\/?p=88185","name":"Moradores de Mato Verde protestam por falta d'\u00e1gua - Aconteceu no Vale","isPartOf":{"@id":"https:\/\/aconteceunovale.com.br\/portal\/#website"},"primaryImageOfPage":{"@id":"https:\/\/aconteceunovale.com.br\/portal\/?p=88185#primaryimage"},"image":{"@id":"https:\/\/aconteceunovale.com.br\/portal\/?p=88185#primaryimage"},"thumbnailUrl":"https:\/\/aconteceunovale.com.br\/portal\/wp-content\/uploads\/2016\/05\/protesto_copasa_mato_verde_1.jpg","datePublished":"2016-05-31T23:57:47+00:00","author":{"@id":"https:\/\/aconteceunovale.com.br\/portal\/#\/schema\/person\/633529146f2c94272bef50ac2953d589"},"breadcrumb":{"@id":"https:\/\/aconteceunovale.com.br\/portal\/?p=88185#breadcrumb"},"inLanguage":"pt-BR","potentialAction":[{"@type":"ReadAction","target":["https:\/\/aconteceunovale.com.br\/portal\/?p=88185"]}]},{"@type":"ImageObject","inLanguage":"pt-BR","@id":"https:\/\/aconteceunovale.com.br\/portal\/?p=88185#primaryimage","url":"https:\/\/aconteceunovale.com.br\/portal\/wp-content\/uploads\/2016\/05\/protesto_copasa_mato_verde_1.jpg","contentUrl":"https:\/\/aconteceunovale.com.br\/portal\/wp-content\/uploads\/2016\/05\/protesto_copasa_mato_verde_1.jpg","width":600,"height":450},{"@type":"BreadcrumbList","@id":"https:\/\/aconteceunovale.com.br\/portal\/?p=88185#breadcrumb","itemListElement":[{"@type":"ListItem","position":1,"name":"In\u00edcio","item":"https:\/\/aconteceunovale.com.br\/portal\/"},{"@type":"ListItem","position":2,"name":"Moradores de Mato Verde protestam por falta d&#8217;\u00e1gua"}]},{"@type":"WebSite","@id":"https:\/\/aconteceunovale.com.br\/portal\/#website","url":"https:\/\/aconteceunovale.com.br\/portal\/","name":"Aconteceu no Vale","description":"Portal de Not\u00edcias","potentialAction":[{"@type":"SearchAction","target":{"@type":"EntryPoint","urlTemplate":"https:\/\/aconteceunovale.com.br\/portal\/?s={search_term_string}"},"query-input":{"@type":"PropertyValueSpecification","valueRequired":true,"valueName":"search_term_string"}}],"inLanguage":"pt-BR"},{"@type":"Person","@id":"https:\/\/aconteceunovale.com.br\/portal\/#\/schema\/person\/633529146f2c94272bef50ac2953d589","name":"Aconteceu no Vale","description":"Equipe de reportagem do Aconteceu no Vale, portal de not\u00edcias do Vale do Jequitinhonha, em Minas Gerais. Cobrimos as 51 cidades do Vale desde 2013. Sugest\u00f5es de pauta e pedidos de corre\u00e7\u00e3o: contato@aconteceunovale.com.br","sameAs":["http:\/\/www.aconteceunovale.com.br"],"url":"https:\/\/aconteceunovale.com.br\/portal\/?author=1"}]}},"_links":{"self":[{"href":"https:\/\/aconteceunovale.com.br\/portal\/index.php?rest_route=\/wp\/v2\/posts\/88185","targetHints":{"allow":["GET"]}}],"collection":[{"href":"https:\/\/aconteceunovale.com.br\/portal\/index.php?rest_route=\/wp\/v2\/posts"}],"about":[{"href":"https:\/\/aconteceunovale.com.br\/portal\/index.php?rest_route=\/wp\/v2\/types\/post"}],"author":[{"embeddable":true,"href":"https:\/\/aconteceunovale.com.br\/portal\/index.php?rest_route=\/wp\/v2\/users\/1"}],"replies":[{"embeddable":true,"href":"https:\/\/aconteceunovale.com.br\/portal\/index.php?rest_route=%2Fwp%2Fv2%2Fcomments&post=88185"}],"version-history":[{"count":0,"href":"https:\/\/aconteceunovale.com.br\/portal\/index.php?rest_route=\/wp\/v2\/posts\/88185\/revisions"}],"wp:featuredmedia":[{"embeddable":true,"href":"https:\/\/aconteceunovale.com.br\/portal\/index.php?rest_route=\/wp\/v2\/media\/88186"}],"wp:attachment":[{"href":"https:\/\/aconteceunovale.com.br\/portal\/index.php?rest_route=%2Fwp%2Fv2%2Fmedia&parent=88185"}],"wp:term":[{"taxonomy":"category","embeddable":true,"href":"https:\/\/aconteceunovale.com.br\/portal\/index.php?rest_route=%2Fwp%2Fv2%2Fcategories&post=88185"},{"taxonomy":"post_tag","embeddable":true,"href":"https:\/\/aconteceunovale.com.br\/portal\/index.php?rest_route=%2Fwp%2Fv2%2Ftags&post=88185"}],"curies":[{"name":"wp","href":"https:\/\/api.w.org\/{rel}","templated":true}]}}