{"id":88181,"date":"2016-05-31T20:41:55","date_gmt":"2016-05-31T23:41:55","guid":{"rendered":"http:\/\/aconteceunovale.com.br\/portal\/?p=88181"},"modified":"2016-05-31T20:41:55","modified_gmt":"2016-05-31T23:41:55","slug":"colisao-entre-ambulancia-e-onibus-deixa-idoso-ferido-em-governador-valadares","status":"publish","type":"post","link":"https:\/\/aconteceunovale.com.br\/portal\/?p=88181","title":{"rendered":"Colis\u00e3o entre ambul\u00e2ncia e \u00f4nibus deixa idoso ferido em Governador Valadares"},"content":{"rendered":"<p>Um acidente entre uma ambul\u00e2ncia e um \u00f4nibus deixou um idoso, de 65 anos, ferido na manh\u00e3 desta ter\u00e7a-feira (31\/5), em Governador Valadares. Segundo a Pol\u00edcia Militar (PM), o motorista da ambul\u00e2ncia teria se distra\u00eddo ao volante e acabou atingindo a lateral do ve\u00edculo coletivo. A colis\u00e3o aconteceu na Rua B\u00e1rbara Heliodora, no Centro da cidade.<\/p>\n<p>O ve\u00edculo pertence ao munic\u00edpio de Periquito, na mesma regi\u00e3o. O idoso, que faria hemodi\u00e1lise em Governador Valadares, fraturou a perna e teve luxa\u00e7\u00e3o no ombro. Ele foi socorrido e encaminhado ao hospital. Os motoristas n\u00e3o tiveram ferimentos.<\/p>\n<p><img decoding=\"async\" src=\"http:\/\/aconteceunovale.com.br\/portal\/wp-content\/uploads\/2016\/05\/acidente_gv_31_5.jpg\" alt=\"\" \/><em>Acidente aconteceu no centro de Valadares (Foto: Reprodu\u00e7\u00e3o Rede Alerta)<\/em><br \/>\n<\/br><\/p>\n<p><em>(G1 dos Vales)<\/em><\/p>\n","protected":false},"excerpt":{"rendered":"<p>Um acidente entre uma ambul\u00e2ncia e um \u00f4nibus deixou um idoso, de 65 anos, ferido na manh\u00e3 desta ter\u00e7a-feira (31\/5), em Governador Valadares. Segundo a Pol\u00edcia Militar (PM), o motorista da ambul\u00e2ncia teria se distra\u00eddo ao volante e acabou atingindo a lateral do ve\u00edculo coletivo. A colis\u00e3o aconteceu na Rua B\u00e1rbara Heliodora, no Centro da [&hellip;]<\/p>\n","protected":false},"author":1,"featured_media":88182,"comment_status":"open","ping_status":"closed","sticky":false,"template":"","format":"standard","meta":{"amp_status":"","footnotes":""},"categories":[121],"tags":[97047,97048,12667,97049,97046,247,1670],"class_list":["post-88181","post","type-post","status-publish","format-standard","has-post-thumbnail","hentry","category-leste","tag-acidente-com-ambulancia-de-periquito","tag-acidente-com-idoso-de-periquito","tag-acidente-em-governador-valadares","tag-acidente-entre-ambulancia-e-onibus-em-governador-valadares","tag-colisao-entre-ambulancia-e-onibus-deixa-idoso-ferido-em-governador-valadares","tag-governador-valadares","tag-periquito"],"_links":{"self":[{"href":"https:\/\/aconteceunovale.com.br\/portal\/index.php?rest_route=\/wp\/v2\/posts\/88181","targetHints":{"allow":["GET"]}}],"collection":[{"href":"https:\/\/aconteceunovale.com.br\/portal\/index.php?rest_route=\/wp\/v2\/posts"}],"about":[{"href":"https:\/\/aconteceunovale.com.br\/portal\/index.php?rest_route=\/wp\/v2\/types\/post"}],"author":[{"embeddable":true,"href":"https:\/\/aconteceunovale.com.br\/portal\/index.php?rest_route=\/wp\/v2\/users\/1"}],"replies":[{"embeddable":true,"href":"https:\/\/aconteceunovale.com.br\/portal\/index.php?rest_route=%2Fwp%2Fv2%2Fcomments&post=88181"}],"version-history":[{"count":0,"href":"https:\/\/aconteceunovale.com.br\/portal\/index.php?rest_route=\/wp\/v2\/posts\/88181\/revisions"}],"wp:featuredmedia":[{"embeddable":true,"href":"https:\/\/aconteceunovale.com.br\/portal\/index.php?rest_route=\/wp\/v2\/media\/88182"}],"wp:attachment":[{"href":"https:\/\/aconteceunovale.com.br\/portal\/index.php?rest_route=%2Fwp%2Fv2%2Fmedia&parent=88181"}],"wp:term":[{"taxonomy":"category","embeddable":true,"href":"https:\/\/aconteceunovale.com.br\/portal\/index.php?rest_route=%2Fwp%2Fv2%2Fcategories&post=88181"},{"taxonomy":"post_tag","embeddable":true,"href":"https:\/\/aconteceunovale.com.br\/portal\/index.php?rest_route=%2Fwp%2Fv2%2Ftags&post=88181"}],"curies":[{"name":"wp","href":"https:\/\/api.w.org\/{rel}","templated":true}]}}