{"id":88175,"date":"2016-05-31T20:23:11","date_gmt":"2016-05-31T23:23:11","guid":{"rendered":"http:\/\/aconteceunovale.com.br\/portal\/?p=88175"},"modified":"2016-05-31T20:23:11","modified_gmt":"2016-05-31T23:23:11","slug":"homem-e-assassinado-dentro-da-propria-casa-em-ipanema","status":"publish","type":"post","link":"https:\/\/aconteceunovale.com.br\/portal\/?p=88175","title":{"rendered":"Homem \u00e9 assassinado dentro da pr\u00f3pria casa em Ipanema"},"content":{"rendered":"<p>Um homem de 35 anos foi morto a tiros dentro de casa, na noite dessa segunda-feira (30\/5), no Bairro Vila Vicentina, em Ipanema (MG). De acordo com a Pol\u00edcia Militar (PM), a v\u00edtima Weverson Silvestre Nunes foi atingida por quatro tiros nas regi\u00f5es da barriga, ombro e nuca.<\/p>\n<p>Segundo a pol\u00edcia, o autor E.O.S, de 15 anos, foi at\u00e9 a casa da v\u00edtima, para tirar satisfa\u00e7\u00e3o. O adolescente relatou aos pol\u00edcias que o homem fazia constantes amea\u00e7as \u00e0 sua m\u00e3e. Durante discuss\u00e3o, o rapaz se estressou e efetuou os disparos contra Weverson.<\/p>\n<p>Apesar do relato do adolescente, os militares desconfiam que a motiva\u00e7\u00e3o do crime possa ser outra. Ainda de acordo com os miliares, tanto a v\u00edtima quanto o autor tem passagens por furto, uso de drogas e amea\u00e7as. O menor foi encaminhado para a delegacia da cidade. (G1\/PM)<\/p>\n","protected":false},"excerpt":{"rendered":"<p>Um homem de 35 anos foi morto a tiros dentro de casa, na noite dessa segunda-feira (30\/5), no Bairro Vila Vicentina, em Ipanema (MG). De acordo com a Pol\u00edcia Militar (PM), a v\u00edtima Weverson Silvestre Nunes foi atingida por quatro tiros nas regi\u00f5es da barriga, ombro e nuca. Segundo a pol\u00edcia, o autor E.O.S, de [&hellip;]<\/p>\n","protected":false},"author":1,"featured_media":71442,"comment_status":"open","ping_status":"closed","sticky":false,"template":"","format":"standard","meta":{"amp_status":"","footnotes":""},"categories":[121],"tags":[86945,97039,97040,97035,97036,97037,97038],"class_list":["post-88175","post","type-post","status-publish","format-standard","has-post-thumbnail","hentry","category-leste","tag-assassinato-ipanema","tag-edson-de-oliveira-soles","tag-homem-e-assassinado-dentro-da-propria-casa-em-ipanema","tag-homicidio-em-ipanema","tag-morto-em-ipanema","tag-violencia-ipanema","tag-weverson-silvestre-nunes"],"_links":{"self":[{"href":"https:\/\/aconteceunovale.com.br\/portal\/index.php?rest_route=\/wp\/v2\/posts\/88175","targetHints":{"allow":["GET"]}}],"collection":[{"href":"https:\/\/aconteceunovale.com.br\/portal\/index.php?rest_route=\/wp\/v2\/posts"}],"about":[{"href":"https:\/\/aconteceunovale.com.br\/portal\/index.php?rest_route=\/wp\/v2\/types\/post"}],"author":[{"embeddable":true,"href":"https:\/\/aconteceunovale.com.br\/portal\/index.php?rest_route=\/wp\/v2\/users\/1"}],"replies":[{"embeddable":true,"href":"https:\/\/aconteceunovale.com.br\/portal\/index.php?rest_route=%2Fwp%2Fv2%2Fcomments&post=88175"}],"version-history":[{"count":0,"href":"https:\/\/aconteceunovale.com.br\/portal\/index.php?rest_route=\/wp\/v2\/posts\/88175\/revisions"}],"wp:featuredmedia":[{"embeddable":true,"href":"https:\/\/aconteceunovale.com.br\/portal\/index.php?rest_route=\/wp\/v2\/media\/71442"}],"wp:attachment":[{"href":"https:\/\/aconteceunovale.com.br\/portal\/index.php?rest_route=%2Fwp%2Fv2%2Fmedia&parent=88175"}],"wp:term":[{"taxonomy":"category","embeddable":true,"href":"https:\/\/aconteceunovale.com.br\/portal\/index.php?rest_route=%2Fwp%2Fv2%2Fcategories&post=88175"},{"taxonomy":"post_tag","embeddable":true,"href":"https:\/\/aconteceunovale.com.br\/portal\/index.php?rest_route=%2Fwp%2Fv2%2Ftags&post=88175"}],"curies":[{"name":"wp","href":"https:\/\/api.w.org\/{rel}","templated":true}]}}