{"id":88161,"date":"2016-05-31T18:45:19","date_gmt":"2016-05-31T21:45:19","guid":{"rendered":"http:\/\/aconteceunovale.com.br\/portal\/?p=88161"},"modified":"2026-09-02T13:38:04","modified_gmt":"2026-09-02T16:38:04","slug":"jovem-e-atropelado-e-motorista-foge-sem-prestar-socorro-em-pedra-azul-no-vale-do-jequitinhonha","status":"publish","type":"post","link":"https:\/\/aconteceunovale.com.br\/portal\/?p=88161","title":{"rendered":"Jovem \u00e9 atropelado e motorista foge sem prestar socorro em Pedra Azul, no Vale do Jequitinhonha"},"content":{"rendered":"<p>A Pol\u00edcia de Pedra Azul, no Vale do Jequitinhonha, procura por um jovem que \u00e9 suspeito de um atropelamento registrado na noite de s\u00e1bado, 28 de maio, na Rua \u00c2ngelo de Quadros, no Centro da cidade. A Pol\u00edcia Militar (PM) foi acionada por volta das 22h25 com a informa\u00e7\u00e3o de que dois ve\u00edculos, sendo um de cor prata e outro de cor azul escuro, subiam a Avenida Cassiano Mendes em alta velocidade, tendo o ve\u00edculo prata batido contra um meio fio pr\u00f3ximo a uma borracharia. Outro denunciante informou atrav\u00e9s do n\u00famero 190 que uma pessoa havia sido atropelada.<\/p>\n<p>No local, os militares depararam com o almenarense Allan Emmanuel Barbosa Otoni Gon\u00e7alves Guedes, de 28 anos, ca\u00eddo ao solo, com sangramento no queixo. O Servi\u00e7o de Atendimento M\u00f3vel de Urg\u00eancia (SAMU) foi acionado e a v\u00edtima foi encaminhada para o Hospital Ester Faria de Almeida, onde permaneceu sob cuidados m\u00e9dicos.<\/p>\n<p>Uma testemunha relatou \u00e0 PM que transitava pela via p\u00fablica, quando os dois ve\u00edculos passaram, tendo o Fiat L\u00ednea, placa final 2789, atingido o meio fio e convergido para a Pra\u00e7a Car\u00e3o Velho. A testemunha disse ainda que tamb\u00e9m seguiu pelo mesmo local e avistou um dos ocupantes do ve\u00edculo que colidiu subindo no teto de um Nissan Sentra. Logo em seguida o condutor do Sentra saiu em alta velocidade e derrubou o rapaz ao solo, afirmou a testemunha.<\/p>\n<p>De acordo com a PM, ao abordar os ocupantes do Fiat L\u00ednea, o seu condutor, de iniciais S.A.D, de 25 anos, que se identificou como agente penitenci\u00e1rio, apresentava h\u00e1lito et\u00edlico e fala pausada. Durante vistoria no ve\u00edculo, foram encontrados um copo pl\u00e1stico e um litro de bebida alco\u00f3lica lacrado. S.A.D foi convidado para se submeter ao teste do baf\u00f4metro, mas n\u00e3o aceitou. Diante do quadro de embriaguez, o ve\u00edculo foi apreendido, a CNH do condutor S.A.D foi recolhida e ele foi encaminhado \u00e0 Delegacia. <\/p>\n<p>Conforme a PM, S.A.D negou a vers\u00e3o da testemunha e relatou que atingiu o meio fio, parou para verificar seu pneu, quando percebeu que um dos passageiros do seu ve\u00edculo foi atropelado por um Sentra azul escuro. A ocorr\u00eancia foi encerrada na Delegacia de Pol\u00edcia Civil de Plant\u00e3o de Pedra Azul.<\/p>\n<p><strong>Motorista do Sentra evadiu do local<\/strong><\/p>\n<p>O condutor do Sentra, segundo informa\u00e7\u00f5es, seria o jovem Jo\u00e3o Pedro Lucena. Ele evadiu do local do acidente e segundo a Pol\u00edcia, ainda n\u00e3o se apresentou para prestar esclarecimentos. O advogado da v\u00edtima informou que pretende mover uma a\u00e7\u00e3o contra o motorista.<\/p>\n<p><img decoding=\"async\" src=\"http:\/\/aconteceunovale.com.br\/portal\/wp-content\/uploads\/2016\/05\/atropelamento_pa_1.jpg\" alt=\"\" \/><em>V\u00edtima sofreu fratura em membro inferior (Foto: Arquivo Pessoal)<\/em><br \/>\n<\/br><\/p>\n<p><strong>Vers\u00e3o da v\u00edtima<\/strong><\/p>\n<p>A v\u00edtima, que estava em Pedra Azul participando de uma festa, relatou que seguia para um im\u00f3vel onde estava ficando, quando o condutor do ve\u00edculo em que estava perdeu o controle da dire\u00e7\u00e3o e subiu numa cal\u00e7ada. Ainda segundo Allan, quando ele desceu do carro para ver o que tinha acontecido, o condutor Jo\u00e3o Pedro o atingiu e ainda teria dado uma r\u00e9, passou sobre suas pernas e fugiu sem prestar socorro. Allan afirmou que sofreu fratura em membro inferior e v\u00e1rias escoria\u00e7\u00f5es pelo corpo.<\/p>\n<p><strong>V\u00eddeo mostra momento do socorro \u00e0 v\u00edtima<\/strong><\/p>\n<p><iframe loading=\"lazy\" width=\"640\" height=\"360\" src=\"https:\/\/www.youtube.com\/embed\/-_ooVbu8LkY\" frameborder=\"0\" allowfullscreen><\/iframe><\/p>\n","protected":false},"excerpt":{"rendered":"<p>A Pol\u00edcia de Pedra Azul, no Vale do Jequitinhonha, procura por um jovem que \u00e9 suspeito de um atropelamento registrado na noite de s\u00e1bado, 28 de maio, na Rua \u00c2ngelo de Quadros, no Centro da cidade. A Pol\u00edcia Militar (PM) foi acionada por volta das 22h25 com a informa\u00e7\u00e3o de que dois ve\u00edculos, sendo um [&hellip;]<\/p>\n","protected":false},"author":1,"featured_media":88162,"comment_status":"open","ping_status":"closed","sticky":false,"template":"","format":"standard","meta":{"amp_status":"","footnotes":""},"categories":[272566,120],"tags":[97010,97013,97012,40866,97011,142,97009,97008,97014,97007,455],"class_list":["post-88161","post","type-post","status-publish","format-standard","has-post-thumbnail","hentry","category-pedra-azul","category-jequi","tag-acidente-allan-guedes","tag-acidente-pedra-azul","tag-allan-emmanuel-barbosa-otoni-goncalves-guedes","tag-allan-guedes","tag-allan-guedes-atropelado-em-pedra-azul","tag-almenara","tag-atropelado-pedra-azul","tag-atropelamento-pedra-azul","tag-joao-pedro-lucena","tag-jovem-e-atropelado-e-motorista-foge-sem-prestar-socorro-em-pedra-azul","tag-pedra-azul"],"yoast_head":"<!-- This site is optimized with the Yoast SEO plugin v28.3 - https:\/\/yoast.com\/product\/yoast-seo-wordpress\/ -->\n<title>Jovem \u00e9 atropelado e motorista foge sem prestar socorro em Pedra Azul, no Vale do Jequitinhonha - Aconteceu no Vale<\/title>\n<meta name=\"robots\" content=\"index, follow, max-snippet:-1, max-image-preview:large, max-video-preview:-1\" \/>\n<link rel=\"canonical\" href=\"https:\/\/aconteceunovale.com.br\/portal\/?p=88161\" \/>\n<meta property=\"og:locale\" content=\"pt_BR\" \/>\n<meta property=\"og:type\" content=\"article\" \/>\n<meta property=\"og:title\" content=\"Jovem \u00e9 atropelado e motorista foge sem prestar socorro em Pedra Azul, no Vale do Jequitinhonha - Aconteceu no Vale\" \/>\n<meta property=\"og:description\" content=\"A Pol\u00edcia de Pedra Azul, no Vale do Jequitinhonha, procura por um jovem que \u00e9 suspeito de um atropelamento registrado na noite de s\u00e1bado, 28 de maio, na Rua \u00c2ngelo de Quadros, no Centro da cidade. A Pol\u00edcia Militar (PM) foi acionada por volta das 22h25 com a informa\u00e7\u00e3o de que dois ve\u00edculos, sendo um [&hellip;]\" \/>\n<meta property=\"og:url\" content=\"https:\/\/aconteceunovale.com.br\/portal\/?p=88161\" \/>\n<meta property=\"og:site_name\" content=\"Aconteceu no Vale\" \/>\n<meta property=\"article:publisher\" content=\"https:\/\/www.facebook.com\/aconteceunovale\/\" \/>\n<meta property=\"article:published_time\" content=\"2016-05-31T21:45:19+00:00\" \/>\n<meta property=\"article:modified_time\" content=\"2026-09-02T16:38:04+00:00\" \/>\n<meta property=\"og:image\" content=\"https:\/\/aconteceunovale.com.br\/portal\/wp-content\/uploads\/2016\/05\/atropelamento_pa_1.jpg\" \/>\n\t<meta property=\"og:image:width\" content=\"678\" \/>\n\t<meta property=\"og:image:height\" content=\"427\" \/>\n\t<meta property=\"og:image:type\" content=\"image\/jpeg\" \/>\n<meta name=\"author\" content=\"Aconteceu no Vale\" \/>\n<meta name=\"twitter:card\" content=\"summary_large_image\" \/>\n<meta name=\"twitter:creator\" content=\"@noticiadosvales\" \/>\n<meta name=\"twitter:site\" content=\"@noticiadosvales\" \/>\n<meta name=\"twitter:label1\" content=\"Escrito por\" \/>\n\t<meta name=\"twitter:data1\" content=\"Aconteceu no Vale\" \/>\n\t<meta name=\"twitter:label2\" content=\"Est. tempo de leitura\" \/>\n\t<meta name=\"twitter:data2\" content=\"3 minutos\" \/>\n<script type=\"application\/ld+json\" class=\"yoast-schema-graph\">{\"@context\":\"https:\\\/\\\/schema.org\",\"@graph\":[{\"@type\":\"Article\",\"@id\":\"https:\\\/\\\/aconteceunovale.com.br\\\/portal\\\/?p=88161#article\",\"isPartOf\":{\"@id\":\"https:\\\/\\\/aconteceunovale.com.br\\\/portal\\\/?p=88161\"},\"author\":{\"name\":\"Aconteceu no Vale\",\"@id\":\"https:\\\/\\\/aconteceunovale.com.br\\\/portal\\\/#\\\/schema\\\/person\\\/633529146f2c94272bef50ac2953d589\"},\"headline\":\"Jovem \u00e9 atropelado e motorista foge sem prestar socorro em Pedra Azul, no Vale do Jequitinhonha\",\"datePublished\":\"2016-05-31T21:45:19+00:00\",\"dateModified\":\"2026-09-02T16:38:04+00:00\",\"mainEntityOfPage\":{\"@id\":\"https:\\\/\\\/aconteceunovale.com.br\\\/portal\\\/?p=88161\"},\"wordCount\":586,\"commentCount\":0,\"image\":{\"@id\":\"https:\\\/\\\/aconteceunovale.com.br\\\/portal\\\/?p=88161#primaryimage\"},\"thumbnailUrl\":\"https:\\\/\\\/aconteceunovale.com.br\\\/portal\\\/wp-content\\\/uploads\\\/2016\\\/05\\\/atropelamento_pa_1.jpg\",\"keywords\":[\"Acidente Allan Guedes\",\"Acidente pedra azul\",\"Allan Emmanuel Barbosa Otoni Gon\u00e7alves Guedes\",\"Allan Guedes\",\"Allan Guedes atropelado em Pedra Azul\",\"Almenara\",\"Atropelado Pedra Azul\",\"Atropelamento Pedra Azul\",\"Jo\u00e3o Pedro Lucena\",\"Jovem \u00e9 atropelado e motorista foge sem prestar socorro em Pedra Azul\",\"Pedra Azul\"],\"articleSection\":[\"Pedra Azul\",\"Vale do Jequitinhonha\"],\"inLanguage\":\"pt-BR\",\"potentialAction\":[{\"@type\":\"CommentAction\",\"name\":\"Comment\",\"target\":[\"https:\\\/\\\/aconteceunovale.com.br\\\/portal\\\/?p=88161#respond\"]}]},{\"@type\":\"WebPage\",\"@id\":\"https:\\\/\\\/aconteceunovale.com.br\\\/portal\\\/?p=88161\",\"url\":\"https:\\\/\\\/aconteceunovale.com.br\\\/portal\\\/?p=88161\",\"name\":\"Jovem \u00e9 atropelado e motorista foge sem prestar socorro em Pedra Azul, no Vale do Jequitinhonha - Aconteceu no Vale\",\"isPartOf\":{\"@id\":\"https:\\\/\\\/aconteceunovale.com.br\\\/portal\\\/#website\"},\"primaryImageOfPage\":{\"@id\":\"https:\\\/\\\/aconteceunovale.com.br\\\/portal\\\/?p=88161#primaryimage\"},\"image\":{\"@id\":\"https:\\\/\\\/aconteceunovale.com.br\\\/portal\\\/?p=88161#primaryimage\"},\"thumbnailUrl\":\"https:\\\/\\\/aconteceunovale.com.br\\\/portal\\\/wp-content\\\/uploads\\\/2016\\\/05\\\/atropelamento_pa_1.jpg\",\"datePublished\":\"2016-05-31T21:45:19+00:00\",\"dateModified\":\"2026-09-02T16:38:04+00:00\",\"author\":{\"@id\":\"https:\\\/\\\/aconteceunovale.com.br\\\/portal\\\/#\\\/schema\\\/person\\\/633529146f2c94272bef50ac2953d589\"},\"breadcrumb\":{\"@id\":\"https:\\\/\\\/aconteceunovale.com.br\\\/portal\\\/?p=88161#breadcrumb\"},\"inLanguage\":\"pt-BR\",\"potentialAction\":[{\"@type\":\"ReadAction\",\"target\":[\"https:\\\/\\\/aconteceunovale.com.br\\\/portal\\\/?p=88161\"]}]},{\"@type\":\"ImageObject\",\"inLanguage\":\"pt-BR\",\"@id\":\"https:\\\/\\\/aconteceunovale.com.br\\\/portal\\\/?p=88161#primaryimage\",\"url\":\"https:\\\/\\\/aconteceunovale.com.br\\\/portal\\\/wp-content\\\/uploads\\\/2016\\\/05\\\/atropelamento_pa_1.jpg\",\"contentUrl\":\"https:\\\/\\\/aconteceunovale.com.br\\\/portal\\\/wp-content\\\/uploads\\\/2016\\\/05\\\/atropelamento_pa_1.jpg\",\"width\":678,\"height\":427},{\"@type\":\"BreadcrumbList\",\"@id\":\"https:\\\/\\\/aconteceunovale.com.br\\\/portal\\\/?p=88161#breadcrumb\",\"itemListElement\":[{\"@type\":\"ListItem\",\"position\":1,\"name\":\"In\u00edcio\",\"item\":\"https:\\\/\\\/aconteceunovale.com.br\\\/portal\\\/\"},{\"@type\":\"ListItem\",\"position\":2,\"name\":\"Jovem \u00e9 atropelado e motorista foge sem prestar socorro em Pedra Azul, no Vale do Jequitinhonha\"}]},{\"@type\":\"WebSite\",\"@id\":\"https:\\\/\\\/aconteceunovale.com.br\\\/portal\\\/#website\",\"url\":\"https:\\\/\\\/aconteceunovale.com.br\\\/portal\\\/\",\"name\":\"Aconteceu no Vale\",\"description\":\"Portal de Not\u00edcias\",\"potentialAction\":[{\"@type\":\"SearchAction\",\"target\":{\"@type\":\"EntryPoint\",\"urlTemplate\":\"https:\\\/\\\/aconteceunovale.com.br\\\/portal\\\/?s={search_term_string}\"},\"query-input\":{\"@type\":\"PropertyValueSpecification\",\"valueRequired\":true,\"valueName\":\"search_term_string\"}}],\"inLanguage\":\"pt-BR\"},{\"@type\":\"Person\",\"@id\":\"https:\\\/\\\/aconteceunovale.com.br\\\/portal\\\/#\\\/schema\\\/person\\\/633529146f2c94272bef50ac2953d589\",\"name\":\"Aconteceu no Vale\",\"description\":\"Equipe de reportagem do Aconteceu no Vale, portal de not\u00edcias do Vale do Jequitinhonha, em Minas Gerais. Cobrimos as 51 cidades do Vale desde 2013. Sugest\u00f5es de pauta e pedidos de corre\u00e7\u00e3o: contato@aconteceunovale.com.br\",\"sameAs\":[\"http:\\\/\\\/www.aconteceunovale.com.br\"],\"url\":\"https:\\\/\\\/aconteceunovale.com.br\\\/portal\\\/?author=1\"}]}<\/script>\n<!-- \/ Yoast SEO plugin. -->","yoast_head_json":{"title":"Jovem \u00e9 atropelado e motorista foge sem prestar socorro em Pedra Azul, no Vale do Jequitinhonha - Aconteceu no Vale","robots":{"index":"index","follow":"follow","max-snippet":"max-snippet:-1","max-image-preview":"max-image-preview:large","max-video-preview":"max-video-preview:-1"},"canonical":"https:\/\/aconteceunovale.com.br\/portal\/?p=88161","og_locale":"pt_BR","og_type":"article","og_title":"Jovem \u00e9 atropelado e motorista foge sem prestar socorro em Pedra Azul, no Vale do Jequitinhonha - Aconteceu no Vale","og_description":"A Pol\u00edcia de Pedra Azul, no Vale do Jequitinhonha, procura por um jovem que \u00e9 suspeito de um atropelamento registrado na noite de s\u00e1bado, 28 de maio, na Rua \u00c2ngelo de Quadros, no Centro da cidade. A Pol\u00edcia Militar (PM) foi acionada por volta das 22h25 com a informa\u00e7\u00e3o de que dois ve\u00edculos, sendo um [&hellip;]","og_url":"https:\/\/aconteceunovale.com.br\/portal\/?p=88161","og_site_name":"Aconteceu no Vale","article_publisher":"https:\/\/www.facebook.com\/aconteceunovale\/","article_published_time":"2016-05-31T21:45:19+00:00","article_modified_time":"2026-09-02T16:38:04+00:00","og_image":[{"width":678,"height":427,"url":"https:\/\/aconteceunovale.com.br\/portal\/wp-content\/uploads\/2016\/05\/atropelamento_pa_1.jpg","type":"image\/jpeg"}],"author":"Aconteceu no Vale","twitter_card":"summary_large_image","twitter_creator":"@noticiadosvales","twitter_site":"@noticiadosvales","twitter_misc":{"Escrito por":"Aconteceu no Vale","Est. tempo de leitura":"3 minutos"},"schema":{"@context":"https:\/\/schema.org","@graph":[{"@type":"Article","@id":"https:\/\/aconteceunovale.com.br\/portal\/?p=88161#article","isPartOf":{"@id":"https:\/\/aconteceunovale.com.br\/portal\/?p=88161"},"author":{"name":"Aconteceu no Vale","@id":"https:\/\/aconteceunovale.com.br\/portal\/#\/schema\/person\/633529146f2c94272bef50ac2953d589"},"headline":"Jovem \u00e9 atropelado e motorista foge sem prestar socorro em Pedra Azul, no Vale do Jequitinhonha","datePublished":"2016-05-31T21:45:19+00:00","dateModified":"2026-09-02T16:38:04+00:00","mainEntityOfPage":{"@id":"https:\/\/aconteceunovale.com.br\/portal\/?p=88161"},"wordCount":586,"commentCount":0,"image":{"@id":"https:\/\/aconteceunovale.com.br\/portal\/?p=88161#primaryimage"},"thumbnailUrl":"https:\/\/aconteceunovale.com.br\/portal\/wp-content\/uploads\/2016\/05\/atropelamento_pa_1.jpg","keywords":["Acidente Allan Guedes","Acidente pedra azul","Allan Emmanuel Barbosa Otoni Gon\u00e7alves Guedes","Allan Guedes","Allan Guedes atropelado em Pedra Azul","Almenara","Atropelado Pedra Azul","Atropelamento Pedra Azul","Jo\u00e3o Pedro Lucena","Jovem \u00e9 atropelado e motorista foge sem prestar socorro em Pedra Azul","Pedra Azul"],"articleSection":["Pedra Azul","Vale do Jequitinhonha"],"inLanguage":"pt-BR","potentialAction":[{"@type":"CommentAction","name":"Comment","target":["https:\/\/aconteceunovale.com.br\/portal\/?p=88161#respond"]}]},{"@type":"WebPage","@id":"https:\/\/aconteceunovale.com.br\/portal\/?p=88161","url":"https:\/\/aconteceunovale.com.br\/portal\/?p=88161","name":"Jovem \u00e9 atropelado e motorista foge sem prestar socorro em Pedra Azul, no Vale do Jequitinhonha - Aconteceu no Vale","isPartOf":{"@id":"https:\/\/aconteceunovale.com.br\/portal\/#website"},"primaryImageOfPage":{"@id":"https:\/\/aconteceunovale.com.br\/portal\/?p=88161#primaryimage"},"image":{"@id":"https:\/\/aconteceunovale.com.br\/portal\/?p=88161#primaryimage"},"thumbnailUrl":"https:\/\/aconteceunovale.com.br\/portal\/wp-content\/uploads\/2016\/05\/atropelamento_pa_1.jpg","datePublished":"2016-05-31T21:45:19+00:00","dateModified":"2026-09-02T16:38:04+00:00","author":{"@id":"https:\/\/aconteceunovale.com.br\/portal\/#\/schema\/person\/633529146f2c94272bef50ac2953d589"},"breadcrumb":{"@id":"https:\/\/aconteceunovale.com.br\/portal\/?p=88161#breadcrumb"},"inLanguage":"pt-BR","potentialAction":[{"@type":"ReadAction","target":["https:\/\/aconteceunovale.com.br\/portal\/?p=88161"]}]},{"@type":"ImageObject","inLanguage":"pt-BR","@id":"https:\/\/aconteceunovale.com.br\/portal\/?p=88161#primaryimage","url":"https:\/\/aconteceunovale.com.br\/portal\/wp-content\/uploads\/2016\/05\/atropelamento_pa_1.jpg","contentUrl":"https:\/\/aconteceunovale.com.br\/portal\/wp-content\/uploads\/2016\/05\/atropelamento_pa_1.jpg","width":678,"height":427},{"@type":"BreadcrumbList","@id":"https:\/\/aconteceunovale.com.br\/portal\/?p=88161#breadcrumb","itemListElement":[{"@type":"ListItem","position":1,"name":"In\u00edcio","item":"https:\/\/aconteceunovale.com.br\/portal\/"},{"@type":"ListItem","position":2,"name":"Jovem \u00e9 atropelado e motorista foge sem prestar socorro em Pedra Azul, no Vale do Jequitinhonha"}]},{"@type":"WebSite","@id":"https:\/\/aconteceunovale.com.br\/portal\/#website","url":"https:\/\/aconteceunovale.com.br\/portal\/","name":"Aconteceu no Vale","description":"Portal de Not\u00edcias","potentialAction":[{"@type":"SearchAction","target":{"@type":"EntryPoint","urlTemplate":"https:\/\/aconteceunovale.com.br\/portal\/?s={search_term_string}"},"query-input":{"@type":"PropertyValueSpecification","valueRequired":true,"valueName":"search_term_string"}}],"inLanguage":"pt-BR"},{"@type":"Person","@id":"https:\/\/aconteceunovale.com.br\/portal\/#\/schema\/person\/633529146f2c94272bef50ac2953d589","name":"Aconteceu no Vale","description":"Equipe de reportagem do Aconteceu no Vale, portal de not\u00edcias do Vale do Jequitinhonha, em Minas Gerais. Cobrimos as 51 cidades do Vale desde 2013. Sugest\u00f5es de pauta e pedidos de corre\u00e7\u00e3o: contato@aconteceunovale.com.br","sameAs":["http:\/\/www.aconteceunovale.com.br"],"url":"https:\/\/aconteceunovale.com.br\/portal\/?author=1"}]}},"_links":{"self":[{"href":"https:\/\/aconteceunovale.com.br\/portal\/index.php?rest_route=\/wp\/v2\/posts\/88161","targetHints":{"allow":["GET"]}}],"collection":[{"href":"https:\/\/aconteceunovale.com.br\/portal\/index.php?rest_route=\/wp\/v2\/posts"}],"about":[{"href":"https:\/\/aconteceunovale.com.br\/portal\/index.php?rest_route=\/wp\/v2\/types\/post"}],"author":[{"embeddable":true,"href":"https:\/\/aconteceunovale.com.br\/portal\/index.php?rest_route=\/wp\/v2\/users\/1"}],"replies":[{"embeddable":true,"href":"https:\/\/aconteceunovale.com.br\/portal\/index.php?rest_route=%2Fwp%2Fv2%2Fcomments&post=88161"}],"version-history":[{"count":1,"href":"https:\/\/aconteceunovale.com.br\/portal\/index.php?rest_route=\/wp\/v2\/posts\/88161\/revisions"}],"predecessor-version":[{"id":201645,"href":"https:\/\/aconteceunovale.com.br\/portal\/index.php?rest_route=\/wp\/v2\/posts\/88161\/revisions\/201645"}],"wp:featuredmedia":[{"embeddable":true,"href":"https:\/\/aconteceunovale.com.br\/portal\/index.php?rest_route=\/wp\/v2\/media\/88162"}],"wp:attachment":[{"href":"https:\/\/aconteceunovale.com.br\/portal\/index.php?rest_route=%2Fwp%2Fv2%2Fmedia&parent=88161"}],"wp:term":[{"taxonomy":"category","embeddable":true,"href":"https:\/\/aconteceunovale.com.br\/portal\/index.php?rest_route=%2Fwp%2Fv2%2Fcategories&post=88161"},{"taxonomy":"post_tag","embeddable":true,"href":"https:\/\/aconteceunovale.com.br\/portal\/index.php?rest_route=%2Fwp%2Fv2%2Ftags&post=88161"}],"curies":[{"name":"wp","href":"https:\/\/api.w.org\/{rel}","templated":true}]}}