{"id":88152,"date":"2016-05-31T17:20:50","date_gmt":"2016-05-31T20:20:50","guid":{"rendered":"http:\/\/aconteceunovale.com.br\/portal\/?p=88152"},"modified":"2016-05-31T22:07:14","modified_gmt":"2016-06-01T01:07:14","slug":"exigencia-de-habilitacao-para-ciclomotores-comeca-a-valer-nesta-quarta-feira","status":"publish","type":"post","link":"https:\/\/aconteceunovale.com.br\/portal\/?p=88152","title":{"rendered":"Exig\u00eancia de habilita\u00e7\u00e3o para ciclomotores come\u00e7a a valer nesta quarta-feira"},"content":{"rendered":"<p>A habilita\u00e7\u00e3o para conduzir as \u201ccinquentinhas\u201d &#8211; motocicletas com at\u00e9 50 cilindradas- ser\u00e1 obrigat\u00f3ria a partir desta quarta-feira (1\u00ba de junho) em todo o Brasil. Para guiar o ve\u00edculo \u00e9 preciso ter Carteira Nacional de Habilita\u00e7\u00e3o (CNH) categoria A, a mesma exigida para quem pilota motos acima de 50 cilindradas ou a ACC (Autoriza\u00e7\u00e3o para Conduzir Ciclomotores), documento menos conhecido.<\/p>\n<p>Quem descumprir a regra perde 7 pontos na carteira, j\u00e1 que \u00e9 considerada uma infra\u00e7\u00e3o grav\u00edssima e recebe multa de 191,54 por\u00e9m ela \u00e9 multiplicada 3 vezes, totalizando o valor de R$ 574,2, al\u00e9m da apreens\u00e3o do ve\u00edculo.<\/p>\n<p>A CNH na categoria A permite ao condutor dirigir tanto as \u201ccinquentinhas\u201d quando as motos  acima de 50 cilindradas. J\u00e1 a ACC s\u00f3 permite que o condutor pilote motocicletas at\u00e9 50 cilindradas. No entanto uma vantagem da ACC \u00e9 que o processo para obt\u00ea-la \u00e9 mais r\u00e1pido, j\u00e1 que s\u00e3o exigidas menos horas-aula te\u00f3ricas e pr\u00e1ticas nas auto-escolas. Para a CNH categoria A s\u00e3o necess\u00e1rias 45 horas\/aula de teoria e 20 horas\/aula de pr\u00e1tica, j\u00e1 para a ACC s\u00e3o necess\u00e1rias 20 horas\/aula no curso te\u00f3rico e 10 horas\/aula para a parte pr\u00e1tica.<\/p>\n<p>A professora Suelen Pereira, 28, preferiu tirar a ACC do que a habilita\u00e7\u00e3o categoria A. \u201cEu s\u00f3 uso a cinquentinha, ent\u00e3o achei mais f\u00e1cil tirar a autoriza\u00e7\u00e3o que na auto-escola fica um pouco mais barato e tamb\u00e9m \u00e9 um processo muito mais r\u00e1pido. Pode ser que eu queira tirar a habilita\u00e7\u00e3o categoria A depois, mas por enquanto a ACC est\u00e1 me servindo\u201d, explicou a jovem.<\/p>\n<p>De acordo com a Departamento Nacional de Tr\u00e2nsito (Denatran)  at\u00e9 fevereiro, eram 678 ACCs emitidas no Brasil e cerca de 25 milh\u00f5es de CNHs na categoria A. Na maioria dos Estados, as taxas cobradas pelos Detrans para tirar a ACC e a habilita\u00e7\u00e3o na categoria A s\u00e3o as mesmas. J\u00e1 valores para fazer o curso nas auto-escolas n\u00e3o \u00e9 tabelado.<\/p>\n<p>Minas Gerais j\u00e1 emite a ACC e as taxas tanto para a emiss\u00e3o dela e para a habilita\u00e7\u00e3o do tipo A t\u00eam o mesmo valor e custam R$ 60,22. O exame m\u00e9dico custa 109,11, o psicot\u00e9cnico 139,23, o te\u00f3rico R$ 60,22 e a Licen\u00e7a de Aprendizagem de Dire\u00e7\u00e3o Veicular (LADV) R$ 45,16. O pre\u00e7o das aulas pr\u00e1ticas e te\u00f3ricas nos Centros de Forma\u00e7\u00e3o de Condutores varia de acordo com cada escola.<\/p>\n<p><strong>Cada vez mais normas<\/strong><\/p>\n<p>At\u00e9 o ano passado grande parte das \u201ccinquentinhas\u201d circulavam at\u00e9 mesmo sem placas. Somente em junho de 2015 o Denatram mudou a regra para os ve\u00edculos, determinando que os Departamentos de Tr\u00e2nsito (Detrans) emplacassem as \u201ccinquentinhas\u201d. Com isso os emplacamentos desses ve\u00edculos  cresceram 280% em 2015 se comparado com 2014 no Brasil.  No ano passado foram 64.692 emplacamentos , enquanto em 2014 o n\u00famero foi de 17.011.<\/p>\n<p>Com o emplacamento, os condutores tamb\u00e9m passaram a serem cobrados pelo licenciamento desses ve\u00edculos.<\/p>\n<p><img decoding=\"async\" src=\"http:\/\/aconteceunovale.com.br\/portal\/wp-content\/uploads\/2016\/05\/acc_1.jpg\" alt=\"\" \/><em>ACC \u00e9 igual a CNH, mas campo assinalado dever\u00e1 ser preenchido (Foto: Detran-SP)<\/em><br \/>\n<\/br><\/p>\n<p><em>(Fonte: O Tempo \/ Rep\u00f3rter: Nat\u00e1lia Oliveira)<\/em><\/p>\n","protected":false},"excerpt":{"rendered":"<p>A habilita\u00e7\u00e3o para conduzir as \u201ccinquentinhas\u201d &#8211; motocicletas com at\u00e9 50 cilindradas- ser\u00e1 obrigat\u00f3ria a partir desta quarta-feira (1\u00ba de junho) em todo o Brasil. Para guiar o ve\u00edculo \u00e9 preciso ter Carteira Nacional de Habilita\u00e7\u00e3o (CNH) categoria A, a mesma exigida para quem pilota motos acima de 50 cilindradas ou a ACC (Autoriza\u00e7\u00e3o para [&hellip;]<\/p>\n","protected":false},"author":1,"featured_media":88153,"comment_status":"open","ping_status":"closed","sticky":false,"template":"","format":"standard","meta":{"amp_status":"","footnotes":""},"categories":[6],"tags":[63524,96990,54159,53276,96986,96985,96987,96989,96988],"class_list":["post-88152","post","type-post","status-publish","format-standard","has-post-thumbnail","hentry","category-br","tag-acc","tag-autorizacao-para-conduzir-ciclomotores","tag-ciclomotores","tag-cinquentinhas","tag-exigencia-de-habilitacao-para-ciclomotores","tag-exigencia-de-habilitacao-para-ciclomotores-comeca-a-valer-nesta-quarta-feira","tag-exigencia-de-habilitacao-para-cinquentinhas","tag-xigencia-por-habilitacao-para-conduzir-ciclomotores","tag-xigencia-por-habilitacao-para-conduzir-cinquentinhas"],"yoast_head":"<!-- This site is optimized with the Yoast SEO plugin v28.3 - https:\/\/yoast.com\/product\/yoast-seo-wordpress\/ -->\n<title>Exig\u00eancia de habilita\u00e7\u00e3o para ciclomotores come\u00e7a a valer nesta quarta-feira - Aconteceu no Vale<\/title>\n<meta name=\"robots\" content=\"index, follow, max-snippet:-1, max-image-preview:large, max-video-preview:-1\" \/>\n<link rel=\"canonical\" href=\"https:\/\/aconteceunovale.com.br\/portal\/?p=88152\" \/>\n<meta property=\"og:locale\" content=\"pt_BR\" \/>\n<meta property=\"og:type\" content=\"article\" \/>\n<meta property=\"og:title\" content=\"Exig\u00eancia de habilita\u00e7\u00e3o para ciclomotores come\u00e7a a valer nesta quarta-feira - Aconteceu no Vale\" \/>\n<meta property=\"og:description\" content=\"A habilita\u00e7\u00e3o para conduzir as \u201ccinquentinhas\u201d &#8211; motocicletas com at\u00e9 50 cilindradas- ser\u00e1 obrigat\u00f3ria a partir desta quarta-feira (1\u00ba de junho) em todo o Brasil. Para guiar o ve\u00edculo \u00e9 preciso ter Carteira Nacional de Habilita\u00e7\u00e3o (CNH) categoria A, a mesma exigida para quem pilota motos acima de 50 cilindradas ou a ACC (Autoriza\u00e7\u00e3o para [&hellip;]\" \/>\n<meta property=\"og:url\" content=\"https:\/\/aconteceunovale.com.br\/portal\/?p=88152\" \/>\n<meta property=\"og:site_name\" content=\"Aconteceu no Vale\" \/>\n<meta property=\"article:publisher\" content=\"https:\/\/www.facebook.com\/aconteceunovale\/\" \/>\n<meta property=\"article:published_time\" content=\"2016-05-31T20:20:50+00:00\" \/>\n<meta property=\"article:modified_time\" content=\"2016-06-01T01:07:14+00:00\" \/>\n<meta property=\"og:image\" content=\"https:\/\/aconteceunovale.com.br\/portal\/wp-content\/uploads\/2016\/05\/acc_1.jpg\" \/>\n\t<meta property=\"og:image:width\" content=\"600\" \/>\n\t<meta property=\"og:image:height\" content=\"450\" \/>\n\t<meta property=\"og:image:type\" content=\"image\/jpeg\" \/>\n<meta name=\"author\" content=\"Aconteceu no Vale\" \/>\n<meta name=\"twitter:card\" content=\"summary_large_image\" \/>\n<meta name=\"twitter:creator\" content=\"@noticiadosvales\" \/>\n<meta name=\"twitter:site\" content=\"@noticiadosvales\" \/>\n<meta name=\"twitter:label1\" content=\"Escrito por\" \/>\n\t<meta name=\"twitter:data1\" content=\"Aconteceu no Vale\" \/>\n\t<meta name=\"twitter:label2\" content=\"Est. tempo de leitura\" \/>\n\t<meta name=\"twitter:data2\" content=\"3 minutos\" \/>\n<script type=\"application\/ld+json\" class=\"yoast-schema-graph\">{\"@context\":\"https:\\\/\\\/schema.org\",\"@graph\":[{\"@type\":\"Article\",\"@id\":\"https:\\\/\\\/aconteceunovale.com.br\\\/portal\\\/?p=88152#article\",\"isPartOf\":{\"@id\":\"https:\\\/\\\/aconteceunovale.com.br\\\/portal\\\/?p=88152\"},\"author\":{\"name\":\"Aconteceu no Vale\",\"@id\":\"https:\\\/\\\/aconteceunovale.com.br\\\/portal\\\/#\\\/schema\\\/person\\\/633529146f2c94272bef50ac2953d589\"},\"headline\":\"Exig\u00eancia de habilita\u00e7\u00e3o para ciclomotores come\u00e7a a valer nesta quarta-feira\",\"datePublished\":\"2016-05-31T20:20:50+00:00\",\"dateModified\":\"2016-06-01T01:07:14+00:00\",\"mainEntityOfPage\":{\"@id\":\"https:\\\/\\\/aconteceunovale.com.br\\\/portal\\\/?p=88152\"},\"wordCount\":525,\"commentCount\":0,\"image\":{\"@id\":\"https:\\\/\\\/aconteceunovale.com.br\\\/portal\\\/?p=88152#primaryimage\"},\"thumbnailUrl\":\"https:\\\/\\\/aconteceunovale.com.br\\\/portal\\\/wp-content\\\/uploads\\\/2016\\\/05\\\/acc_1.jpg\",\"keywords\":[\"ACC\",\"Autoriza\u00e7\u00e3o para Conduzir Ciclomotores\",\"ciclomotores\",\"cinquentinhas\",\"Exig\u00eancia de habilita\u00e7\u00e3o para ciclomotores\",\"Exig\u00eancia de habilita\u00e7\u00e3o para ciclomotores come\u00e7a a valer nesta quarta-feira\",\"Exig\u00eancia de habilita\u00e7\u00e3o para cinquentinhas\",\"xig\u00eancia por habilita\u00e7\u00e3o para conduzir ciclomotores\",\"xig\u00eancia por habilita\u00e7\u00e3o para conduzir cinquentinhas\"],\"articleSection\":[\"Brasil\"],\"inLanguage\":\"pt-BR\",\"potentialAction\":[{\"@type\":\"CommentAction\",\"name\":\"Comment\",\"target\":[\"https:\\\/\\\/aconteceunovale.com.br\\\/portal\\\/?p=88152#respond\"]}]},{\"@type\":\"WebPage\",\"@id\":\"https:\\\/\\\/aconteceunovale.com.br\\\/portal\\\/?p=88152\",\"url\":\"https:\\\/\\\/aconteceunovale.com.br\\\/portal\\\/?p=88152\",\"name\":\"Exig\u00eancia de habilita\u00e7\u00e3o para ciclomotores come\u00e7a a valer nesta quarta-feira - Aconteceu no Vale\",\"isPartOf\":{\"@id\":\"https:\\\/\\\/aconteceunovale.com.br\\\/portal\\\/#website\"},\"primaryImageOfPage\":{\"@id\":\"https:\\\/\\\/aconteceunovale.com.br\\\/portal\\\/?p=88152#primaryimage\"},\"image\":{\"@id\":\"https:\\\/\\\/aconteceunovale.com.br\\\/portal\\\/?p=88152#primaryimage\"},\"thumbnailUrl\":\"https:\\\/\\\/aconteceunovale.com.br\\\/portal\\\/wp-content\\\/uploads\\\/2016\\\/05\\\/acc_1.jpg\",\"datePublished\":\"2016-05-31T20:20:50+00:00\",\"dateModified\":\"2016-06-01T01:07:14+00:00\",\"author\":{\"@id\":\"https:\\\/\\\/aconteceunovale.com.br\\\/portal\\\/#\\\/schema\\\/person\\\/633529146f2c94272bef50ac2953d589\"},\"breadcrumb\":{\"@id\":\"https:\\\/\\\/aconteceunovale.com.br\\\/portal\\\/?p=88152#breadcrumb\"},\"inLanguage\":\"pt-BR\",\"potentialAction\":[{\"@type\":\"ReadAction\",\"target\":[\"https:\\\/\\\/aconteceunovale.com.br\\\/portal\\\/?p=88152\"]}]},{\"@type\":\"ImageObject\",\"inLanguage\":\"pt-BR\",\"@id\":\"https:\\\/\\\/aconteceunovale.com.br\\\/portal\\\/?p=88152#primaryimage\",\"url\":\"https:\\\/\\\/aconteceunovale.com.br\\\/portal\\\/wp-content\\\/uploads\\\/2016\\\/05\\\/acc_1.jpg\",\"contentUrl\":\"https:\\\/\\\/aconteceunovale.com.br\\\/portal\\\/wp-content\\\/uploads\\\/2016\\\/05\\\/acc_1.jpg\",\"width\":600,\"height\":450},{\"@type\":\"BreadcrumbList\",\"@id\":\"https:\\\/\\\/aconteceunovale.com.br\\\/portal\\\/?p=88152#breadcrumb\",\"itemListElement\":[{\"@type\":\"ListItem\",\"position\":1,\"name\":\"In\u00edcio\",\"item\":\"https:\\\/\\\/aconteceunovale.com.br\\\/portal\\\/\"},{\"@type\":\"ListItem\",\"position\":2,\"name\":\"Exig\u00eancia de habilita\u00e7\u00e3o para ciclomotores come\u00e7a a valer nesta quarta-feira\"}]},{\"@type\":\"WebSite\",\"@id\":\"https:\\\/\\\/aconteceunovale.com.br\\\/portal\\\/#website\",\"url\":\"https:\\\/\\\/aconteceunovale.com.br\\\/portal\\\/\",\"name\":\"Aconteceu no Vale\",\"description\":\"Portal de Not\u00edcias\",\"potentialAction\":[{\"@type\":\"SearchAction\",\"target\":{\"@type\":\"EntryPoint\",\"urlTemplate\":\"https:\\\/\\\/aconteceunovale.com.br\\\/portal\\\/?s={search_term_string}\"},\"query-input\":{\"@type\":\"PropertyValueSpecification\",\"valueRequired\":true,\"valueName\":\"search_term_string\"}}],\"inLanguage\":\"pt-BR\"},{\"@type\":\"Person\",\"@id\":\"https:\\\/\\\/aconteceunovale.com.br\\\/portal\\\/#\\\/schema\\\/person\\\/633529146f2c94272bef50ac2953d589\",\"name\":\"Aconteceu no Vale\",\"description\":\"Equipe de reportagem do Aconteceu no Vale, portal de not\u00edcias do Vale do Jequitinhonha, em Minas Gerais. Cobrimos as 51 cidades do Vale desde 2013. Sugest\u00f5es de pauta e pedidos de corre\u00e7\u00e3o: contato@aconteceunovale.com.br\",\"sameAs\":[\"http:\\\/\\\/www.aconteceunovale.com.br\"],\"url\":\"https:\\\/\\\/aconteceunovale.com.br\\\/portal\\\/?author=1\"}]}<\/script>\n<!-- \/ Yoast SEO plugin. -->","yoast_head_json":{"title":"Exig\u00eancia de habilita\u00e7\u00e3o para ciclomotores come\u00e7a a valer nesta quarta-feira - Aconteceu no Vale","robots":{"index":"index","follow":"follow","max-snippet":"max-snippet:-1","max-image-preview":"max-image-preview:large","max-video-preview":"max-video-preview:-1"},"canonical":"https:\/\/aconteceunovale.com.br\/portal\/?p=88152","og_locale":"pt_BR","og_type":"article","og_title":"Exig\u00eancia de habilita\u00e7\u00e3o para ciclomotores come\u00e7a a valer nesta quarta-feira - Aconteceu no Vale","og_description":"A habilita\u00e7\u00e3o para conduzir as \u201ccinquentinhas\u201d &#8211; motocicletas com at\u00e9 50 cilindradas- ser\u00e1 obrigat\u00f3ria a partir desta quarta-feira (1\u00ba de junho) em todo o Brasil. Para guiar o ve\u00edculo \u00e9 preciso ter Carteira Nacional de Habilita\u00e7\u00e3o (CNH) categoria A, a mesma exigida para quem pilota motos acima de 50 cilindradas ou a ACC (Autoriza\u00e7\u00e3o para [&hellip;]","og_url":"https:\/\/aconteceunovale.com.br\/portal\/?p=88152","og_site_name":"Aconteceu no Vale","article_publisher":"https:\/\/www.facebook.com\/aconteceunovale\/","article_published_time":"2016-05-31T20:20:50+00:00","article_modified_time":"2016-06-01T01:07:14+00:00","og_image":[{"width":600,"height":450,"url":"https:\/\/aconteceunovale.com.br\/portal\/wp-content\/uploads\/2016\/05\/acc_1.jpg","type":"image\/jpeg"}],"author":"Aconteceu no Vale","twitter_card":"summary_large_image","twitter_creator":"@noticiadosvales","twitter_site":"@noticiadosvales","twitter_misc":{"Escrito por":"Aconteceu no Vale","Est. tempo de leitura":"3 minutos"},"schema":{"@context":"https:\/\/schema.org","@graph":[{"@type":"Article","@id":"https:\/\/aconteceunovale.com.br\/portal\/?p=88152#article","isPartOf":{"@id":"https:\/\/aconteceunovale.com.br\/portal\/?p=88152"},"author":{"name":"Aconteceu no Vale","@id":"https:\/\/aconteceunovale.com.br\/portal\/#\/schema\/person\/633529146f2c94272bef50ac2953d589"},"headline":"Exig\u00eancia de habilita\u00e7\u00e3o para ciclomotores come\u00e7a a valer nesta quarta-feira","datePublished":"2016-05-31T20:20:50+00:00","dateModified":"2016-06-01T01:07:14+00:00","mainEntityOfPage":{"@id":"https:\/\/aconteceunovale.com.br\/portal\/?p=88152"},"wordCount":525,"commentCount":0,"image":{"@id":"https:\/\/aconteceunovale.com.br\/portal\/?p=88152#primaryimage"},"thumbnailUrl":"https:\/\/aconteceunovale.com.br\/portal\/wp-content\/uploads\/2016\/05\/acc_1.jpg","keywords":["ACC","Autoriza\u00e7\u00e3o para Conduzir Ciclomotores","ciclomotores","cinquentinhas","Exig\u00eancia de habilita\u00e7\u00e3o para ciclomotores","Exig\u00eancia de habilita\u00e7\u00e3o para ciclomotores come\u00e7a a valer nesta quarta-feira","Exig\u00eancia de habilita\u00e7\u00e3o para cinquentinhas","xig\u00eancia por habilita\u00e7\u00e3o para conduzir ciclomotores","xig\u00eancia por habilita\u00e7\u00e3o para conduzir cinquentinhas"],"articleSection":["Brasil"],"inLanguage":"pt-BR","potentialAction":[{"@type":"CommentAction","name":"Comment","target":["https:\/\/aconteceunovale.com.br\/portal\/?p=88152#respond"]}]},{"@type":"WebPage","@id":"https:\/\/aconteceunovale.com.br\/portal\/?p=88152","url":"https:\/\/aconteceunovale.com.br\/portal\/?p=88152","name":"Exig\u00eancia de habilita\u00e7\u00e3o para ciclomotores come\u00e7a a valer nesta quarta-feira - Aconteceu no Vale","isPartOf":{"@id":"https:\/\/aconteceunovale.com.br\/portal\/#website"},"primaryImageOfPage":{"@id":"https:\/\/aconteceunovale.com.br\/portal\/?p=88152#primaryimage"},"image":{"@id":"https:\/\/aconteceunovale.com.br\/portal\/?p=88152#primaryimage"},"thumbnailUrl":"https:\/\/aconteceunovale.com.br\/portal\/wp-content\/uploads\/2016\/05\/acc_1.jpg","datePublished":"2016-05-31T20:20:50+00:00","dateModified":"2016-06-01T01:07:14+00:00","author":{"@id":"https:\/\/aconteceunovale.com.br\/portal\/#\/schema\/person\/633529146f2c94272bef50ac2953d589"},"breadcrumb":{"@id":"https:\/\/aconteceunovale.com.br\/portal\/?p=88152#breadcrumb"},"inLanguage":"pt-BR","potentialAction":[{"@type":"ReadAction","target":["https:\/\/aconteceunovale.com.br\/portal\/?p=88152"]}]},{"@type":"ImageObject","inLanguage":"pt-BR","@id":"https:\/\/aconteceunovale.com.br\/portal\/?p=88152#primaryimage","url":"https:\/\/aconteceunovale.com.br\/portal\/wp-content\/uploads\/2016\/05\/acc_1.jpg","contentUrl":"https:\/\/aconteceunovale.com.br\/portal\/wp-content\/uploads\/2016\/05\/acc_1.jpg","width":600,"height":450},{"@type":"BreadcrumbList","@id":"https:\/\/aconteceunovale.com.br\/portal\/?p=88152#breadcrumb","itemListElement":[{"@type":"ListItem","position":1,"name":"In\u00edcio","item":"https:\/\/aconteceunovale.com.br\/portal\/"},{"@type":"ListItem","position":2,"name":"Exig\u00eancia de habilita\u00e7\u00e3o para ciclomotores come\u00e7a a valer nesta quarta-feira"}]},{"@type":"WebSite","@id":"https:\/\/aconteceunovale.com.br\/portal\/#website","url":"https:\/\/aconteceunovale.com.br\/portal\/","name":"Aconteceu no Vale","description":"Portal de Not\u00edcias","potentialAction":[{"@type":"SearchAction","target":{"@type":"EntryPoint","urlTemplate":"https:\/\/aconteceunovale.com.br\/portal\/?s={search_term_string}"},"query-input":{"@type":"PropertyValueSpecification","valueRequired":true,"valueName":"search_term_string"}}],"inLanguage":"pt-BR"},{"@type":"Person","@id":"https:\/\/aconteceunovale.com.br\/portal\/#\/schema\/person\/633529146f2c94272bef50ac2953d589","name":"Aconteceu no Vale","description":"Equipe de reportagem do Aconteceu no Vale, portal de not\u00edcias do Vale do Jequitinhonha, em Minas Gerais. Cobrimos as 51 cidades do Vale desde 2013. Sugest\u00f5es de pauta e pedidos de corre\u00e7\u00e3o: contato@aconteceunovale.com.br","sameAs":["http:\/\/www.aconteceunovale.com.br"],"url":"https:\/\/aconteceunovale.com.br\/portal\/?author=1"}]}},"_links":{"self":[{"href":"https:\/\/aconteceunovale.com.br\/portal\/index.php?rest_route=\/wp\/v2\/posts\/88152","targetHints":{"allow":["GET"]}}],"collection":[{"href":"https:\/\/aconteceunovale.com.br\/portal\/index.php?rest_route=\/wp\/v2\/posts"}],"about":[{"href":"https:\/\/aconteceunovale.com.br\/portal\/index.php?rest_route=\/wp\/v2\/types\/post"}],"author":[{"embeddable":true,"href":"https:\/\/aconteceunovale.com.br\/portal\/index.php?rest_route=\/wp\/v2\/users\/1"}],"replies":[{"embeddable":true,"href":"https:\/\/aconteceunovale.com.br\/portal\/index.php?rest_route=%2Fwp%2Fv2%2Fcomments&post=88152"}],"version-history":[{"count":0,"href":"https:\/\/aconteceunovale.com.br\/portal\/index.php?rest_route=\/wp\/v2\/posts\/88152\/revisions"}],"wp:featuredmedia":[{"embeddable":true,"href":"https:\/\/aconteceunovale.com.br\/portal\/index.php?rest_route=\/wp\/v2\/media\/88153"}],"wp:attachment":[{"href":"https:\/\/aconteceunovale.com.br\/portal\/index.php?rest_route=%2Fwp%2Fv2%2Fmedia&parent=88152"}],"wp:term":[{"taxonomy":"category","embeddable":true,"href":"https:\/\/aconteceunovale.com.br\/portal\/index.php?rest_route=%2Fwp%2Fv2%2Fcategories&post=88152"},{"taxonomy":"post_tag","embeddable":true,"href":"https:\/\/aconteceunovale.com.br\/portal\/index.php?rest_route=%2Fwp%2Fv2%2Ftags&post=88152"}],"curies":[{"name":"wp","href":"https:\/\/api.w.org\/{rel}","templated":true}]}}