{"id":88148,"date":"2016-05-31T17:01:20","date_gmt":"2016-05-31T20:01:20","guid":{"rendered":"http:\/\/aconteceunovale.com.br\/portal\/?p=88148"},"modified":"2026-09-02T13:39:56","modified_gmt":"2026-09-02T16:39:56","slug":"proprietario-de-madeira-morre-apos-ser-atingido-por-tora-de-eucalipto-em-ponto-dos-volantes","status":"publish","type":"post","link":"https:\/\/aconteceunovale.com.br\/portal\/?p=88148","title":{"rendered":"Propriet\u00e1rio de madeireira morre ap\u00f3s ser atingido por toras de eucalipto em Ponto dos Volantes"},"content":{"rendered":"<p>Um homem de 28 anos morreu nesta segunda-feira, 30 de maio, ap\u00f3s ser atingido por toras de eucalipto, enquanto descarregava o caminh\u00e3o da empresa dele, uma madeireira da cidade de Ponto dos Volantes, no Vale do Jequitinhonha.<\/p>\n<p>O acidente foi registrado \u00e0s 16h45, na comunidade do Cardoso, zona rural do munic\u00edpio. Segundo relatos de moradores, o comerciante Luiz Pacheco de Ara\u00fajo estava transportando a madeira para a constru\u00e7\u00e3o de uma ponte. No momento em que ele desamarrava as cordas, algumas toras se soltaram e o atingiu.<\/p>\n<p>Ele teve a cabe\u00e7a esmagada e morreu no local. O corpo esta sendo velado no pr\u00e9dio da C\u00e2mara Municipal e o sepultamento estava previsto para o final da tarde desta ter\u00e7a-feira (31\/5). Luiz Pacheco era casado e pai de uma filha.<\/p>\n<p><img decoding=\"async\" src=\"http:\/\/aconteceunovale.com.br\/portal\/wp-content\/uploads\/2016\/05\/acidente_luiz_pacheto_pv.jpg\" alt=\"\" \/><em>Luiz Pacheco de Ara\u00fajo era propriet\u00e1rio de uma madeireira (Foto: Divulga\u00e7\u00e3o)<br \/>\n<\/br><\/p>\n<p>(Gazeta de Ara\u00e7ua\u00ed)<\/em><\/p>\n","protected":false},"excerpt":{"rendered":"<p>Um homem de 28 anos morreu nesta segunda-feira, 30 de maio, ap\u00f3s ser atingido por toras de eucalipto, enquanto descarregava o caminh\u00e3o da empresa dele, uma madeireira da cidade de Ponto dos Volantes, no Vale do Jequitinhonha. O acidente foi registrado \u00e0s 16h45, na comunidade do Cardoso, zona rural do munic\u00edpio. Segundo relatos de moradores, [&hellip;]<\/p>\n","protected":false},"author":1,"featured_media":88149,"comment_status":"open","ping_status":"closed","sticky":false,"template":"","format":"standard","meta":{"amp_status":"","footnotes":""},"categories":[272567,120],"tags":[96977,96980,96983,96982,96978,96981,444,96979,96976,96984,97050],"class_list":["post-88148","post","type-post","status-publish","format-standard","has-post-thumbnail","hentry","category-ponto-dos-volantes","category-jequi","tag-acidente-com-empresario-de-ponto-dos-volantes","tag-acidente-com-proprietario-de-madeira-de-ponto-dos-volantes","tag-luiz-pacheco","tag-luiz-pacheco-de-araujo","tag-morte-de-empresario-de-ponto-dos-volantes","tag-morte-de-proprietario-de-madeira-de-ponto-dos-volantes","tag-ponto-dos-volantes","tag-proprietario-de-madeira-de-ponto-dos-volantes","tag-proprietario-de-madeira-morre-apos-ser-atingido-por-tora-de-eucalipto-em-ponto-dos-volantes","tag-proprietario-de-madeira-morre-apos-ser-atingido-por-toras-de-eucalipto-em-ponto-dos-volantes","tag-proprietario-de-madeireira-morre-apos-ser-atingido-por-toras-de-eucalipto-em-ponto-dos-volantes"],"yoast_head":"<!-- This site is optimized with the Yoast SEO plugin v28.3 - https:\/\/yoast.com\/product\/yoast-seo-wordpress\/ -->\n<title>Propriet\u00e1rio de madeireira morre ap\u00f3s ser atingido por toras de eucalipto em Ponto dos Volantes - Aconteceu no Vale<\/title>\n<meta name=\"robots\" content=\"index, follow, max-snippet:-1, max-image-preview:large, max-video-preview:-1\" \/>\n<link rel=\"canonical\" href=\"https:\/\/aconteceunovale.com.br\/portal\/?p=88148\" \/>\n<meta property=\"og:locale\" content=\"pt_BR\" \/>\n<meta property=\"og:type\" content=\"article\" \/>\n<meta property=\"og:title\" content=\"Propriet\u00e1rio de madeireira morre ap\u00f3s ser atingido por toras de eucalipto em Ponto dos Volantes - Aconteceu no Vale\" \/>\n<meta property=\"og:description\" content=\"Um homem de 28 anos morreu nesta segunda-feira, 30 de maio, ap\u00f3s ser atingido por toras de eucalipto, enquanto descarregava o caminh\u00e3o da empresa dele, uma madeireira da cidade de Ponto dos Volantes, no Vale do Jequitinhonha. O acidente foi registrado \u00e0s 16h45, na comunidade do Cardoso, zona rural do munic\u00edpio. Segundo relatos de moradores, [&hellip;]\" \/>\n<meta property=\"og:url\" content=\"https:\/\/aconteceunovale.com.br\/portal\/?p=88148\" \/>\n<meta property=\"og:site_name\" content=\"Aconteceu no Vale\" \/>\n<meta property=\"article:publisher\" content=\"https:\/\/www.facebook.com\/aconteceunovale\/\" \/>\n<meta property=\"article:published_time\" content=\"2016-05-31T20:01:20+00:00\" \/>\n<meta property=\"article:modified_time\" content=\"2026-09-02T16:39:56+00:00\" \/>\n<meta property=\"og:image\" content=\"https:\/\/aconteceunovale.com.br\/portal\/wp-content\/uploads\/2016\/05\/acidente_luiz_pacheto_pv.jpg\" \/>\n\t<meta property=\"og:image:width\" content=\"632\" \/>\n\t<meta property=\"og:image:height\" content=\"450\" \/>\n\t<meta property=\"og:image:type\" content=\"image\/jpeg\" \/>\n<meta name=\"author\" content=\"Aconteceu no Vale\" \/>\n<meta name=\"twitter:card\" content=\"summary_large_image\" \/>\n<meta name=\"twitter:creator\" content=\"@noticiadosvales\" \/>\n<meta name=\"twitter:site\" content=\"@noticiadosvales\" \/>\n<meta name=\"twitter:label1\" content=\"Escrito por\" \/>\n\t<meta name=\"twitter:data1\" content=\"Aconteceu no Vale\" \/>\n\t<meta name=\"twitter:label2\" content=\"Est. tempo de leitura\" \/>\n\t<meta name=\"twitter:data2\" content=\"1 minuto\" \/>\n<script type=\"application\/ld+json\" class=\"yoast-schema-graph\">{\"@context\":\"https:\\\/\\\/schema.org\",\"@graph\":[{\"@type\":\"Article\",\"@id\":\"https:\\\/\\\/aconteceunovale.com.br\\\/portal\\\/?p=88148#article\",\"isPartOf\":{\"@id\":\"https:\\\/\\\/aconteceunovale.com.br\\\/portal\\\/?p=88148\"},\"author\":{\"name\":\"Aconteceu no Vale\",\"@id\":\"https:\\\/\\\/aconteceunovale.com.br\\\/portal\\\/#\\\/schema\\\/person\\\/633529146f2c94272bef50ac2953d589\"},\"headline\":\"Propriet\u00e1rio de madeireira morre ap\u00f3s ser atingido por toras de eucalipto em Ponto dos Volantes\",\"datePublished\":\"2016-05-31T20:01:20+00:00\",\"dateModified\":\"2026-09-02T16:39:56+00:00\",\"mainEntityOfPage\":{\"@id\":\"https:\\\/\\\/aconteceunovale.com.br\\\/portal\\\/?p=88148\"},\"wordCount\":168,\"commentCount\":0,\"image\":{\"@id\":\"https:\\\/\\\/aconteceunovale.com.br\\\/portal\\\/?p=88148#primaryimage\"},\"thumbnailUrl\":\"https:\\\/\\\/aconteceunovale.com.br\\\/portal\\\/wp-content\\\/uploads\\\/2016\\\/05\\\/acidente_luiz_pacheto_pv.jpg\",\"keywords\":[\"acidente com empres\u00e1rio de Ponto dos Volantes\",\"Acidente com Propriet\u00e1rio de madeira de Ponto dos Volantes\",\"Luiz Pacheco\",\"Luiz Pacheco de Ara\u00fajo\",\"morte de empres\u00e1rio de Ponto dos Volantes\",\"Morte de Propriet\u00e1rio de madeira de Ponto dos Volantes\",\"Ponto dos Volantes\",\"Propriet\u00e1rio de madeira de Ponto dos Volantes\",\"Propriet\u00e1rio de madeira morre ap\u00f3s ser atingido por tora de eucalipto em Ponto dos Volantes\",\"Propriet\u00e1rio de madeira morre ap\u00f3s ser atingido por toras de eucalipto em Ponto dos Volantes\",\"Propriet\u00e1rio de madeireira morre ap\u00f3s ser atingido por toras de eucalipto em Ponto dos Volantes\"],\"articleSection\":[\"Ponto dos Volantes\",\"Vale do Jequitinhonha\"],\"inLanguage\":\"pt-BR\",\"potentialAction\":[{\"@type\":\"CommentAction\",\"name\":\"Comment\",\"target\":[\"https:\\\/\\\/aconteceunovale.com.br\\\/portal\\\/?p=88148#respond\"]}]},{\"@type\":\"WebPage\",\"@id\":\"https:\\\/\\\/aconteceunovale.com.br\\\/portal\\\/?p=88148\",\"url\":\"https:\\\/\\\/aconteceunovale.com.br\\\/portal\\\/?p=88148\",\"name\":\"Propriet\u00e1rio de madeireira morre ap\u00f3s ser atingido por toras de eucalipto em Ponto dos Volantes - Aconteceu no Vale\",\"isPartOf\":{\"@id\":\"https:\\\/\\\/aconteceunovale.com.br\\\/portal\\\/#website\"},\"primaryImageOfPage\":{\"@id\":\"https:\\\/\\\/aconteceunovale.com.br\\\/portal\\\/?p=88148#primaryimage\"},\"image\":{\"@id\":\"https:\\\/\\\/aconteceunovale.com.br\\\/portal\\\/?p=88148#primaryimage\"},\"thumbnailUrl\":\"https:\\\/\\\/aconteceunovale.com.br\\\/portal\\\/wp-content\\\/uploads\\\/2016\\\/05\\\/acidente_luiz_pacheto_pv.jpg\",\"datePublished\":\"2016-05-31T20:01:20+00:00\",\"dateModified\":\"2026-09-02T16:39:56+00:00\",\"author\":{\"@id\":\"https:\\\/\\\/aconteceunovale.com.br\\\/portal\\\/#\\\/schema\\\/person\\\/633529146f2c94272bef50ac2953d589\"},\"breadcrumb\":{\"@id\":\"https:\\\/\\\/aconteceunovale.com.br\\\/portal\\\/?p=88148#breadcrumb\"},\"inLanguage\":\"pt-BR\",\"potentialAction\":[{\"@type\":\"ReadAction\",\"target\":[\"https:\\\/\\\/aconteceunovale.com.br\\\/portal\\\/?p=88148\"]}]},{\"@type\":\"ImageObject\",\"inLanguage\":\"pt-BR\",\"@id\":\"https:\\\/\\\/aconteceunovale.com.br\\\/portal\\\/?p=88148#primaryimage\",\"url\":\"https:\\\/\\\/aconteceunovale.com.br\\\/portal\\\/wp-content\\\/uploads\\\/2016\\\/05\\\/acidente_luiz_pacheto_pv.jpg\",\"contentUrl\":\"https:\\\/\\\/aconteceunovale.com.br\\\/portal\\\/wp-content\\\/uploads\\\/2016\\\/05\\\/acidente_luiz_pacheto_pv.jpg\",\"width\":632,\"height\":450},{\"@type\":\"BreadcrumbList\",\"@id\":\"https:\\\/\\\/aconteceunovale.com.br\\\/portal\\\/?p=88148#breadcrumb\",\"itemListElement\":[{\"@type\":\"ListItem\",\"position\":1,\"name\":\"In\u00edcio\",\"item\":\"https:\\\/\\\/aconteceunovale.com.br\\\/portal\\\/\"},{\"@type\":\"ListItem\",\"position\":2,\"name\":\"Propriet\u00e1rio de madeireira morre ap\u00f3s ser atingido por toras de eucalipto em Ponto dos Volantes\"}]},{\"@type\":\"WebSite\",\"@id\":\"https:\\\/\\\/aconteceunovale.com.br\\\/portal\\\/#website\",\"url\":\"https:\\\/\\\/aconteceunovale.com.br\\\/portal\\\/\",\"name\":\"Aconteceu no Vale\",\"description\":\"Portal de Not\u00edcias\",\"potentialAction\":[{\"@type\":\"SearchAction\",\"target\":{\"@type\":\"EntryPoint\",\"urlTemplate\":\"https:\\\/\\\/aconteceunovale.com.br\\\/portal\\\/?s={search_term_string}\"},\"query-input\":{\"@type\":\"PropertyValueSpecification\",\"valueRequired\":true,\"valueName\":\"search_term_string\"}}],\"inLanguage\":\"pt-BR\"},{\"@type\":\"Person\",\"@id\":\"https:\\\/\\\/aconteceunovale.com.br\\\/portal\\\/#\\\/schema\\\/person\\\/633529146f2c94272bef50ac2953d589\",\"name\":\"Aconteceu no Vale\",\"description\":\"Equipe de reportagem do Aconteceu no Vale, portal de not\u00edcias do Vale do Jequitinhonha, em Minas Gerais. Cobrimos as 51 cidades do Vale desde 2013. Sugest\u00f5es de pauta e pedidos de corre\u00e7\u00e3o: contato@aconteceunovale.com.br\",\"sameAs\":[\"http:\\\/\\\/www.aconteceunovale.com.br\"],\"url\":\"https:\\\/\\\/aconteceunovale.com.br\\\/portal\\\/?author=1\"}]}<\/script>\n<!-- \/ Yoast SEO plugin. -->","yoast_head_json":{"title":"Propriet\u00e1rio de madeireira morre ap\u00f3s ser atingido por toras de eucalipto em Ponto dos Volantes - Aconteceu no Vale","robots":{"index":"index","follow":"follow","max-snippet":"max-snippet:-1","max-image-preview":"max-image-preview:large","max-video-preview":"max-video-preview:-1"},"canonical":"https:\/\/aconteceunovale.com.br\/portal\/?p=88148","og_locale":"pt_BR","og_type":"article","og_title":"Propriet\u00e1rio de madeireira morre ap\u00f3s ser atingido por toras de eucalipto em Ponto dos Volantes - Aconteceu no Vale","og_description":"Um homem de 28 anos morreu nesta segunda-feira, 30 de maio, ap\u00f3s ser atingido por toras de eucalipto, enquanto descarregava o caminh\u00e3o da empresa dele, uma madeireira da cidade de Ponto dos Volantes, no Vale do Jequitinhonha. O acidente foi registrado \u00e0s 16h45, na comunidade do Cardoso, zona rural do munic\u00edpio. Segundo relatos de moradores, [&hellip;]","og_url":"https:\/\/aconteceunovale.com.br\/portal\/?p=88148","og_site_name":"Aconteceu no Vale","article_publisher":"https:\/\/www.facebook.com\/aconteceunovale\/","article_published_time":"2016-05-31T20:01:20+00:00","article_modified_time":"2026-09-02T16:39:56+00:00","og_image":[{"width":632,"height":450,"url":"https:\/\/aconteceunovale.com.br\/portal\/wp-content\/uploads\/2016\/05\/acidente_luiz_pacheto_pv.jpg","type":"image\/jpeg"}],"author":"Aconteceu no Vale","twitter_card":"summary_large_image","twitter_creator":"@noticiadosvales","twitter_site":"@noticiadosvales","twitter_misc":{"Escrito por":"Aconteceu no Vale","Est. tempo de leitura":"1 minuto"},"schema":{"@context":"https:\/\/schema.org","@graph":[{"@type":"Article","@id":"https:\/\/aconteceunovale.com.br\/portal\/?p=88148#article","isPartOf":{"@id":"https:\/\/aconteceunovale.com.br\/portal\/?p=88148"},"author":{"name":"Aconteceu no Vale","@id":"https:\/\/aconteceunovale.com.br\/portal\/#\/schema\/person\/633529146f2c94272bef50ac2953d589"},"headline":"Propriet\u00e1rio de madeireira morre ap\u00f3s ser atingido por toras de eucalipto em Ponto dos Volantes","datePublished":"2016-05-31T20:01:20+00:00","dateModified":"2026-09-02T16:39:56+00:00","mainEntityOfPage":{"@id":"https:\/\/aconteceunovale.com.br\/portal\/?p=88148"},"wordCount":168,"commentCount":0,"image":{"@id":"https:\/\/aconteceunovale.com.br\/portal\/?p=88148#primaryimage"},"thumbnailUrl":"https:\/\/aconteceunovale.com.br\/portal\/wp-content\/uploads\/2016\/05\/acidente_luiz_pacheto_pv.jpg","keywords":["acidente com empres\u00e1rio de Ponto dos Volantes","Acidente com Propriet\u00e1rio de madeira de Ponto dos Volantes","Luiz Pacheco","Luiz Pacheco de Ara\u00fajo","morte de empres\u00e1rio de Ponto dos Volantes","Morte de Propriet\u00e1rio de madeira de Ponto dos Volantes","Ponto dos Volantes","Propriet\u00e1rio de madeira de Ponto dos Volantes","Propriet\u00e1rio de madeira morre ap\u00f3s ser atingido por tora de eucalipto em Ponto dos Volantes","Propriet\u00e1rio de madeira morre ap\u00f3s ser atingido por toras de eucalipto em Ponto dos Volantes","Propriet\u00e1rio de madeireira morre ap\u00f3s ser atingido por toras de eucalipto em Ponto dos Volantes"],"articleSection":["Ponto dos Volantes","Vale do Jequitinhonha"],"inLanguage":"pt-BR","potentialAction":[{"@type":"CommentAction","name":"Comment","target":["https:\/\/aconteceunovale.com.br\/portal\/?p=88148#respond"]}]},{"@type":"WebPage","@id":"https:\/\/aconteceunovale.com.br\/portal\/?p=88148","url":"https:\/\/aconteceunovale.com.br\/portal\/?p=88148","name":"Propriet\u00e1rio de madeireira morre ap\u00f3s ser atingido por toras de eucalipto em Ponto dos Volantes - Aconteceu no Vale","isPartOf":{"@id":"https:\/\/aconteceunovale.com.br\/portal\/#website"},"primaryImageOfPage":{"@id":"https:\/\/aconteceunovale.com.br\/portal\/?p=88148#primaryimage"},"image":{"@id":"https:\/\/aconteceunovale.com.br\/portal\/?p=88148#primaryimage"},"thumbnailUrl":"https:\/\/aconteceunovale.com.br\/portal\/wp-content\/uploads\/2016\/05\/acidente_luiz_pacheto_pv.jpg","datePublished":"2016-05-31T20:01:20+00:00","dateModified":"2026-09-02T16:39:56+00:00","author":{"@id":"https:\/\/aconteceunovale.com.br\/portal\/#\/schema\/person\/633529146f2c94272bef50ac2953d589"},"breadcrumb":{"@id":"https:\/\/aconteceunovale.com.br\/portal\/?p=88148#breadcrumb"},"inLanguage":"pt-BR","potentialAction":[{"@type":"ReadAction","target":["https:\/\/aconteceunovale.com.br\/portal\/?p=88148"]}]},{"@type":"ImageObject","inLanguage":"pt-BR","@id":"https:\/\/aconteceunovale.com.br\/portal\/?p=88148#primaryimage","url":"https:\/\/aconteceunovale.com.br\/portal\/wp-content\/uploads\/2016\/05\/acidente_luiz_pacheto_pv.jpg","contentUrl":"https:\/\/aconteceunovale.com.br\/portal\/wp-content\/uploads\/2016\/05\/acidente_luiz_pacheto_pv.jpg","width":632,"height":450},{"@type":"BreadcrumbList","@id":"https:\/\/aconteceunovale.com.br\/portal\/?p=88148#breadcrumb","itemListElement":[{"@type":"ListItem","position":1,"name":"In\u00edcio","item":"https:\/\/aconteceunovale.com.br\/portal\/"},{"@type":"ListItem","position":2,"name":"Propriet\u00e1rio de madeireira morre ap\u00f3s ser atingido por toras de eucalipto em Ponto dos Volantes"}]},{"@type":"WebSite","@id":"https:\/\/aconteceunovale.com.br\/portal\/#website","url":"https:\/\/aconteceunovale.com.br\/portal\/","name":"Aconteceu no Vale","description":"Portal de Not\u00edcias","potentialAction":[{"@type":"SearchAction","target":{"@type":"EntryPoint","urlTemplate":"https:\/\/aconteceunovale.com.br\/portal\/?s={search_term_string}"},"query-input":{"@type":"PropertyValueSpecification","valueRequired":true,"valueName":"search_term_string"}}],"inLanguage":"pt-BR"},{"@type":"Person","@id":"https:\/\/aconteceunovale.com.br\/portal\/#\/schema\/person\/633529146f2c94272bef50ac2953d589","name":"Aconteceu no Vale","description":"Equipe de reportagem do Aconteceu no Vale, portal de not\u00edcias do Vale do Jequitinhonha, em Minas Gerais. Cobrimos as 51 cidades do Vale desde 2013. Sugest\u00f5es de pauta e pedidos de corre\u00e7\u00e3o: contato@aconteceunovale.com.br","sameAs":["http:\/\/www.aconteceunovale.com.br"],"url":"https:\/\/aconteceunovale.com.br\/portal\/?author=1"}]}},"_links":{"self":[{"href":"https:\/\/aconteceunovale.com.br\/portal\/index.php?rest_route=\/wp\/v2\/posts\/88148","targetHints":{"allow":["GET"]}}],"collection":[{"href":"https:\/\/aconteceunovale.com.br\/portal\/index.php?rest_route=\/wp\/v2\/posts"}],"about":[{"href":"https:\/\/aconteceunovale.com.br\/portal\/index.php?rest_route=\/wp\/v2\/types\/post"}],"author":[{"embeddable":true,"href":"https:\/\/aconteceunovale.com.br\/portal\/index.php?rest_route=\/wp\/v2\/users\/1"}],"replies":[{"embeddable":true,"href":"https:\/\/aconteceunovale.com.br\/portal\/index.php?rest_route=%2Fwp%2Fv2%2Fcomments&post=88148"}],"version-history":[{"count":1,"href":"https:\/\/aconteceunovale.com.br\/portal\/index.php?rest_route=\/wp\/v2\/posts\/88148\/revisions"}],"predecessor-version":[{"id":201711,"href":"https:\/\/aconteceunovale.com.br\/portal\/index.php?rest_route=\/wp\/v2\/posts\/88148\/revisions\/201711"}],"wp:featuredmedia":[{"embeddable":true,"href":"https:\/\/aconteceunovale.com.br\/portal\/index.php?rest_route=\/wp\/v2\/media\/88149"}],"wp:attachment":[{"href":"https:\/\/aconteceunovale.com.br\/portal\/index.php?rest_route=%2Fwp%2Fv2%2Fmedia&parent=88148"}],"wp:term":[{"taxonomy":"category","embeddable":true,"href":"https:\/\/aconteceunovale.com.br\/portal\/index.php?rest_route=%2Fwp%2Fv2%2Fcategories&post=88148"},{"taxonomy":"post_tag","embeddable":true,"href":"https:\/\/aconteceunovale.com.br\/portal\/index.php?rest_route=%2Fwp%2Fv2%2Ftags&post=88148"}],"curies":[{"name":"wp","href":"https:\/\/api.w.org\/{rel}","templated":true}]}}