{"id":88145,"date":"2016-05-31T16:49:06","date_gmt":"2016-05-31T19:49:06","guid":{"rendered":"http:\/\/aconteceunovale.com.br\/portal\/?p=88145"},"modified":"2026-09-02T13:40:00","modified_gmt":"2026-09-02T16:40:00","slug":"adolescente-e-assassinado-dentro-da-propria-casa-em-ponto-dos-volantes","status":"publish","type":"post","link":"https:\/\/aconteceunovale.com.br\/portal\/?p=88145","title":{"rendered":"Adolescente \u00e9 assassinado dentro da pr\u00f3pria casa em Ponto dos Volantes"},"content":{"rendered":"<p>Um adolescente de 14 anos foi morto com um tiro, na noite desta segunda-feira, 30 de maio, em Ponto dos Volantes, Vale do Jequitinhonha. De acordo com a Pol\u00edcia Militar (PM), a v\u00edtima Erasmo Pereira de Andrade Faria foi atingida na altura da axila direita e morreu no local.<\/p>\n<p>Segundo a PM, um rapaz de 18 anos \u00e9 o principal suspeito de ser o autor do homic\u00eddio, ocorrido por volta das 21h35. Ele foi visto com o menor, horas antes do crime e ainda n\u00e3o foi localizado. A pol\u00edcia suspeita que o crime tenha rela\u00e7\u00e3o com o tr\u00e1fico de drogas.<\/p>\n<p>O adolescente foi encontrado ca\u00eddo no ch\u00e3o da sala da casa onde morava com os pais, na Rua Inoc\u00eancio Ramalho, nas proximidades do cemit\u00e9rio municipal. A porta da resid\u00eancia estava aberta e a pol\u00edcia foi acionada por populares.<\/p>\n<p>A per\u00edcia esteve no local e removeu o corpo para o Instituto M\u00e9dico Legal (IML) de Te\u00f3filo Otoni. <\/p>\n<p>Ainda segundo a PM o local onde o crime ocorreu, \u00e9 conhecido como ponto de vendas e uso de drogas. A motiva\u00e7\u00e3o e autoria do assassinato est\u00e3o sendo investigadas. O caso ficar\u00e1 sob responsabilidade da Pol\u00edcia Civil.<\/p>\n<p><img decoding=\"async\" src=\"http:\/\/aconteceunovale.com.br\/portal\/wp-content\/uploads\/2016\/05\/vitima_pv.jpg\" alt=\"\" \/><em>Erasmo Pereira foi assassinato com um tiro (Foto: Divulga\u00e7\u00e3o)<\/em><br \/>\n<\/br><\/p>\n<p><em>(Gazeta de Ara\u00e7ua\u00ed)<\/em><\/p>\n","protected":false},"excerpt":{"rendered":"<p>Um adolescente de 14 anos foi morto com um tiro, na noite desta segunda-feira, 30 de maio, em Ponto dos Volantes, Vale do Jequitinhonha. De acordo com a Pol\u00edcia Militar (PM), a v\u00edtima Erasmo Pereira de Andrade Faria foi atingida na altura da axila direita e morreu no local. Segundo a PM, um rapaz de [&hellip;]<\/p>\n","protected":false},"author":1,"featured_media":76163,"comment_status":"open","ping_status":"closed","sticky":false,"template":"","format":"standard","meta":{"amp_status":"","footnotes":""},"categories":[272567,120],"tags":[96970,96972,96975,96971,96973,96974,444],"class_list":["post-88145","post","type-post","status-publish","format-standard","has-post-thumbnail","hentry","category-ponto-dos-volantes","category-jequi","tag-adolescente-e-assassinado-dentro-da-propria-casa-em-ponto-dos-volantes","tag-assassinato-ponto-dos-volantes","tag-erasmo-pereira-de-andrade-faria","tag-homicidio-ponto-dos-volantes","tag-morte-ponto-dos-volantes","tag-morto-ponto-dos-volantes","tag-ponto-dos-volantes"],"yoast_head":"<!-- This site is optimized with the Yoast SEO plugin v28.3 - https:\/\/yoast.com\/product\/yoast-seo-wordpress\/ -->\n<title>Adolescente \u00e9 assassinado dentro da pr\u00f3pria casa em Ponto dos Volantes - Aconteceu no Vale<\/title>\n<meta name=\"robots\" content=\"index, follow, max-snippet:-1, max-image-preview:large, max-video-preview:-1\" \/>\n<link rel=\"canonical\" href=\"https:\/\/aconteceunovale.com.br\/portal\/?p=88145\" \/>\n<meta property=\"og:locale\" content=\"pt_BR\" \/>\n<meta property=\"og:type\" content=\"article\" \/>\n<meta property=\"og:title\" content=\"Adolescente \u00e9 assassinado dentro da pr\u00f3pria casa em Ponto dos Volantes - Aconteceu no Vale\" \/>\n<meta property=\"og:description\" content=\"Um adolescente de 14 anos foi morto com um tiro, na noite desta segunda-feira, 30 de maio, em Ponto dos Volantes, Vale do Jequitinhonha. De acordo com a Pol\u00edcia Militar (PM), a v\u00edtima Erasmo Pereira de Andrade Faria foi atingida na altura da axila direita e morreu no local. Segundo a PM, um rapaz de [&hellip;]\" \/>\n<meta property=\"og:url\" content=\"https:\/\/aconteceunovale.com.br\/portal\/?p=88145\" \/>\n<meta property=\"og:site_name\" content=\"Aconteceu no Vale\" \/>\n<meta property=\"article:publisher\" content=\"https:\/\/www.facebook.com\/aconteceunovale\/\" \/>\n<meta property=\"article:published_time\" content=\"2016-05-31T19:49:06+00:00\" \/>\n<meta property=\"article:modified_time\" content=\"2026-09-02T16:40:00+00:00\" \/>\n<meta property=\"og:image\" content=\"https:\/\/aconteceunovale.com.br\/portal\/wp-content\/uploads\/2016\/01\/ponto_dos_volantes.png\" \/>\n\t<meta property=\"og:image:width\" content=\"482\" \/>\n\t<meta property=\"og:image:height\" content=\"272\" \/>\n\t<meta property=\"og:image:type\" content=\"image\/png\" \/>\n<meta name=\"author\" content=\"Aconteceu no Vale\" \/>\n<meta name=\"twitter:card\" content=\"summary_large_image\" \/>\n<meta name=\"twitter:creator\" content=\"@noticiadosvales\" \/>\n<meta name=\"twitter:site\" content=\"@noticiadosvales\" \/>\n<meta name=\"twitter:label1\" content=\"Escrito por\" \/>\n\t<meta name=\"twitter:data1\" content=\"Aconteceu no Vale\" \/>\n\t<meta name=\"twitter:label2\" content=\"Est. tempo de leitura\" \/>\n\t<meta name=\"twitter:data2\" content=\"1 minuto\" \/>\n<script type=\"application\/ld+json\" class=\"yoast-schema-graph\">{\"@context\":\"https:\\\/\\\/schema.org\",\"@graph\":[{\"@type\":\"Article\",\"@id\":\"https:\\\/\\\/aconteceunovale.com.br\\\/portal\\\/?p=88145#article\",\"isPartOf\":{\"@id\":\"https:\\\/\\\/aconteceunovale.com.br\\\/portal\\\/?p=88145\"},\"author\":{\"name\":\"Aconteceu no Vale\",\"@id\":\"https:\\\/\\\/aconteceunovale.com.br\\\/portal\\\/#\\\/schema\\\/person\\\/633529146f2c94272bef50ac2953d589\"},\"headline\":\"Adolescente \u00e9 assassinado dentro da pr\u00f3pria casa em Ponto dos Volantes\",\"datePublished\":\"2016-05-31T19:49:06+00:00\",\"dateModified\":\"2026-09-02T16:40:00+00:00\",\"mainEntityOfPage\":{\"@id\":\"https:\\\/\\\/aconteceunovale.com.br\\\/portal\\\/?p=88145\"},\"wordCount\":232,\"commentCount\":0,\"image\":{\"@id\":\"https:\\\/\\\/aconteceunovale.com.br\\\/portal\\\/?p=88145#primaryimage\"},\"thumbnailUrl\":\"https:\\\/\\\/aconteceunovale.com.br\\\/portal\\\/wp-content\\\/uploads\\\/2016\\\/01\\\/ponto_dos_volantes.png\",\"keywords\":[\"Adolescente \u00e9 assassinado dentro da pr\u00f3pria casa em Ponto dos Volantes\",\"assassinato Ponto dos Volantes\",\"Erasmo Pereira de Andrade Faria\",\"homic\u00eddio Ponto dos Volantes\",\"morte Ponto dos Volantes\",\"morto Ponto dos Volantes\",\"Ponto dos Volantes\"],\"articleSection\":[\"Ponto dos Volantes\",\"Vale do Jequitinhonha\"],\"inLanguage\":\"pt-BR\",\"potentialAction\":[{\"@type\":\"CommentAction\",\"name\":\"Comment\",\"target\":[\"https:\\\/\\\/aconteceunovale.com.br\\\/portal\\\/?p=88145#respond\"]}]},{\"@type\":\"WebPage\",\"@id\":\"https:\\\/\\\/aconteceunovale.com.br\\\/portal\\\/?p=88145\",\"url\":\"https:\\\/\\\/aconteceunovale.com.br\\\/portal\\\/?p=88145\",\"name\":\"Adolescente \u00e9 assassinado dentro da pr\u00f3pria casa em Ponto dos Volantes - Aconteceu no Vale\",\"isPartOf\":{\"@id\":\"https:\\\/\\\/aconteceunovale.com.br\\\/portal\\\/#website\"},\"primaryImageOfPage\":{\"@id\":\"https:\\\/\\\/aconteceunovale.com.br\\\/portal\\\/?p=88145#primaryimage\"},\"image\":{\"@id\":\"https:\\\/\\\/aconteceunovale.com.br\\\/portal\\\/?p=88145#primaryimage\"},\"thumbnailUrl\":\"https:\\\/\\\/aconteceunovale.com.br\\\/portal\\\/wp-content\\\/uploads\\\/2016\\\/01\\\/ponto_dos_volantes.png\",\"datePublished\":\"2016-05-31T19:49:06+00:00\",\"dateModified\":\"2026-09-02T16:40:00+00:00\",\"author\":{\"@id\":\"https:\\\/\\\/aconteceunovale.com.br\\\/portal\\\/#\\\/schema\\\/person\\\/633529146f2c94272bef50ac2953d589\"},\"breadcrumb\":{\"@id\":\"https:\\\/\\\/aconteceunovale.com.br\\\/portal\\\/?p=88145#breadcrumb\"},\"inLanguage\":\"pt-BR\",\"potentialAction\":[{\"@type\":\"ReadAction\",\"target\":[\"https:\\\/\\\/aconteceunovale.com.br\\\/portal\\\/?p=88145\"]}]},{\"@type\":\"ImageObject\",\"inLanguage\":\"pt-BR\",\"@id\":\"https:\\\/\\\/aconteceunovale.com.br\\\/portal\\\/?p=88145#primaryimage\",\"url\":\"https:\\\/\\\/aconteceunovale.com.br\\\/portal\\\/wp-content\\\/uploads\\\/2016\\\/01\\\/ponto_dos_volantes.png\",\"contentUrl\":\"https:\\\/\\\/aconteceunovale.com.br\\\/portal\\\/wp-content\\\/uploads\\\/2016\\\/01\\\/ponto_dos_volantes.png\",\"width\":482,\"height\":272},{\"@type\":\"BreadcrumbList\",\"@id\":\"https:\\\/\\\/aconteceunovale.com.br\\\/portal\\\/?p=88145#breadcrumb\",\"itemListElement\":[{\"@type\":\"ListItem\",\"position\":1,\"name\":\"In\u00edcio\",\"item\":\"https:\\\/\\\/aconteceunovale.com.br\\\/portal\\\/\"},{\"@type\":\"ListItem\",\"position\":2,\"name\":\"Adolescente \u00e9 assassinado dentro da pr\u00f3pria casa em Ponto dos Volantes\"}]},{\"@type\":\"WebSite\",\"@id\":\"https:\\\/\\\/aconteceunovale.com.br\\\/portal\\\/#website\",\"url\":\"https:\\\/\\\/aconteceunovale.com.br\\\/portal\\\/\",\"name\":\"Aconteceu no Vale\",\"description\":\"Portal de Not\u00edcias\",\"potentialAction\":[{\"@type\":\"SearchAction\",\"target\":{\"@type\":\"EntryPoint\",\"urlTemplate\":\"https:\\\/\\\/aconteceunovale.com.br\\\/portal\\\/?s={search_term_string}\"},\"query-input\":{\"@type\":\"PropertyValueSpecification\",\"valueRequired\":true,\"valueName\":\"search_term_string\"}}],\"inLanguage\":\"pt-BR\"},{\"@type\":\"Person\",\"@id\":\"https:\\\/\\\/aconteceunovale.com.br\\\/portal\\\/#\\\/schema\\\/person\\\/633529146f2c94272bef50ac2953d589\",\"name\":\"Aconteceu no Vale\",\"description\":\"Equipe de reportagem do Aconteceu no Vale, portal de not\u00edcias do Vale do Jequitinhonha, em Minas Gerais. Cobrimos as 51 cidades do Vale desde 2013. Sugest\u00f5es de pauta e pedidos de corre\u00e7\u00e3o: contato@aconteceunovale.com.br\",\"sameAs\":[\"http:\\\/\\\/www.aconteceunovale.com.br\"],\"url\":\"https:\\\/\\\/aconteceunovale.com.br\\\/portal\\\/?author=1\"}]}<\/script>\n<!-- \/ Yoast SEO plugin. -->","yoast_head_json":{"title":"Adolescente \u00e9 assassinado dentro da pr\u00f3pria casa em Ponto dos Volantes - Aconteceu no Vale","robots":{"index":"index","follow":"follow","max-snippet":"max-snippet:-1","max-image-preview":"max-image-preview:large","max-video-preview":"max-video-preview:-1"},"canonical":"https:\/\/aconteceunovale.com.br\/portal\/?p=88145","og_locale":"pt_BR","og_type":"article","og_title":"Adolescente \u00e9 assassinado dentro da pr\u00f3pria casa em Ponto dos Volantes - Aconteceu no Vale","og_description":"Um adolescente de 14 anos foi morto com um tiro, na noite desta segunda-feira, 30 de maio, em Ponto dos Volantes, Vale do Jequitinhonha. De acordo com a Pol\u00edcia Militar (PM), a v\u00edtima Erasmo Pereira de Andrade Faria foi atingida na altura da axila direita e morreu no local. Segundo a PM, um rapaz de [&hellip;]","og_url":"https:\/\/aconteceunovale.com.br\/portal\/?p=88145","og_site_name":"Aconteceu no Vale","article_publisher":"https:\/\/www.facebook.com\/aconteceunovale\/","article_published_time":"2016-05-31T19:49:06+00:00","article_modified_time":"2026-09-02T16:40:00+00:00","og_image":[{"width":482,"height":272,"url":"https:\/\/aconteceunovale.com.br\/portal\/wp-content\/uploads\/2016\/01\/ponto_dos_volantes.png","type":"image\/png"}],"author":"Aconteceu no Vale","twitter_card":"summary_large_image","twitter_creator":"@noticiadosvales","twitter_site":"@noticiadosvales","twitter_misc":{"Escrito por":"Aconteceu no Vale","Est. tempo de leitura":"1 minuto"},"schema":{"@context":"https:\/\/schema.org","@graph":[{"@type":"Article","@id":"https:\/\/aconteceunovale.com.br\/portal\/?p=88145#article","isPartOf":{"@id":"https:\/\/aconteceunovale.com.br\/portal\/?p=88145"},"author":{"name":"Aconteceu no Vale","@id":"https:\/\/aconteceunovale.com.br\/portal\/#\/schema\/person\/633529146f2c94272bef50ac2953d589"},"headline":"Adolescente \u00e9 assassinado dentro da pr\u00f3pria casa em Ponto dos Volantes","datePublished":"2016-05-31T19:49:06+00:00","dateModified":"2026-09-02T16:40:00+00:00","mainEntityOfPage":{"@id":"https:\/\/aconteceunovale.com.br\/portal\/?p=88145"},"wordCount":232,"commentCount":0,"image":{"@id":"https:\/\/aconteceunovale.com.br\/portal\/?p=88145#primaryimage"},"thumbnailUrl":"https:\/\/aconteceunovale.com.br\/portal\/wp-content\/uploads\/2016\/01\/ponto_dos_volantes.png","keywords":["Adolescente \u00e9 assassinado dentro da pr\u00f3pria casa em Ponto dos Volantes","assassinato Ponto dos Volantes","Erasmo Pereira de Andrade Faria","homic\u00eddio Ponto dos Volantes","morte Ponto dos Volantes","morto Ponto dos Volantes","Ponto dos Volantes"],"articleSection":["Ponto dos Volantes","Vale do Jequitinhonha"],"inLanguage":"pt-BR","potentialAction":[{"@type":"CommentAction","name":"Comment","target":["https:\/\/aconteceunovale.com.br\/portal\/?p=88145#respond"]}]},{"@type":"WebPage","@id":"https:\/\/aconteceunovale.com.br\/portal\/?p=88145","url":"https:\/\/aconteceunovale.com.br\/portal\/?p=88145","name":"Adolescente \u00e9 assassinado dentro da pr\u00f3pria casa em Ponto dos Volantes - Aconteceu no Vale","isPartOf":{"@id":"https:\/\/aconteceunovale.com.br\/portal\/#website"},"primaryImageOfPage":{"@id":"https:\/\/aconteceunovale.com.br\/portal\/?p=88145#primaryimage"},"image":{"@id":"https:\/\/aconteceunovale.com.br\/portal\/?p=88145#primaryimage"},"thumbnailUrl":"https:\/\/aconteceunovale.com.br\/portal\/wp-content\/uploads\/2016\/01\/ponto_dos_volantes.png","datePublished":"2016-05-31T19:49:06+00:00","dateModified":"2026-09-02T16:40:00+00:00","author":{"@id":"https:\/\/aconteceunovale.com.br\/portal\/#\/schema\/person\/633529146f2c94272bef50ac2953d589"},"breadcrumb":{"@id":"https:\/\/aconteceunovale.com.br\/portal\/?p=88145#breadcrumb"},"inLanguage":"pt-BR","potentialAction":[{"@type":"ReadAction","target":["https:\/\/aconteceunovale.com.br\/portal\/?p=88145"]}]},{"@type":"ImageObject","inLanguage":"pt-BR","@id":"https:\/\/aconteceunovale.com.br\/portal\/?p=88145#primaryimage","url":"https:\/\/aconteceunovale.com.br\/portal\/wp-content\/uploads\/2016\/01\/ponto_dos_volantes.png","contentUrl":"https:\/\/aconteceunovale.com.br\/portal\/wp-content\/uploads\/2016\/01\/ponto_dos_volantes.png","width":482,"height":272},{"@type":"BreadcrumbList","@id":"https:\/\/aconteceunovale.com.br\/portal\/?p=88145#breadcrumb","itemListElement":[{"@type":"ListItem","position":1,"name":"In\u00edcio","item":"https:\/\/aconteceunovale.com.br\/portal\/"},{"@type":"ListItem","position":2,"name":"Adolescente \u00e9 assassinado dentro da pr\u00f3pria casa em Ponto dos Volantes"}]},{"@type":"WebSite","@id":"https:\/\/aconteceunovale.com.br\/portal\/#website","url":"https:\/\/aconteceunovale.com.br\/portal\/","name":"Aconteceu no Vale","description":"Portal de Not\u00edcias","potentialAction":[{"@type":"SearchAction","target":{"@type":"EntryPoint","urlTemplate":"https:\/\/aconteceunovale.com.br\/portal\/?s={search_term_string}"},"query-input":{"@type":"PropertyValueSpecification","valueRequired":true,"valueName":"search_term_string"}}],"inLanguage":"pt-BR"},{"@type":"Person","@id":"https:\/\/aconteceunovale.com.br\/portal\/#\/schema\/person\/633529146f2c94272bef50ac2953d589","name":"Aconteceu no Vale","description":"Equipe de reportagem do Aconteceu no Vale, portal de not\u00edcias do Vale do Jequitinhonha, em Minas Gerais. Cobrimos as 51 cidades do Vale desde 2013. Sugest\u00f5es de pauta e pedidos de corre\u00e7\u00e3o: contato@aconteceunovale.com.br","sameAs":["http:\/\/www.aconteceunovale.com.br"],"url":"https:\/\/aconteceunovale.com.br\/portal\/?author=1"}]}},"_links":{"self":[{"href":"https:\/\/aconteceunovale.com.br\/portal\/index.php?rest_route=\/wp\/v2\/posts\/88145","targetHints":{"allow":["GET"]}}],"collection":[{"href":"https:\/\/aconteceunovale.com.br\/portal\/index.php?rest_route=\/wp\/v2\/posts"}],"about":[{"href":"https:\/\/aconteceunovale.com.br\/portal\/index.php?rest_route=\/wp\/v2\/types\/post"}],"author":[{"embeddable":true,"href":"https:\/\/aconteceunovale.com.br\/portal\/index.php?rest_route=\/wp\/v2\/users\/1"}],"replies":[{"embeddable":true,"href":"https:\/\/aconteceunovale.com.br\/portal\/index.php?rest_route=%2Fwp%2Fv2%2Fcomments&post=88145"}],"version-history":[{"count":1,"href":"https:\/\/aconteceunovale.com.br\/portal\/index.php?rest_route=\/wp\/v2\/posts\/88145\/revisions"}],"predecessor-version":[{"id":201713,"href":"https:\/\/aconteceunovale.com.br\/portal\/index.php?rest_route=\/wp\/v2\/posts\/88145\/revisions\/201713"}],"wp:featuredmedia":[{"embeddable":true,"href":"https:\/\/aconteceunovale.com.br\/portal\/index.php?rest_route=\/wp\/v2\/media\/76163"}],"wp:attachment":[{"href":"https:\/\/aconteceunovale.com.br\/portal\/index.php?rest_route=%2Fwp%2Fv2%2Fmedia&parent=88145"}],"wp:term":[{"taxonomy":"category","embeddable":true,"href":"https:\/\/aconteceunovale.com.br\/portal\/index.php?rest_route=%2Fwp%2Fv2%2Fcategories&post=88145"},{"taxonomy":"post_tag","embeddable":true,"href":"https:\/\/aconteceunovale.com.br\/portal\/index.php?rest_route=%2Fwp%2Fv2%2Ftags&post=88145"}],"curies":[{"name":"wp","href":"https:\/\/api.w.org\/{rel}","templated":true}]}}