{"id":88143,"date":"2016-05-31T16:10:59","date_gmt":"2016-05-31T19:10:59","guid":{"rendered":"http:\/\/aconteceunovale.com.br\/portal\/?p=88143"},"modified":"2016-05-31T16:10:59","modified_gmt":"2016-05-31T19:10:59","slug":"bandidos-assaltam-onibus-de-sacoleiros-que-seguia-de-montes-claros-para-sao-paulo","status":"publish","type":"post","link":"https:\/\/aconteceunovale.com.br\/portal\/?p=88143","title":{"rendered":"Bandidos assaltam \u00f4nibus de sacoleiros que seguia de Montes Claros para S\u00e3o Paulo"},"content":{"rendered":"<p>Um \u00f4nibus que levava sacoleiros de Montes Claros, no Norte de Minas, para S\u00e3o Paulo, foi assaltado na madrugada desta ter\u00e7a-feira (31\/5) na BR-381, em Tr\u00eas Cora\u00e7\u00f5es, Sul de Minas. Segundo a Pol\u00edcia Rodovi\u00e1ria Federal (PRF), o ve\u00edculo levava 42 passageiros e foi abordado por um Honda Civic no km 740, sentido S\u00e3o Paulo. Quatro homens armados entraram no ve\u00edculo, roubando dinheiro e outros pertences das v\u00edtimas. Os assaltantes fugiram.<\/p>\n<p>Conforme a PRF, os criminosos abandonaram dois ve\u00edculos na pista contr\u00e1ria, sendo o Honda Civic e um Siena. Eles teriam escapado em outros carros n\u00e3o identificados. Os policiais fizeram buscas pela regi\u00e3o, mas os homens n\u00e3o foram encontrados. <\/p>\n<p>A ocorr\u00eancia foi encaminhada \u00e0 Pol\u00edcia Civil de Tr\u00eas Cora\u00e7\u00f5es. Os passageiros seguiram viagem para S\u00e3o Paulo. (Estado de Minas)<\/p>\n","protected":false},"excerpt":{"rendered":"<p>Um \u00f4nibus que levava sacoleiros de Montes Claros, no Norte de Minas, para S\u00e3o Paulo, foi assaltado na madrugada desta ter\u00e7a-feira (31\/5) na BR-381, em Tr\u00eas Cora\u00e7\u00f5es, Sul de Minas. Segundo a Pol\u00edcia Rodovi\u00e1ria Federal (PRF), o ve\u00edculo levava 42 passageiros e foi abordado por um Honda Civic no km 740, sentido S\u00e3o Paulo. Quatro [&hellip;]<\/p>\n","protected":false},"author":1,"featured_media":71442,"comment_status":"open","ping_status":"closed","sticky":false,"template":"","format":"standard","meta":{"amp_status":"","footnotes":""},"categories":[1236],"tags":[96964,96966,96968,96963,96959,96969,1397,96961,96965,96967,96962,96960,96958,1507],"class_list":["post-88143","post","type-post","status-publish","format-standard","has-post-thumbnail","hentry","category-norte_de_minas","tag-assalto-br-381","tag-assalto-onibus-montes-claros","tag-assalto-onibus-montes-claros-na-br-381-em-tres-coracoes","tag-assalto-onibus-que-levava-sacoleiros-de-montes-claros","tag-assalto-sacoleiros-de-montes-claros","tag-bandidos-assaltam-onibus-de-sacoleiros-que-seguia-de-montes-claros-para-sao-paulo","tag-br-381","tag-onibus-que-levava-sacoleiros-de-montes-claros","tag-roubo-br-381","tag-roubo-onibus-montes-claros","tag-roubo-onibus-que-levava-sacoleiros-de-montes-claros","tag-roubo-sacoleiros-de-montes-claros","tag-sacoleiros-de-montes-claros","tag-tres-coracoes"],"yoast_head":"<!-- This site is optimized with the Yoast SEO plugin v28.3 - https:\/\/yoast.com\/product\/yoast-seo-wordpress\/ -->\n<title>Bandidos assaltam \u00f4nibus de sacoleiros que seguia de Montes Claros para S\u00e3o Paulo - Aconteceu no Vale<\/title>\n<meta name=\"robots\" content=\"index, follow, max-snippet:-1, max-image-preview:large, max-video-preview:-1\" \/>\n<link rel=\"canonical\" href=\"https:\/\/aconteceunovale.com.br\/portal\/?p=88143\" \/>\n<meta property=\"og:locale\" content=\"pt_BR\" \/>\n<meta property=\"og:type\" content=\"article\" \/>\n<meta property=\"og:title\" content=\"Bandidos assaltam \u00f4nibus de sacoleiros que seguia de Montes Claros para S\u00e3o Paulo - Aconteceu no Vale\" \/>\n<meta property=\"og:description\" content=\"Um \u00f4nibus que levava sacoleiros de Montes Claros, no Norte de Minas, para S\u00e3o Paulo, foi assaltado na madrugada desta ter\u00e7a-feira (31\/5) na BR-381, em Tr\u00eas Cora\u00e7\u00f5es, Sul de Minas. Segundo a Pol\u00edcia Rodovi\u00e1ria Federal (PRF), o ve\u00edculo levava 42 passageiros e foi abordado por um Honda Civic no km 740, sentido S\u00e3o Paulo. Quatro [&hellip;]\" \/>\n<meta property=\"og:url\" content=\"https:\/\/aconteceunovale.com.br\/portal\/?p=88143\" \/>\n<meta property=\"og:site_name\" content=\"Aconteceu no Vale\" \/>\n<meta property=\"article:publisher\" content=\"https:\/\/www.facebook.com\/aconteceunovale\/\" \/>\n<meta property=\"article:published_time\" content=\"2016-05-31T19:10:59+00:00\" \/>\n<meta property=\"og:image\" content=\"https:\/\/aconteceunovale.com.br\/portal\/wp-content\/uploads\/2015\/10\/plantao_giroflex.jpg\" \/>\n\t<meta property=\"og:image:width\" content=\"678\" \/>\n\t<meta property=\"og:image:height\" content=\"389\" \/>\n\t<meta property=\"og:image:type\" content=\"image\/jpeg\" \/>\n<meta name=\"author\" content=\"Aconteceu no Vale\" \/>\n<meta name=\"twitter:card\" content=\"summary_large_image\" \/>\n<meta name=\"twitter:creator\" content=\"@noticiadosvales\" \/>\n<meta name=\"twitter:site\" content=\"@noticiadosvales\" \/>\n<meta name=\"twitter:label1\" content=\"Escrito por\" \/>\n\t<meta name=\"twitter:data1\" content=\"Aconteceu no Vale\" \/>\n\t<meta name=\"twitter:label2\" content=\"Est. tempo de leitura\" \/>\n\t<meta name=\"twitter:data2\" content=\"1 minuto\" \/>\n<script type=\"application\/ld+json\" class=\"yoast-schema-graph\">{\"@context\":\"https:\\\/\\\/schema.org\",\"@graph\":[{\"@type\":\"Article\",\"@id\":\"https:\\\/\\\/aconteceunovale.com.br\\\/portal\\\/?p=88143#article\",\"isPartOf\":{\"@id\":\"https:\\\/\\\/aconteceunovale.com.br\\\/portal\\\/?p=88143\"},\"author\":{\"name\":\"Aconteceu no Vale\",\"@id\":\"https:\\\/\\\/aconteceunovale.com.br\\\/portal\\\/#\\\/schema\\\/person\\\/633529146f2c94272bef50ac2953d589\"},\"headline\":\"Bandidos assaltam \u00f4nibus de sacoleiros que seguia de Montes Claros para S\u00e3o Paulo\",\"datePublished\":\"2016-05-31T19:10:59+00:00\",\"mainEntityOfPage\":{\"@id\":\"https:\\\/\\\/aconteceunovale.com.br\\\/portal\\\/?p=88143\"},\"wordCount\":158,\"commentCount\":0,\"image\":{\"@id\":\"https:\\\/\\\/aconteceunovale.com.br\\\/portal\\\/?p=88143#primaryimage\"},\"thumbnailUrl\":\"https:\\\/\\\/aconteceunovale.com.br\\\/portal\\\/wp-content\\\/uploads\\\/2015\\\/10\\\/plantao_giroflex.jpg\",\"keywords\":[\"Assalto BR-381\",\"assalto \u00f4nibus montes claros\",\"assalto \u00f4nibus montes claros na br 381 em tr\u00eas cora\u00e7\u00f5es\",\"Assalto \u00f4nibus que levava sacoleiros de Montes Claros\",\"Assalto sacoleiros de Montes Claros\",\"Bandidos assaltam \u00f4nibus de sacoleiros que seguia de Montes Claros para S\u00e3o Paulo\",\"br 381\",\"\u00f4nibus que levava sacoleiros de Montes Claros\",\"Roubo BR-381\",\"roubo \u00f4nibus montes claros\",\"Roubo \u00f4nibus que levava sacoleiros de Montes Claros\",\"Roubo sacoleiros de Montes Claros\",\"sacoleiros de Montes Claros\",\"Tr\u00eas Cora\u00e7\u00f5es\"],\"articleSection\":[\"Norte de Minas\"],\"inLanguage\":\"pt-BR\",\"potentialAction\":[{\"@type\":\"CommentAction\",\"name\":\"Comment\",\"target\":[\"https:\\\/\\\/aconteceunovale.com.br\\\/portal\\\/?p=88143#respond\"]}]},{\"@type\":\"WebPage\",\"@id\":\"https:\\\/\\\/aconteceunovale.com.br\\\/portal\\\/?p=88143\",\"url\":\"https:\\\/\\\/aconteceunovale.com.br\\\/portal\\\/?p=88143\",\"name\":\"Bandidos assaltam \u00f4nibus de sacoleiros que seguia de Montes Claros para S\u00e3o Paulo - Aconteceu no Vale\",\"isPartOf\":{\"@id\":\"https:\\\/\\\/aconteceunovale.com.br\\\/portal\\\/#website\"},\"primaryImageOfPage\":{\"@id\":\"https:\\\/\\\/aconteceunovale.com.br\\\/portal\\\/?p=88143#primaryimage\"},\"image\":{\"@id\":\"https:\\\/\\\/aconteceunovale.com.br\\\/portal\\\/?p=88143#primaryimage\"},\"thumbnailUrl\":\"https:\\\/\\\/aconteceunovale.com.br\\\/portal\\\/wp-content\\\/uploads\\\/2015\\\/10\\\/plantao_giroflex.jpg\",\"datePublished\":\"2016-05-31T19:10:59+00:00\",\"author\":{\"@id\":\"https:\\\/\\\/aconteceunovale.com.br\\\/portal\\\/#\\\/schema\\\/person\\\/633529146f2c94272bef50ac2953d589\"},\"breadcrumb\":{\"@id\":\"https:\\\/\\\/aconteceunovale.com.br\\\/portal\\\/?p=88143#breadcrumb\"},\"inLanguage\":\"pt-BR\",\"potentialAction\":[{\"@type\":\"ReadAction\",\"target\":[\"https:\\\/\\\/aconteceunovale.com.br\\\/portal\\\/?p=88143\"]}]},{\"@type\":\"ImageObject\",\"inLanguage\":\"pt-BR\",\"@id\":\"https:\\\/\\\/aconteceunovale.com.br\\\/portal\\\/?p=88143#primaryimage\",\"url\":\"https:\\\/\\\/aconteceunovale.com.br\\\/portal\\\/wp-content\\\/uploads\\\/2015\\\/10\\\/plantao_giroflex.jpg\",\"contentUrl\":\"https:\\\/\\\/aconteceunovale.com.br\\\/portal\\\/wp-content\\\/uploads\\\/2015\\\/10\\\/plantao_giroflex.jpg\",\"width\":678,\"height\":389},{\"@type\":\"BreadcrumbList\",\"@id\":\"https:\\\/\\\/aconteceunovale.com.br\\\/portal\\\/?p=88143#breadcrumb\",\"itemListElement\":[{\"@type\":\"ListItem\",\"position\":1,\"name\":\"In\u00edcio\",\"item\":\"https:\\\/\\\/aconteceunovale.com.br\\\/portal\\\/\"},{\"@type\":\"ListItem\",\"position\":2,\"name\":\"Bandidos assaltam \u00f4nibus de sacoleiros que seguia de Montes Claros para S\u00e3o Paulo\"}]},{\"@type\":\"WebSite\",\"@id\":\"https:\\\/\\\/aconteceunovale.com.br\\\/portal\\\/#website\",\"url\":\"https:\\\/\\\/aconteceunovale.com.br\\\/portal\\\/\",\"name\":\"Aconteceu no Vale\",\"description\":\"Portal de Not\u00edcias\",\"potentialAction\":[{\"@type\":\"SearchAction\",\"target\":{\"@type\":\"EntryPoint\",\"urlTemplate\":\"https:\\\/\\\/aconteceunovale.com.br\\\/portal\\\/?s={search_term_string}\"},\"query-input\":{\"@type\":\"PropertyValueSpecification\",\"valueRequired\":true,\"valueName\":\"search_term_string\"}}],\"inLanguage\":\"pt-BR\"},{\"@type\":\"Person\",\"@id\":\"https:\\\/\\\/aconteceunovale.com.br\\\/portal\\\/#\\\/schema\\\/person\\\/633529146f2c94272bef50ac2953d589\",\"name\":\"Aconteceu no Vale\",\"description\":\"Equipe de reportagem do Aconteceu no Vale, portal de not\u00edcias do Vale do Jequitinhonha, em Minas Gerais. Cobrimos as 51 cidades do Vale desde 2013. Sugest\u00f5es de pauta e pedidos de corre\u00e7\u00e3o: contato@aconteceunovale.com.br\",\"sameAs\":[\"http:\\\/\\\/www.aconteceunovale.com.br\"],\"url\":\"https:\\\/\\\/aconteceunovale.com.br\\\/portal\\\/?author=1\"}]}<\/script>\n<!-- \/ Yoast SEO plugin. -->","yoast_head_json":{"title":"Bandidos assaltam \u00f4nibus de sacoleiros que seguia de Montes Claros para S\u00e3o Paulo - Aconteceu no Vale","robots":{"index":"index","follow":"follow","max-snippet":"max-snippet:-1","max-image-preview":"max-image-preview:large","max-video-preview":"max-video-preview:-1"},"canonical":"https:\/\/aconteceunovale.com.br\/portal\/?p=88143","og_locale":"pt_BR","og_type":"article","og_title":"Bandidos assaltam \u00f4nibus de sacoleiros que seguia de Montes Claros para S\u00e3o Paulo - Aconteceu no Vale","og_description":"Um \u00f4nibus que levava sacoleiros de Montes Claros, no Norte de Minas, para S\u00e3o Paulo, foi assaltado na madrugada desta ter\u00e7a-feira (31\/5) na BR-381, em Tr\u00eas Cora\u00e7\u00f5es, Sul de Minas. Segundo a Pol\u00edcia Rodovi\u00e1ria Federal (PRF), o ve\u00edculo levava 42 passageiros e foi abordado por um Honda Civic no km 740, sentido S\u00e3o Paulo. Quatro [&hellip;]","og_url":"https:\/\/aconteceunovale.com.br\/portal\/?p=88143","og_site_name":"Aconteceu no Vale","article_publisher":"https:\/\/www.facebook.com\/aconteceunovale\/","article_published_time":"2016-05-31T19:10:59+00:00","og_image":[{"width":678,"height":389,"url":"https:\/\/aconteceunovale.com.br\/portal\/wp-content\/uploads\/2015\/10\/plantao_giroflex.jpg","type":"image\/jpeg"}],"author":"Aconteceu no Vale","twitter_card":"summary_large_image","twitter_creator":"@noticiadosvales","twitter_site":"@noticiadosvales","twitter_misc":{"Escrito por":"Aconteceu no Vale","Est. tempo de leitura":"1 minuto"},"schema":{"@context":"https:\/\/schema.org","@graph":[{"@type":"Article","@id":"https:\/\/aconteceunovale.com.br\/portal\/?p=88143#article","isPartOf":{"@id":"https:\/\/aconteceunovale.com.br\/portal\/?p=88143"},"author":{"name":"Aconteceu no Vale","@id":"https:\/\/aconteceunovale.com.br\/portal\/#\/schema\/person\/633529146f2c94272bef50ac2953d589"},"headline":"Bandidos assaltam \u00f4nibus de sacoleiros que seguia de Montes Claros para S\u00e3o Paulo","datePublished":"2016-05-31T19:10:59+00:00","mainEntityOfPage":{"@id":"https:\/\/aconteceunovale.com.br\/portal\/?p=88143"},"wordCount":158,"commentCount":0,"image":{"@id":"https:\/\/aconteceunovale.com.br\/portal\/?p=88143#primaryimage"},"thumbnailUrl":"https:\/\/aconteceunovale.com.br\/portal\/wp-content\/uploads\/2015\/10\/plantao_giroflex.jpg","keywords":["Assalto BR-381","assalto \u00f4nibus montes claros","assalto \u00f4nibus montes claros na br 381 em tr\u00eas cora\u00e7\u00f5es","Assalto \u00f4nibus que levava sacoleiros de Montes Claros","Assalto sacoleiros de Montes Claros","Bandidos assaltam \u00f4nibus de sacoleiros que seguia de Montes Claros para S\u00e3o Paulo","br 381","\u00f4nibus que levava sacoleiros de Montes Claros","Roubo BR-381","roubo \u00f4nibus montes claros","Roubo \u00f4nibus que levava sacoleiros de Montes Claros","Roubo sacoleiros de Montes Claros","sacoleiros de Montes Claros","Tr\u00eas Cora\u00e7\u00f5es"],"articleSection":["Norte de Minas"],"inLanguage":"pt-BR","potentialAction":[{"@type":"CommentAction","name":"Comment","target":["https:\/\/aconteceunovale.com.br\/portal\/?p=88143#respond"]}]},{"@type":"WebPage","@id":"https:\/\/aconteceunovale.com.br\/portal\/?p=88143","url":"https:\/\/aconteceunovale.com.br\/portal\/?p=88143","name":"Bandidos assaltam \u00f4nibus de sacoleiros que seguia de Montes Claros para S\u00e3o Paulo - Aconteceu no Vale","isPartOf":{"@id":"https:\/\/aconteceunovale.com.br\/portal\/#website"},"primaryImageOfPage":{"@id":"https:\/\/aconteceunovale.com.br\/portal\/?p=88143#primaryimage"},"image":{"@id":"https:\/\/aconteceunovale.com.br\/portal\/?p=88143#primaryimage"},"thumbnailUrl":"https:\/\/aconteceunovale.com.br\/portal\/wp-content\/uploads\/2015\/10\/plantao_giroflex.jpg","datePublished":"2016-05-31T19:10:59+00:00","author":{"@id":"https:\/\/aconteceunovale.com.br\/portal\/#\/schema\/person\/633529146f2c94272bef50ac2953d589"},"breadcrumb":{"@id":"https:\/\/aconteceunovale.com.br\/portal\/?p=88143#breadcrumb"},"inLanguage":"pt-BR","potentialAction":[{"@type":"ReadAction","target":["https:\/\/aconteceunovale.com.br\/portal\/?p=88143"]}]},{"@type":"ImageObject","inLanguage":"pt-BR","@id":"https:\/\/aconteceunovale.com.br\/portal\/?p=88143#primaryimage","url":"https:\/\/aconteceunovale.com.br\/portal\/wp-content\/uploads\/2015\/10\/plantao_giroflex.jpg","contentUrl":"https:\/\/aconteceunovale.com.br\/portal\/wp-content\/uploads\/2015\/10\/plantao_giroflex.jpg","width":678,"height":389},{"@type":"BreadcrumbList","@id":"https:\/\/aconteceunovale.com.br\/portal\/?p=88143#breadcrumb","itemListElement":[{"@type":"ListItem","position":1,"name":"In\u00edcio","item":"https:\/\/aconteceunovale.com.br\/portal\/"},{"@type":"ListItem","position":2,"name":"Bandidos assaltam \u00f4nibus de sacoleiros que seguia de Montes Claros para S\u00e3o Paulo"}]},{"@type":"WebSite","@id":"https:\/\/aconteceunovale.com.br\/portal\/#website","url":"https:\/\/aconteceunovale.com.br\/portal\/","name":"Aconteceu no Vale","description":"Portal de Not\u00edcias","potentialAction":[{"@type":"SearchAction","target":{"@type":"EntryPoint","urlTemplate":"https:\/\/aconteceunovale.com.br\/portal\/?s={search_term_string}"},"query-input":{"@type":"PropertyValueSpecification","valueRequired":true,"valueName":"search_term_string"}}],"inLanguage":"pt-BR"},{"@type":"Person","@id":"https:\/\/aconteceunovale.com.br\/portal\/#\/schema\/person\/633529146f2c94272bef50ac2953d589","name":"Aconteceu no Vale","description":"Equipe de reportagem do Aconteceu no Vale, portal de not\u00edcias do Vale do Jequitinhonha, em Minas Gerais. Cobrimos as 51 cidades do Vale desde 2013. Sugest\u00f5es de pauta e pedidos de corre\u00e7\u00e3o: contato@aconteceunovale.com.br","sameAs":["http:\/\/www.aconteceunovale.com.br"],"url":"https:\/\/aconteceunovale.com.br\/portal\/?author=1"}]}},"_links":{"self":[{"href":"https:\/\/aconteceunovale.com.br\/portal\/index.php?rest_route=\/wp\/v2\/posts\/88143","targetHints":{"allow":["GET"]}}],"collection":[{"href":"https:\/\/aconteceunovale.com.br\/portal\/index.php?rest_route=\/wp\/v2\/posts"}],"about":[{"href":"https:\/\/aconteceunovale.com.br\/portal\/index.php?rest_route=\/wp\/v2\/types\/post"}],"author":[{"embeddable":true,"href":"https:\/\/aconteceunovale.com.br\/portal\/index.php?rest_route=\/wp\/v2\/users\/1"}],"replies":[{"embeddable":true,"href":"https:\/\/aconteceunovale.com.br\/portal\/index.php?rest_route=%2Fwp%2Fv2%2Fcomments&post=88143"}],"version-history":[{"count":0,"href":"https:\/\/aconteceunovale.com.br\/portal\/index.php?rest_route=\/wp\/v2\/posts\/88143\/revisions"}],"wp:featuredmedia":[{"embeddable":true,"href":"https:\/\/aconteceunovale.com.br\/portal\/index.php?rest_route=\/wp\/v2\/media\/71442"}],"wp:attachment":[{"href":"https:\/\/aconteceunovale.com.br\/portal\/index.php?rest_route=%2Fwp%2Fv2%2Fmedia&parent=88143"}],"wp:term":[{"taxonomy":"category","embeddable":true,"href":"https:\/\/aconteceunovale.com.br\/portal\/index.php?rest_route=%2Fwp%2Fv2%2Fcategories&post=88143"},{"taxonomy":"post_tag","embeddable":true,"href":"https:\/\/aconteceunovale.com.br\/portal\/index.php?rest_route=%2Fwp%2Fv2%2Ftags&post=88143"}],"curies":[{"name":"wp","href":"https:\/\/api.w.org\/{rel}","templated":true}]}}