{"id":88136,"date":"2016-05-31T15:38:18","date_gmt":"2016-05-31T18:38:18","guid":{"rendered":"http:\/\/aconteceunovale.com.br\/portal\/?p=88136"},"modified":"2026-09-02T12:30:14","modified_gmt":"2026-09-02T15:30:14","slug":"bandeira-tarifaria-das-contas-de-luz-sera-verde-pelo-terceiro-mes","status":"publish","type":"post","link":"https:\/\/aconteceunovale.com.br\/portal\/?p=88136","title":{"rendered":"Bandeira tarif\u00e1ria das contas de luz ser\u00e1 verde pelo terceiro m\u00eas"},"content":{"rendered":"<p>A bandeira tarif\u00e1ria aplicada nas contas de energia el\u00e9trica em junho ser\u00e1 a verde, ou seja, n\u00e3o haver\u00e1 acr\u00e9scimo de valor para os consumidores. Este \u00e9 o terceiro m\u00eas seguido em que a bandeira definida pela Ag\u00eancia Nacional de Energia El\u00e9trica (Aneel) \u00e9 verde. A decis\u00e3o foi tomada hoje (31), em reuni\u00e3o extraordin\u00e1ria da diretoria da ag\u00eancia.<\/p>\n<p>Segundo a Aneel, a manuten\u00e7\u00e3o da bandeira verde foi poss\u00edvel por causa do resultado positivo do per\u00edodo \u00famido, que recomp\u00f4s os reservat\u00f3rios das hidrel\u00e9tricas. Al\u00e9m disso, houve o aumento de energia dispon\u00edvel com redu\u00e7\u00e3o de demanda e a adi\u00e7\u00e3o de novas usinas ao sistema el\u00e9trico do pa\u00eds.<\/p>\n<p>Desde que foi implementado o sistema de bandeiras tarif\u00e1rias, em janeiro de 2015, at\u00e9 fevereiro de 2016, a bandeira se manteve vermelha (com cobran\u00e7a de R$ 4,50 a cada 100 quilowatts-hora consumidos). Em mar\u00e7o, passou para amarela (com taxa de R$ 1,50 a cada 100 kWh) e, em abril e maio, a bandeira foi verde.<\/p>\n<p>O sistema de bandeiras tarif\u00e1rias foi adotado como forma de recompor os gastos extras das distribuidoras de energia com a compra de energia de usinas termel\u00e9tricas. A cor da bandeira que \u00e9 impressa na conta de luz (vermelha, amarela ou verde) indica o custo da energia el\u00e9trica, em fun\u00e7\u00e3o das condi\u00e7\u00f5es de gera\u00e7\u00e3o de eletricidade.<\/p>\n<p>Por exemplo, quando o n\u00edvel dos reservat\u00f3rios das usinas hidrel\u00e9tricas est\u00e1 mais baixo, por causa da falta de chuvas, \u00e9 preciso aumentar o uso de usinas termel\u00e9tricas para garantir a energia necess\u00e1ria para o pa\u00eds. Como a energia gerada por termel\u00e9tricas \u00e9 mais cara, o custo da energia fica maior, e a bandeira tarif\u00e1ria passa a ser amarela ou vermelha. Segundo dados do Operador Nacional do Sistema El\u00e9trico, o n\u00edvel dos reservat\u00f3rios das regi\u00f5es Sudeste e Centro-Oeste est\u00e1 atualmente em 56,6% de sua capacidade m\u00e1xima.<\/p>\n<p>De acordo com a Aneel, a bandeira tarif\u00e1ria n\u00e3o \u00e9 um custo extra na conta de luz, mas uma forma diferente de cobrar um valor que era inclu\u00eddo na conta de energia, sem acr\u00e9scimo no reajuste tarif\u00e1rio anual das distribuidoras. Segundo a ag\u00eancia, a bandeira torna a conta de luz mais transparente e o consumidor tem a melhor informa\u00e7\u00e3o para usar a energia el\u00e9trica de forma mais consciente. (Ag\u00eancia Brasil)<\/p>\n","protected":false},"excerpt":{"rendered":"<p>A bandeira tarif\u00e1ria aplicada nas contas de energia el\u00e9trica em junho ser\u00e1 a verde, ou seja, n\u00e3o haver\u00e1 acr\u00e9scimo de valor para os consumidores. Este \u00e9 o terceiro m\u00eas seguido em que a bandeira definida pela Ag\u00eancia Nacional de Energia El\u00e9trica (Aneel) \u00e9 verde. A decis\u00e3o foi tomada hoje (31), em reuni\u00e3o extraordin\u00e1ria da diretoria [&hellip;]<\/p>\n","protected":false},"author":1,"featured_media":51339,"comment_status":"open","ping_status":"closed","sticky":false,"template":"","format":"standard","meta":{"amp_status":"","footnotes":""},"categories":[6],"tags":[31752,96942,96943,96940,80302,96941,69658],"class_list":["post-88136","post","type-post","status-publish","format-standard","has-post-thumbnail","hentry","category-br","tag-bandeira-tarifaria","tag-bandeira-tarifaria-das-contas-de-luz","tag-bandeira-tarifaria-das-contas-de-luz-em-junho","tag-bandeira-tarifaria-das-contas-de-luz-sera-verde-pelo-terceiro-mes","tag-contas-de-luz","tag-terceiro-mes-seguido","tag-verde"],"yoast_head":"<!-- This site is optimized with the Yoast SEO plugin v28.3 - https:\/\/yoast.com\/product\/yoast-seo-wordpress\/ -->\n<title>Bandeira tarif\u00e1ria das contas de luz ser\u00e1 verde pelo terceiro m\u00eas - Aconteceu no Vale<\/title>\n<meta name=\"robots\" content=\"index, follow, max-snippet:-1, max-image-preview:large, max-video-preview:-1\" \/>\n<link rel=\"canonical\" href=\"https:\/\/aconteceunovale.com.br\/portal\/?p=88136\" \/>\n<meta property=\"og:locale\" content=\"pt_BR\" \/>\n<meta property=\"og:type\" content=\"article\" \/>\n<meta property=\"og:title\" content=\"Bandeira tarif\u00e1ria das contas de luz ser\u00e1 verde pelo terceiro m\u00eas - Aconteceu no Vale\" \/>\n<meta property=\"og:description\" content=\"A bandeira tarif\u00e1ria aplicada nas contas de energia el\u00e9trica em junho ser\u00e1 a verde, ou seja, n\u00e3o haver\u00e1 acr\u00e9scimo de valor para os consumidores. Este \u00e9 o terceiro m\u00eas seguido em que a bandeira definida pela Ag\u00eancia Nacional de Energia El\u00e9trica (Aneel) \u00e9 verde. A decis\u00e3o foi tomada hoje (31), em reuni\u00e3o extraordin\u00e1ria da diretoria [&hellip;]\" \/>\n<meta property=\"og:url\" content=\"https:\/\/aconteceunovale.com.br\/portal\/?p=88136\" \/>\n<meta property=\"og:site_name\" content=\"Aconteceu no Vale\" \/>\n<meta property=\"article:publisher\" content=\"https:\/\/www.facebook.com\/aconteceunovale\/\" \/>\n<meta property=\"article:published_time\" content=\"2016-05-31T18:38:18+00:00\" \/>\n<meta property=\"article:modified_time\" content=\"2026-09-02T15:30:14+00:00\" \/>\n<meta property=\"og:image\" content=\"https:\/\/aconteceunovale.com.br\/portal\/wp-content\/uploads\/2015\/01\/bandeiras_tarifarias.jpg\" \/>\n\t<meta property=\"og:image:width\" content=\"500\" \/>\n\t<meta property=\"og:image:height\" content=\"330\" \/>\n\t<meta property=\"og:image:type\" content=\"image\/jpeg\" \/>\n<meta name=\"author\" content=\"Aconteceu no Vale\" \/>\n<meta name=\"twitter:card\" content=\"summary_large_image\" \/>\n<meta name=\"twitter:creator\" content=\"@noticiadosvales\" \/>\n<meta name=\"twitter:site\" content=\"@noticiadosvales\" \/>\n<meta name=\"twitter:label1\" content=\"Escrito por\" \/>\n\t<meta name=\"twitter:data1\" content=\"Aconteceu no Vale\" \/>\n\t<meta name=\"twitter:label2\" content=\"Est. tempo de leitura\" \/>\n\t<meta name=\"twitter:data2\" content=\"2 minutos\" \/>\n<script type=\"application\/ld+json\" class=\"yoast-schema-graph\">{\"@context\":\"https:\\\/\\\/schema.org\",\"@graph\":[{\"@type\":\"Article\",\"@id\":\"https:\\\/\\\/aconteceunovale.com.br\\\/portal\\\/?p=88136#article\",\"isPartOf\":{\"@id\":\"https:\\\/\\\/aconteceunovale.com.br\\\/portal\\\/?p=88136\"},\"author\":{\"name\":\"Aconteceu no Vale\",\"@id\":\"https:\\\/\\\/aconteceunovale.com.br\\\/portal\\\/#\\\/schema\\\/person\\\/633529146f2c94272bef50ac2953d589\"},\"headline\":\"Bandeira tarif\u00e1ria das contas de luz ser\u00e1 verde pelo terceiro m\u00eas\",\"datePublished\":\"2016-05-31T18:38:18+00:00\",\"dateModified\":\"2026-09-02T15:30:14+00:00\",\"mainEntityOfPage\":{\"@id\":\"https:\\\/\\\/aconteceunovale.com.br\\\/portal\\\/?p=88136\"},\"wordCount\":422,\"commentCount\":0,\"image\":{\"@id\":\"https:\\\/\\\/aconteceunovale.com.br\\\/portal\\\/?p=88136#primaryimage\"},\"thumbnailUrl\":\"https:\\\/\\\/aconteceunovale.com.br\\\/portal\\\/wp-content\\\/uploads\\\/2015\\\/01\\\/bandeiras_tarifarias.jpg\",\"keywords\":[\"bandeira tarif\u00e1ria\",\"Bandeira tarif\u00e1ria das contas de luz\",\"Bandeira tarif\u00e1ria das contas de luz em junho\",\"Bandeira tarif\u00e1ria das contas de luz ser\u00e1 verde pelo terceiro m\u00eas\",\"contas de luz\",\"terceiro m\u00eas seguido\",\"Verde\"],\"articleSection\":[\"Brasil\"],\"inLanguage\":\"pt-BR\",\"potentialAction\":[{\"@type\":\"CommentAction\",\"name\":\"Comment\",\"target\":[\"https:\\\/\\\/aconteceunovale.com.br\\\/portal\\\/?p=88136#respond\"]}]},{\"@type\":\"WebPage\",\"@id\":\"https:\\\/\\\/aconteceunovale.com.br\\\/portal\\\/?p=88136\",\"url\":\"https:\\\/\\\/aconteceunovale.com.br\\\/portal\\\/?p=88136\",\"name\":\"Bandeira tarif\u00e1ria das contas de luz ser\u00e1 verde pelo terceiro m\u00eas - Aconteceu no Vale\",\"isPartOf\":{\"@id\":\"https:\\\/\\\/aconteceunovale.com.br\\\/portal\\\/#website\"},\"primaryImageOfPage\":{\"@id\":\"https:\\\/\\\/aconteceunovale.com.br\\\/portal\\\/?p=88136#primaryimage\"},\"image\":{\"@id\":\"https:\\\/\\\/aconteceunovale.com.br\\\/portal\\\/?p=88136#primaryimage\"},\"thumbnailUrl\":\"https:\\\/\\\/aconteceunovale.com.br\\\/portal\\\/wp-content\\\/uploads\\\/2015\\\/01\\\/bandeiras_tarifarias.jpg\",\"datePublished\":\"2016-05-31T18:38:18+00:00\",\"dateModified\":\"2026-09-02T15:30:14+00:00\",\"author\":{\"@id\":\"https:\\\/\\\/aconteceunovale.com.br\\\/portal\\\/#\\\/schema\\\/person\\\/633529146f2c94272bef50ac2953d589\"},\"breadcrumb\":{\"@id\":\"https:\\\/\\\/aconteceunovale.com.br\\\/portal\\\/?p=88136#breadcrumb\"},\"inLanguage\":\"pt-BR\",\"potentialAction\":[{\"@type\":\"ReadAction\",\"target\":[\"https:\\\/\\\/aconteceunovale.com.br\\\/portal\\\/?p=88136\"]}]},{\"@type\":\"ImageObject\",\"inLanguage\":\"pt-BR\",\"@id\":\"https:\\\/\\\/aconteceunovale.com.br\\\/portal\\\/?p=88136#primaryimage\",\"url\":\"https:\\\/\\\/aconteceunovale.com.br\\\/portal\\\/wp-content\\\/uploads\\\/2015\\\/01\\\/bandeiras_tarifarias.jpg\",\"contentUrl\":\"https:\\\/\\\/aconteceunovale.com.br\\\/portal\\\/wp-content\\\/uploads\\\/2015\\\/01\\\/bandeiras_tarifarias.jpg\",\"width\":500,\"height\":330},{\"@type\":\"BreadcrumbList\",\"@id\":\"https:\\\/\\\/aconteceunovale.com.br\\\/portal\\\/?p=88136#breadcrumb\",\"itemListElement\":[{\"@type\":\"ListItem\",\"position\":1,\"name\":\"In\u00edcio\",\"item\":\"https:\\\/\\\/aconteceunovale.com.br\\\/portal\\\/\"},{\"@type\":\"ListItem\",\"position\":2,\"name\":\"Bandeira tarif\u00e1ria das contas de luz ser\u00e1 verde pelo terceiro m\u00eas\"}]},{\"@type\":\"WebSite\",\"@id\":\"https:\\\/\\\/aconteceunovale.com.br\\\/portal\\\/#website\",\"url\":\"https:\\\/\\\/aconteceunovale.com.br\\\/portal\\\/\",\"name\":\"Aconteceu no Vale\",\"description\":\"Portal de Not\u00edcias\",\"potentialAction\":[{\"@type\":\"SearchAction\",\"target\":{\"@type\":\"EntryPoint\",\"urlTemplate\":\"https:\\\/\\\/aconteceunovale.com.br\\\/portal\\\/?s={search_term_string}\"},\"query-input\":{\"@type\":\"PropertyValueSpecification\",\"valueRequired\":true,\"valueName\":\"search_term_string\"}}],\"inLanguage\":\"pt-BR\"},{\"@type\":\"Person\",\"@id\":\"https:\\\/\\\/aconteceunovale.com.br\\\/portal\\\/#\\\/schema\\\/person\\\/633529146f2c94272bef50ac2953d589\",\"name\":\"Aconteceu no Vale\",\"description\":\"Equipe de reportagem do Aconteceu no Vale, portal de not\u00edcias do Vale do Jequitinhonha, em Minas Gerais. Cobrimos as 51 cidades do Vale desde 2013. Sugest\u00f5es de pauta e pedidos de corre\u00e7\u00e3o: contato@aconteceunovale.com.br\",\"sameAs\":[\"http:\\\/\\\/www.aconteceunovale.com.br\"],\"url\":\"https:\\\/\\\/aconteceunovale.com.br\\\/portal\\\/?author=1\"}]}<\/script>\n<!-- \/ Yoast SEO plugin. -->","yoast_head_json":{"title":"Bandeira tarif\u00e1ria das contas de luz ser\u00e1 verde pelo terceiro m\u00eas - Aconteceu no Vale","robots":{"index":"index","follow":"follow","max-snippet":"max-snippet:-1","max-image-preview":"max-image-preview:large","max-video-preview":"max-video-preview:-1"},"canonical":"https:\/\/aconteceunovale.com.br\/portal\/?p=88136","og_locale":"pt_BR","og_type":"article","og_title":"Bandeira tarif\u00e1ria das contas de luz ser\u00e1 verde pelo terceiro m\u00eas - Aconteceu no Vale","og_description":"A bandeira tarif\u00e1ria aplicada nas contas de energia el\u00e9trica em junho ser\u00e1 a verde, ou seja, n\u00e3o haver\u00e1 acr\u00e9scimo de valor para os consumidores. Este \u00e9 o terceiro m\u00eas seguido em que a bandeira definida pela Ag\u00eancia Nacional de Energia El\u00e9trica (Aneel) \u00e9 verde. A decis\u00e3o foi tomada hoje (31), em reuni\u00e3o extraordin\u00e1ria da diretoria [&hellip;]","og_url":"https:\/\/aconteceunovale.com.br\/portal\/?p=88136","og_site_name":"Aconteceu no Vale","article_publisher":"https:\/\/www.facebook.com\/aconteceunovale\/","article_published_time":"2016-05-31T18:38:18+00:00","article_modified_time":"2026-09-02T15:30:14+00:00","og_image":[{"width":500,"height":330,"url":"https:\/\/aconteceunovale.com.br\/portal\/wp-content\/uploads\/2015\/01\/bandeiras_tarifarias.jpg","type":"image\/jpeg"}],"author":"Aconteceu no Vale","twitter_card":"summary_large_image","twitter_creator":"@noticiadosvales","twitter_site":"@noticiadosvales","twitter_misc":{"Escrito por":"Aconteceu no Vale","Est. tempo de leitura":"2 minutos"},"schema":{"@context":"https:\/\/schema.org","@graph":[{"@type":"Article","@id":"https:\/\/aconteceunovale.com.br\/portal\/?p=88136#article","isPartOf":{"@id":"https:\/\/aconteceunovale.com.br\/portal\/?p=88136"},"author":{"name":"Aconteceu no Vale","@id":"https:\/\/aconteceunovale.com.br\/portal\/#\/schema\/person\/633529146f2c94272bef50ac2953d589"},"headline":"Bandeira tarif\u00e1ria das contas de luz ser\u00e1 verde pelo terceiro m\u00eas","datePublished":"2016-05-31T18:38:18+00:00","dateModified":"2026-09-02T15:30:14+00:00","mainEntityOfPage":{"@id":"https:\/\/aconteceunovale.com.br\/portal\/?p=88136"},"wordCount":422,"commentCount":0,"image":{"@id":"https:\/\/aconteceunovale.com.br\/portal\/?p=88136#primaryimage"},"thumbnailUrl":"https:\/\/aconteceunovale.com.br\/portal\/wp-content\/uploads\/2015\/01\/bandeiras_tarifarias.jpg","keywords":["bandeira tarif\u00e1ria","Bandeira tarif\u00e1ria das contas de luz","Bandeira tarif\u00e1ria das contas de luz em junho","Bandeira tarif\u00e1ria das contas de luz ser\u00e1 verde pelo terceiro m\u00eas","contas de luz","terceiro m\u00eas seguido","Verde"],"articleSection":["Brasil"],"inLanguage":"pt-BR","potentialAction":[{"@type":"CommentAction","name":"Comment","target":["https:\/\/aconteceunovale.com.br\/portal\/?p=88136#respond"]}]},{"@type":"WebPage","@id":"https:\/\/aconteceunovale.com.br\/portal\/?p=88136","url":"https:\/\/aconteceunovale.com.br\/portal\/?p=88136","name":"Bandeira tarif\u00e1ria das contas de luz ser\u00e1 verde pelo terceiro m\u00eas - Aconteceu no Vale","isPartOf":{"@id":"https:\/\/aconteceunovale.com.br\/portal\/#website"},"primaryImageOfPage":{"@id":"https:\/\/aconteceunovale.com.br\/portal\/?p=88136#primaryimage"},"image":{"@id":"https:\/\/aconteceunovale.com.br\/portal\/?p=88136#primaryimage"},"thumbnailUrl":"https:\/\/aconteceunovale.com.br\/portal\/wp-content\/uploads\/2015\/01\/bandeiras_tarifarias.jpg","datePublished":"2016-05-31T18:38:18+00:00","dateModified":"2026-09-02T15:30:14+00:00","author":{"@id":"https:\/\/aconteceunovale.com.br\/portal\/#\/schema\/person\/633529146f2c94272bef50ac2953d589"},"breadcrumb":{"@id":"https:\/\/aconteceunovale.com.br\/portal\/?p=88136#breadcrumb"},"inLanguage":"pt-BR","potentialAction":[{"@type":"ReadAction","target":["https:\/\/aconteceunovale.com.br\/portal\/?p=88136"]}]},{"@type":"ImageObject","inLanguage":"pt-BR","@id":"https:\/\/aconteceunovale.com.br\/portal\/?p=88136#primaryimage","url":"https:\/\/aconteceunovale.com.br\/portal\/wp-content\/uploads\/2015\/01\/bandeiras_tarifarias.jpg","contentUrl":"https:\/\/aconteceunovale.com.br\/portal\/wp-content\/uploads\/2015\/01\/bandeiras_tarifarias.jpg","width":500,"height":330},{"@type":"BreadcrumbList","@id":"https:\/\/aconteceunovale.com.br\/portal\/?p=88136#breadcrumb","itemListElement":[{"@type":"ListItem","position":1,"name":"In\u00edcio","item":"https:\/\/aconteceunovale.com.br\/portal\/"},{"@type":"ListItem","position":2,"name":"Bandeira tarif\u00e1ria das contas de luz ser\u00e1 verde pelo terceiro m\u00eas"}]},{"@type":"WebSite","@id":"https:\/\/aconteceunovale.com.br\/portal\/#website","url":"https:\/\/aconteceunovale.com.br\/portal\/","name":"Aconteceu no Vale","description":"Portal de Not\u00edcias","potentialAction":[{"@type":"SearchAction","target":{"@type":"EntryPoint","urlTemplate":"https:\/\/aconteceunovale.com.br\/portal\/?s={search_term_string}"},"query-input":{"@type":"PropertyValueSpecification","valueRequired":true,"valueName":"search_term_string"}}],"inLanguage":"pt-BR"},{"@type":"Person","@id":"https:\/\/aconteceunovale.com.br\/portal\/#\/schema\/person\/633529146f2c94272bef50ac2953d589","name":"Aconteceu no Vale","description":"Equipe de reportagem do Aconteceu no Vale, portal de not\u00edcias do Vale do Jequitinhonha, em Minas Gerais. Cobrimos as 51 cidades do Vale desde 2013. Sugest\u00f5es de pauta e pedidos de corre\u00e7\u00e3o: contato@aconteceunovale.com.br","sameAs":["http:\/\/www.aconteceunovale.com.br"],"url":"https:\/\/aconteceunovale.com.br\/portal\/?author=1"}]}},"_links":{"self":[{"href":"https:\/\/aconteceunovale.com.br\/portal\/index.php?rest_route=\/wp\/v2\/posts\/88136","targetHints":{"allow":["GET"]}}],"collection":[{"href":"https:\/\/aconteceunovale.com.br\/portal\/index.php?rest_route=\/wp\/v2\/posts"}],"about":[{"href":"https:\/\/aconteceunovale.com.br\/portal\/index.php?rest_route=\/wp\/v2\/types\/post"}],"author":[{"embeddable":true,"href":"https:\/\/aconteceunovale.com.br\/portal\/index.php?rest_route=\/wp\/v2\/users\/1"}],"replies":[{"embeddable":true,"href":"https:\/\/aconteceunovale.com.br\/portal\/index.php?rest_route=%2Fwp%2Fv2%2Fcomments&post=88136"}],"version-history":[{"count":1,"href":"https:\/\/aconteceunovale.com.br\/portal\/index.php?rest_route=\/wp\/v2\/posts\/88136\/revisions"}],"predecessor-version":[{"id":199985,"href":"https:\/\/aconteceunovale.com.br\/portal\/index.php?rest_route=\/wp\/v2\/posts\/88136\/revisions\/199985"}],"wp:featuredmedia":[{"embeddable":true,"href":"https:\/\/aconteceunovale.com.br\/portal\/index.php?rest_route=\/wp\/v2\/media\/51339"}],"wp:attachment":[{"href":"https:\/\/aconteceunovale.com.br\/portal\/index.php?rest_route=%2Fwp%2Fv2%2Fmedia&parent=88136"}],"wp:term":[{"taxonomy":"category","embeddable":true,"href":"https:\/\/aconteceunovale.com.br\/portal\/index.php?rest_route=%2Fwp%2Fv2%2Fcategories&post=88136"},{"taxonomy":"post_tag","embeddable":true,"href":"https:\/\/aconteceunovale.com.br\/portal\/index.php?rest_route=%2Fwp%2Fv2%2Ftags&post=88136"}],"curies":[{"name":"wp","href":"https:\/\/api.w.org\/{rel}","templated":true}]}}