{"id":88134,"date":"2016-05-31T15:27:08","date_gmt":"2016-05-31T18:27:08","guid":{"rendered":"http:\/\/aconteceunovale.com.br\/portal\/?p=88134"},"modified":"2016-05-31T15:27:08","modified_gmt":"2016-05-31T18:27:08","slug":"cidades-do-norte-de-minas-recebem-programa-de-estimulo-ao-planejamento","status":"publish","type":"post","link":"https:\/\/aconteceunovale.com.br\/portal\/?p=88134","title":{"rendered":"Cidades do Norte de Minas recebem programa de est\u00edmulo ao planejamento"},"content":{"rendered":"<p>O Oficina de Projetos, programa de est\u00edmulo \u00e0 cultura do planejamento e acompanhamento de resultados do Conselho Regional de Engenharia e Agronomia de Minas Gerais (Crea-Minas), d\u00e1 in\u00edcio a uma s\u00e9rie de a\u00e7\u00f5es de interioriza\u00e7\u00e3o. Montes Claros vai sediar a reuni\u00e3o da Regional Norte do Conselho, nos dias 09 e 10 de junho de 2016. O objetivo \u00e9 disseminar a experi\u00eancia em gest\u00e3o de projetos da sede do Conselho para todas as unidades administrativas do interior, buscando a valoriza\u00e7\u00e3o dos interesses locais e a percep\u00e7\u00e3o da engenharia como bem social.<\/p>\n<p>O trabalho consiste em identificar pelo menos um projeto local para cada inspetoria e escrit\u00f3rio de representa\u00e7\u00e3o do Conselho, que somam, hoje, 79 unidades de atendimento em todo o estado. Representantes das cidades de Montes Claros, Curvelo, Diamantina, Jana\u00faba, Janu\u00e1ria, Pirapora, Salinas, Capelinha, V\u00e1rzea da Palma e Manga, que comp\u00f5em a Regional Norte do Crea-Minas, v\u00e3o elaborar e estruturar os projetos definidos de acordo com as demandas de cada munic\u00edpio. As cidades ter\u00e3o um prazo de, no m\u00e1ximo, um ano para a execu\u00e7\u00e3o. Durante esse per\u00edodo, o Crea-Minas vai proporcionar uma estrutura de apoio para o acompanhamento dos trabalhos, tendo em vista n\u00e3o apenas \u00e0 implanta\u00e7\u00e3o dos projetos como tamb\u00e9m a metodologia de gest\u00e3o.<\/p>\n<p>O presidente do Conselho, engenheiro civil Jobson Andrade, ressalta a import\u00e2ncia e a necessidade de debater pol\u00edticas p\u00fablicas. \u201cPor ser o Crea-Minas uma institui\u00e7\u00e3o que congrega as entidades de engenharia no estado e que det\u00e9m conhecimento t\u00e9cnico, \u00e9 tamb\u00e9m de nossa responsabilidade social promover debates acerca das necessidades da popula\u00e7\u00e3o\u201d, afirma.<\/p>\n<p><strong>Workshop<\/strong><\/p>\n<p>Na oportunidade, ser\u00e1 realizado ainda o \u201cCaf\u00e9 Empresarial\u201d, quando o presidente Jobson Andrade vai apresentar o rec\u00e9m-criado Col\u00e9gio Estadual de Empresas \u00e0s lideran\u00e7as empresariais da regi\u00e3o. O Col\u00e9gio tem por objetivo fazer a aproxima\u00e7\u00e3o entre cadeia produtiva e o Crea-Minas, evidenciando a import\u00e2ncia desse setor como um dos principais agentes de desenvolvimento do Brasil.<\/p>\n<p>Seguindo o objetivo do evento de debater as necessidades da popula\u00e7\u00e3o, tamb\u00e9m ser\u00e1 realizado o workshop de Pol\u00edticas P\u00fablicas, Meio Ambiente e Recursos H\u00eddricos, ministrado pela C\u00e2mara Tem\u00e1tica de Meio Ambiente do Crea-Minas. O intuito \u00e9 mobilizar a \u00e1rea de engenharia e levar informa\u00e7\u00f5es sobre temas ligados ao licenciamento ambiental a profissionais t\u00e9cnicos e institui\u00e7\u00f5es. Durante o workshop, ser\u00e1 apresentado ainda o novo Col\u00e9gio Estadual de Representantes Institucionais, que foi criado a fim de auxiliar tecnicamente os representantes indicados pelo Crea-Minas que atuam junto aos conselhos e \u00f3rg\u00e3os colegiados dedicados a temas como meio ambiente, plano diretor, pol\u00edtica urbana, saneamento, habita\u00e7\u00e3o, patrim\u00f4nio cultural, mobilidade urbana, entre outros.  <\/p>\n<p><strong>Servi\u00e7o<\/strong><\/p>\n<p>Data: 09 e 10 de junho de 2016<\/p>\n<p>Hor\u00e1rio: 8h30 \u00e0s 17h<\/p>\n<p>Local: Regional Norte do Crea-Minas &#8211; Av. Norival Guilherme Vieira, n\u00ba 70 \u2013 Bairro Ibituruna \u2013 Montes Claros\/MG<\/p>\n","protected":false},"excerpt":{"rendered":"<p>O Oficina de Projetos, programa de est\u00edmulo \u00e0 cultura do planejamento e acompanhamento de resultados do Conselho Regional de Engenharia e Agronomia de Minas Gerais (Crea-Minas), d\u00e1 in\u00edcio a uma s\u00e9rie de a\u00e7\u00f5es de interioriza\u00e7\u00e3o. Montes Claros vai sediar a reuni\u00e3o da Regional Norte do Conselho, nos dias 09 e 10 de junho de 2016. [&hellip;]<\/p>\n","protected":false},"author":1,"featured_media":62390,"comment_status":"open","ping_status":"closed","sticky":false,"template":"","format":"standard","meta":{"amp_status":"","footnotes":""},"categories":[1236],"tags":[132,96932,24161,465,96939,197,198,96937,204,205,1356,210,96936,96938,254,96935,96934,96933,96906,190,1340],"class_list":["post-88134","post","type-post","status-publish","format-standard","has-post-thumbnail","hentry","category-norte_de_minas","tag-capelinha","tag-cidades-do-norte-de-minas-recebem-programa-de-estimulo-ao-planejamento","tag-conselho-regional-de-engenharia-e-agronomia-de-minas-gerais","tag-crea-minas","tag-crea-minas-montes-claros","tag-curvelo","tag-diamantina","tag-engenheiro-civil-jobson-andrade","tag-janauba","tag-januaria","tag-manga","tag-montes-claros","tag-oficina-de-projetos","tag-oficina-de-projetos-crea-minas","tag-pirapora","tag-programa-de-estimulo-ao-planejamento","tag-programa-de-estimulo-ao-planejamento-em-municipios-do-norte-de-minas","tag-programa-de-estimulo-ao-planejamento-no-norte-de-minas","tag-regional-norte-do-crea-minas","tag-salinas","tag-varzea-da-palma"],"yoast_head":"<!-- This site is optimized with the Yoast SEO plugin v28.3 - https:\/\/yoast.com\/product\/yoast-seo-wordpress\/ -->\n<title>Cidades do Norte de Minas recebem programa de est\u00edmulo ao planejamento - Aconteceu no Vale<\/title>\n<meta name=\"robots\" content=\"index, follow, max-snippet:-1, max-image-preview:large, max-video-preview:-1\" \/>\n<link rel=\"canonical\" href=\"https:\/\/aconteceunovale.com.br\/portal\/?p=88134\" \/>\n<meta property=\"og:locale\" content=\"pt_BR\" \/>\n<meta property=\"og:type\" content=\"article\" \/>\n<meta property=\"og:title\" content=\"Cidades do Norte de Minas recebem programa de est\u00edmulo ao planejamento - Aconteceu no Vale\" \/>\n<meta property=\"og:description\" content=\"O Oficina de Projetos, programa de est\u00edmulo \u00e0 cultura do planejamento e acompanhamento de resultados do Conselho Regional de Engenharia e Agronomia de Minas Gerais (Crea-Minas), d\u00e1 in\u00edcio a uma s\u00e9rie de a\u00e7\u00f5es de interioriza\u00e7\u00e3o. Montes Claros vai sediar a reuni\u00e3o da Regional Norte do Conselho, nos dias 09 e 10 de junho de 2016. [&hellip;]\" \/>\n<meta property=\"og:url\" content=\"https:\/\/aconteceunovale.com.br\/portal\/?p=88134\" \/>\n<meta property=\"og:site_name\" content=\"Aconteceu no Vale\" \/>\n<meta property=\"article:publisher\" content=\"https:\/\/www.facebook.com\/aconteceunovale\/\" \/>\n<meta property=\"article:published_time\" content=\"2016-05-31T18:27:08+00:00\" \/>\n<meta property=\"og:image\" content=\"https:\/\/aconteceunovale.com.br\/portal\/wp-content\/uploads\/2015\/06\/montes_claros_mg.jpg\" \/>\n\t<meta property=\"og:image:width\" content=\"600\" \/>\n\t<meta property=\"og:image:height\" content=\"450\" \/>\n\t<meta property=\"og:image:type\" content=\"image\/jpeg\" \/>\n<meta name=\"author\" content=\"Aconteceu no Vale\" \/>\n<meta name=\"twitter:card\" content=\"summary_large_image\" \/>\n<meta name=\"twitter:creator\" content=\"@noticiadosvales\" \/>\n<meta name=\"twitter:site\" content=\"@noticiadosvales\" \/>\n<meta name=\"twitter:label1\" content=\"Escrito por\" \/>\n\t<meta name=\"twitter:data1\" content=\"Aconteceu no Vale\" \/>\n\t<meta name=\"twitter:label2\" content=\"Est. tempo de leitura\" \/>\n\t<meta name=\"twitter:data2\" content=\"2 minutos\" \/>\n<script type=\"application\/ld+json\" class=\"yoast-schema-graph\">{\"@context\":\"https:\\\/\\\/schema.org\",\"@graph\":[{\"@type\":\"Article\",\"@id\":\"https:\\\/\\\/aconteceunovale.com.br\\\/portal\\\/?p=88134#article\",\"isPartOf\":{\"@id\":\"https:\\\/\\\/aconteceunovale.com.br\\\/portal\\\/?p=88134\"},\"author\":{\"name\":\"Aconteceu no Vale\",\"@id\":\"https:\\\/\\\/aconteceunovale.com.br\\\/portal\\\/#\\\/schema\\\/person\\\/633529146f2c94272bef50ac2953d589\"},\"headline\":\"Cidades do Norte de Minas recebem programa de est\u00edmulo ao planejamento\",\"datePublished\":\"2016-05-31T18:27:08+00:00\",\"mainEntityOfPage\":{\"@id\":\"https:\\\/\\\/aconteceunovale.com.br\\\/portal\\\/?p=88134\"},\"wordCount\":504,\"commentCount\":0,\"image\":{\"@id\":\"https:\\\/\\\/aconteceunovale.com.br\\\/portal\\\/?p=88134#primaryimage\"},\"thumbnailUrl\":\"https:\\\/\\\/aconteceunovale.com.br\\\/portal\\\/wp-content\\\/uploads\\\/2015\\\/06\\\/montes_claros_mg.jpg\",\"keywords\":[\"Capelinha\",\"Cidades do Norte de Minas recebem programa de est\u00edmulo ao planejamento\",\"Conselho Regional de Engenharia e Agronomia de Minas Gerais\",\"CREA-Minas\",\"crea-minas montes claros\",\"Curvelo\",\"Diamantina\",\"engenheiro civil Jobson Andrade\",\"Jana\u00faba\",\"Janu\u00e1ria\",\"manga\",\"Montes Claros\",\"Oficina de Projetos\",\"Oficina de Projetos crea-minas\",\"Pirapora\",\"programa de est\u00edmulo ao planejamento\",\"programa de est\u00edmulo ao planejamento em munic\u00edpios do norte de minas\",\"programa de est\u00edmulo ao planejamento no norte de minas\",\"Regional Norte do Crea-Minas\",\"Salinas\",\"v\u00e1rzea da palma\"],\"articleSection\":[\"Norte de Minas\"],\"inLanguage\":\"pt-BR\",\"potentialAction\":[{\"@type\":\"CommentAction\",\"name\":\"Comment\",\"target\":[\"https:\\\/\\\/aconteceunovale.com.br\\\/portal\\\/?p=88134#respond\"]}]},{\"@type\":\"WebPage\",\"@id\":\"https:\\\/\\\/aconteceunovale.com.br\\\/portal\\\/?p=88134\",\"url\":\"https:\\\/\\\/aconteceunovale.com.br\\\/portal\\\/?p=88134\",\"name\":\"Cidades do Norte de Minas recebem programa de est\u00edmulo ao planejamento - Aconteceu no Vale\",\"isPartOf\":{\"@id\":\"https:\\\/\\\/aconteceunovale.com.br\\\/portal\\\/#website\"},\"primaryImageOfPage\":{\"@id\":\"https:\\\/\\\/aconteceunovale.com.br\\\/portal\\\/?p=88134#primaryimage\"},\"image\":{\"@id\":\"https:\\\/\\\/aconteceunovale.com.br\\\/portal\\\/?p=88134#primaryimage\"},\"thumbnailUrl\":\"https:\\\/\\\/aconteceunovale.com.br\\\/portal\\\/wp-content\\\/uploads\\\/2015\\\/06\\\/montes_claros_mg.jpg\",\"datePublished\":\"2016-05-31T18:27:08+00:00\",\"author\":{\"@id\":\"https:\\\/\\\/aconteceunovale.com.br\\\/portal\\\/#\\\/schema\\\/person\\\/633529146f2c94272bef50ac2953d589\"},\"breadcrumb\":{\"@id\":\"https:\\\/\\\/aconteceunovale.com.br\\\/portal\\\/?p=88134#breadcrumb\"},\"inLanguage\":\"pt-BR\",\"potentialAction\":[{\"@type\":\"ReadAction\",\"target\":[\"https:\\\/\\\/aconteceunovale.com.br\\\/portal\\\/?p=88134\"]}]},{\"@type\":\"ImageObject\",\"inLanguage\":\"pt-BR\",\"@id\":\"https:\\\/\\\/aconteceunovale.com.br\\\/portal\\\/?p=88134#primaryimage\",\"url\":\"https:\\\/\\\/aconteceunovale.com.br\\\/portal\\\/wp-content\\\/uploads\\\/2015\\\/06\\\/montes_claros_mg.jpg\",\"contentUrl\":\"https:\\\/\\\/aconteceunovale.com.br\\\/portal\\\/wp-content\\\/uploads\\\/2015\\\/06\\\/montes_claros_mg.jpg\",\"width\":600,\"height\":450},{\"@type\":\"BreadcrumbList\",\"@id\":\"https:\\\/\\\/aconteceunovale.com.br\\\/portal\\\/?p=88134#breadcrumb\",\"itemListElement\":[{\"@type\":\"ListItem\",\"position\":1,\"name\":\"In\u00edcio\",\"item\":\"https:\\\/\\\/aconteceunovale.com.br\\\/portal\\\/\"},{\"@type\":\"ListItem\",\"position\":2,\"name\":\"Cidades do Norte de Minas recebem programa de est\u00edmulo ao planejamento\"}]},{\"@type\":\"WebSite\",\"@id\":\"https:\\\/\\\/aconteceunovale.com.br\\\/portal\\\/#website\",\"url\":\"https:\\\/\\\/aconteceunovale.com.br\\\/portal\\\/\",\"name\":\"Aconteceu no Vale\",\"description\":\"Portal de Not\u00edcias\",\"potentialAction\":[{\"@type\":\"SearchAction\",\"target\":{\"@type\":\"EntryPoint\",\"urlTemplate\":\"https:\\\/\\\/aconteceunovale.com.br\\\/portal\\\/?s={search_term_string}\"},\"query-input\":{\"@type\":\"PropertyValueSpecification\",\"valueRequired\":true,\"valueName\":\"search_term_string\"}}],\"inLanguage\":\"pt-BR\"},{\"@type\":\"Person\",\"@id\":\"https:\\\/\\\/aconteceunovale.com.br\\\/portal\\\/#\\\/schema\\\/person\\\/633529146f2c94272bef50ac2953d589\",\"name\":\"Aconteceu no Vale\",\"description\":\"Equipe de reportagem do Aconteceu no Vale, portal de not\u00edcias do Vale do Jequitinhonha, em Minas Gerais. Cobrimos as 51 cidades do Vale desde 2013. Sugest\u00f5es de pauta e pedidos de corre\u00e7\u00e3o: contato@aconteceunovale.com.br\",\"sameAs\":[\"http:\\\/\\\/www.aconteceunovale.com.br\"],\"url\":\"https:\\\/\\\/aconteceunovale.com.br\\\/portal\\\/?author=1\"}]}<\/script>\n<!-- \/ Yoast SEO plugin. -->","yoast_head_json":{"title":"Cidades do Norte de Minas recebem programa de est\u00edmulo ao planejamento - Aconteceu no Vale","robots":{"index":"index","follow":"follow","max-snippet":"max-snippet:-1","max-image-preview":"max-image-preview:large","max-video-preview":"max-video-preview:-1"},"canonical":"https:\/\/aconteceunovale.com.br\/portal\/?p=88134","og_locale":"pt_BR","og_type":"article","og_title":"Cidades do Norte de Minas recebem programa de est\u00edmulo ao planejamento - Aconteceu no Vale","og_description":"O Oficina de Projetos, programa de est\u00edmulo \u00e0 cultura do planejamento e acompanhamento de resultados do Conselho Regional de Engenharia e Agronomia de Minas Gerais (Crea-Minas), d\u00e1 in\u00edcio a uma s\u00e9rie de a\u00e7\u00f5es de interioriza\u00e7\u00e3o. Montes Claros vai sediar a reuni\u00e3o da Regional Norte do Conselho, nos dias 09 e 10 de junho de 2016. [&hellip;]","og_url":"https:\/\/aconteceunovale.com.br\/portal\/?p=88134","og_site_name":"Aconteceu no Vale","article_publisher":"https:\/\/www.facebook.com\/aconteceunovale\/","article_published_time":"2016-05-31T18:27:08+00:00","og_image":[{"width":600,"height":450,"url":"https:\/\/aconteceunovale.com.br\/portal\/wp-content\/uploads\/2015\/06\/montes_claros_mg.jpg","type":"image\/jpeg"}],"author":"Aconteceu no Vale","twitter_card":"summary_large_image","twitter_creator":"@noticiadosvales","twitter_site":"@noticiadosvales","twitter_misc":{"Escrito por":"Aconteceu no Vale","Est. tempo de leitura":"2 minutos"},"schema":{"@context":"https:\/\/schema.org","@graph":[{"@type":"Article","@id":"https:\/\/aconteceunovale.com.br\/portal\/?p=88134#article","isPartOf":{"@id":"https:\/\/aconteceunovale.com.br\/portal\/?p=88134"},"author":{"name":"Aconteceu no Vale","@id":"https:\/\/aconteceunovale.com.br\/portal\/#\/schema\/person\/633529146f2c94272bef50ac2953d589"},"headline":"Cidades do Norte de Minas recebem programa de est\u00edmulo ao planejamento","datePublished":"2016-05-31T18:27:08+00:00","mainEntityOfPage":{"@id":"https:\/\/aconteceunovale.com.br\/portal\/?p=88134"},"wordCount":504,"commentCount":0,"image":{"@id":"https:\/\/aconteceunovale.com.br\/portal\/?p=88134#primaryimage"},"thumbnailUrl":"https:\/\/aconteceunovale.com.br\/portal\/wp-content\/uploads\/2015\/06\/montes_claros_mg.jpg","keywords":["Capelinha","Cidades do Norte de Minas recebem programa de est\u00edmulo ao planejamento","Conselho Regional de Engenharia e Agronomia de Minas Gerais","CREA-Minas","crea-minas montes claros","Curvelo","Diamantina","engenheiro civil Jobson Andrade","Jana\u00faba","Janu\u00e1ria","manga","Montes Claros","Oficina de Projetos","Oficina de Projetos crea-minas","Pirapora","programa de est\u00edmulo ao planejamento","programa de est\u00edmulo ao planejamento em munic\u00edpios do norte de minas","programa de est\u00edmulo ao planejamento no norte de minas","Regional Norte do Crea-Minas","Salinas","v\u00e1rzea da palma"],"articleSection":["Norte de Minas"],"inLanguage":"pt-BR","potentialAction":[{"@type":"CommentAction","name":"Comment","target":["https:\/\/aconteceunovale.com.br\/portal\/?p=88134#respond"]}]},{"@type":"WebPage","@id":"https:\/\/aconteceunovale.com.br\/portal\/?p=88134","url":"https:\/\/aconteceunovale.com.br\/portal\/?p=88134","name":"Cidades do Norte de Minas recebem programa de est\u00edmulo ao planejamento - Aconteceu no Vale","isPartOf":{"@id":"https:\/\/aconteceunovale.com.br\/portal\/#website"},"primaryImageOfPage":{"@id":"https:\/\/aconteceunovale.com.br\/portal\/?p=88134#primaryimage"},"image":{"@id":"https:\/\/aconteceunovale.com.br\/portal\/?p=88134#primaryimage"},"thumbnailUrl":"https:\/\/aconteceunovale.com.br\/portal\/wp-content\/uploads\/2015\/06\/montes_claros_mg.jpg","datePublished":"2016-05-31T18:27:08+00:00","author":{"@id":"https:\/\/aconteceunovale.com.br\/portal\/#\/schema\/person\/633529146f2c94272bef50ac2953d589"},"breadcrumb":{"@id":"https:\/\/aconteceunovale.com.br\/portal\/?p=88134#breadcrumb"},"inLanguage":"pt-BR","potentialAction":[{"@type":"ReadAction","target":["https:\/\/aconteceunovale.com.br\/portal\/?p=88134"]}]},{"@type":"ImageObject","inLanguage":"pt-BR","@id":"https:\/\/aconteceunovale.com.br\/portal\/?p=88134#primaryimage","url":"https:\/\/aconteceunovale.com.br\/portal\/wp-content\/uploads\/2015\/06\/montes_claros_mg.jpg","contentUrl":"https:\/\/aconteceunovale.com.br\/portal\/wp-content\/uploads\/2015\/06\/montes_claros_mg.jpg","width":600,"height":450},{"@type":"BreadcrumbList","@id":"https:\/\/aconteceunovale.com.br\/portal\/?p=88134#breadcrumb","itemListElement":[{"@type":"ListItem","position":1,"name":"In\u00edcio","item":"https:\/\/aconteceunovale.com.br\/portal\/"},{"@type":"ListItem","position":2,"name":"Cidades do Norte de Minas recebem programa de est\u00edmulo ao planejamento"}]},{"@type":"WebSite","@id":"https:\/\/aconteceunovale.com.br\/portal\/#website","url":"https:\/\/aconteceunovale.com.br\/portal\/","name":"Aconteceu no Vale","description":"Portal de Not\u00edcias","potentialAction":[{"@type":"SearchAction","target":{"@type":"EntryPoint","urlTemplate":"https:\/\/aconteceunovale.com.br\/portal\/?s={search_term_string}"},"query-input":{"@type":"PropertyValueSpecification","valueRequired":true,"valueName":"search_term_string"}}],"inLanguage":"pt-BR"},{"@type":"Person","@id":"https:\/\/aconteceunovale.com.br\/portal\/#\/schema\/person\/633529146f2c94272bef50ac2953d589","name":"Aconteceu no Vale","description":"Equipe de reportagem do Aconteceu no Vale, portal de not\u00edcias do Vale do Jequitinhonha, em Minas Gerais. Cobrimos as 51 cidades do Vale desde 2013. Sugest\u00f5es de pauta e pedidos de corre\u00e7\u00e3o: contato@aconteceunovale.com.br","sameAs":["http:\/\/www.aconteceunovale.com.br"],"url":"https:\/\/aconteceunovale.com.br\/portal\/?author=1"}]}},"_links":{"self":[{"href":"https:\/\/aconteceunovale.com.br\/portal\/index.php?rest_route=\/wp\/v2\/posts\/88134","targetHints":{"allow":["GET"]}}],"collection":[{"href":"https:\/\/aconteceunovale.com.br\/portal\/index.php?rest_route=\/wp\/v2\/posts"}],"about":[{"href":"https:\/\/aconteceunovale.com.br\/portal\/index.php?rest_route=\/wp\/v2\/types\/post"}],"author":[{"embeddable":true,"href":"https:\/\/aconteceunovale.com.br\/portal\/index.php?rest_route=\/wp\/v2\/users\/1"}],"replies":[{"embeddable":true,"href":"https:\/\/aconteceunovale.com.br\/portal\/index.php?rest_route=%2Fwp%2Fv2%2Fcomments&post=88134"}],"version-history":[{"count":0,"href":"https:\/\/aconteceunovale.com.br\/portal\/index.php?rest_route=\/wp\/v2\/posts\/88134\/revisions"}],"wp:featuredmedia":[{"embeddable":true,"href":"https:\/\/aconteceunovale.com.br\/portal\/index.php?rest_route=\/wp\/v2\/media\/62390"}],"wp:attachment":[{"href":"https:\/\/aconteceunovale.com.br\/portal\/index.php?rest_route=%2Fwp%2Fv2%2Fmedia&parent=88134"}],"wp:term":[{"taxonomy":"category","embeddable":true,"href":"https:\/\/aconteceunovale.com.br\/portal\/index.php?rest_route=%2Fwp%2Fv2%2Fcategories&post=88134"},{"taxonomy":"post_tag","embeddable":true,"href":"https:\/\/aconteceunovale.com.br\/portal\/index.php?rest_route=%2Fwp%2Fv2%2Ftags&post=88134"}],"curies":[{"name":"wp","href":"https:\/\/api.w.org\/{rel}","templated":true}]}}