{"id":88124,"date":"2016-05-31T11:07:31","date_gmt":"2016-05-31T14:07:31","guid":{"rendered":"http:\/\/aconteceunovale.com.br\/portal\/?p=88124"},"modified":"2016-05-31T11:07:57","modified_gmt":"2016-05-31T14:07:57","slug":"quik-cia-de-danca-retorna-ao-vale-do-jequitinhonha","status":"publish","type":"post","link":"https:\/\/aconteceunovale.com.br\/portal\/?p=88124","title":{"rendered":"Quik Cia de Dan\u00e7a retorna ao Vale do Jequitinhonha"},"content":{"rendered":"<p>Depois de circular por diferentes cidades do Jequitinhonha, no interior de Minas Gerais, em novembro do \u00faltimo ano, a Quik Cia de Dan\u00e7a retorna para a segunda etapa de sua turn\u00ea que passar\u00e1 por outras cinco cidades da regi\u00e3o, al\u00e9m do munic\u00edpio de Juiz de Fora. Durante a itiner\u00e2ncia, o p\u00fablico poder\u00e1 conhecer um pouco mais da Cia, que continua a sua primeira excurs\u00e3o pela regi\u00e3o, promovendo uma programa\u00e7\u00e3o especial em cada cidade, que inclui apresenta\u00e7\u00e3o de espet\u00e1culo,  realiza\u00e7\u00e3o de oficinas em escolas e uma exposi\u00e7\u00e3o fotogr\u00e1fica. Todas as atividades s\u00e3o gratuitas.  A Circula\u00e7\u00e3o pelo Vale do Jequitinhonha retoma as comemora\u00e7\u00f5es de 15 anos da Quik Cia de Dan\u00e7a. <\/p>\n<p>Nesta segunda etapa de circula\u00e7\u00e3o, a cia desembarca primeiro na cidade de Ara\u00e7ua\u00ed (06\/06), seguindo para Itinga  (07\/06), Almenara (09\/06), Salinas  (11\/06) e Chapada do Norte  (13\/06), no Vale do Jequitinhonha, encerrando em Juiz de Fora  (15\/06), na Zona da Mata, com duas apresenta\u00e7\u00f5es. Na primeira etapa da itiner\u00e2ncia, foram contemplados os munic\u00edpios de Bocaiuva, Minas Novas, Capelinha, Itamarandiba e Diamantina. <\/p>\n<p>\u201cEstar no Vale do Jequitinhonha era um sonho antigo. Cada cidade por onde passamos nos ofereceu um material muito potente para a constru\u00e7\u00e3o das cenas,  que s\u00e3o sempre improvisadas a partir de cada contexto onde acontece.  Estabelecemos di\u00e1logos ricos com a popula\u00e7\u00e3o, cultura local, escolas p\u00fablicas e a arquitetura da regi\u00e3o. As pessoas foram muito abertas e acolhedoras a todas as propostas oferecidas pela Cia, o que possibilitou um tipo de troca muito especial.  Na cidade de Capelinha por exemplo, realizamos boa parte  do espet\u00e1culo   dentro da rodovi\u00e1ria, o que nos possibilitou entrar em contato com os mais diversos tipos de pessoas e situa\u00e7\u00f5es muito inusitadas.\u201d, comentam Let\u00edcia Carneiro e Rodrigo Quik, fundadores da Quik Cia de Dan\u00e7a.<\/p>\n<p>O espet\u00e1culo que ser\u00e1 apresentado \u00e9 \u201cResson\u00e2ncias\u201d.  A hist\u00f3ria se constr\u00f3i em parceria com a plateia, que comp\u00f5e a cena, envolvendo dan\u00e7a, m\u00fasica, espa\u00e7o, arquitetura e p\u00fablico em uma forma\u00e7\u00e3o \u00fanica, resultando em uma constru\u00e7\u00e3o in\u00e9dita a cada apresenta\u00e7\u00e3o. A transversalidade da arte neste espet\u00e1culo se prop\u00f5e a refletir o cen\u00e1rio vivo de cada local de apresenta\u00e7\u00e3o, permitindo a seus interlocutores olhares que dialogam e revelam seus imagin\u00e1rios. Cada apresenta\u00e7\u00e3o possibilita ao p\u00fablico diferentes perspectivas e formas de recep\u00e7\u00e3o e assimila\u00e7\u00e3o da montagem, de acordo com o perfil e caracter\u00edsticas de cada espa\u00e7o e do p\u00fablico presente.  Por se tratar de um espet\u00e1culo que dialoga bastante com o p\u00fablico e tamb\u00e9m com local onde est\u00e1 sendo apresentado, a expectativa da Cia. de encen\u00e1-lo  novamente no Vale do Jequitinhonha \u00e9 bastante grande.<\/p>\n<p><img decoding=\"async\" src=\"http:\/\/aconteceunovale.com.br\/portal\/wp-content\/uploads\/2016\/05\/quick_cia_jequitinhonha_1.jpg\" alt=\"\" \/><em>Quik Cia de Dan\u00e7a retorna ao Vale do Jequitinhonha (Foto: Merry Couto \/ Divulga\u00e7\u00e3o)<\/em><br \/>\n<\/br><\/p>\n<p><strong>Teoria e pr\u00e1tica<\/strong><\/p>\n<p>Uma oficina marcar\u00e1 a estadia da Cia pelas cidades. Tendo como foco o p\u00fablico escolar, uma escola p\u00fablica de cada munic\u00edpio receber\u00e1 o jogo de cartas de mem\u00f3ria, desenvolvido pela equipe da Quik dentro do projeto \u201cCorredor Cultural\u201d, aprovado pelo Fundo Estadual de Cultura de Minas Gerais. O jogo fala da hist\u00f3ria da dan\u00e7a, despertando nos alunos o interesse pela arte, al\u00e9m de sensibiliz\u00e1-los para a apresenta\u00e7\u00e3o de \u201cResson\u00e2ncias\u201d, que ser\u00e1 realizada em pra\u00e7a p\u00fablica. <\/p>\n<p>\u201cA experi\u00eancia com alunos das  escolas p\u00fablicas mobilizadas por n\u00f3s nos trouxe muitas \u201cResson\u00e2ncias\u201d. Utilizamos  com eles  como  material pedag\u00f3gico um \u201cjogo da mem\u00f3ria\u201d  que fala um pouco sobre a hist\u00f3ria das artes c\u00eanicas e em um segundo momento estes mesmos alunos v\u00e3o assistir  o espet\u00e1culo.  Esta din\u00e2mica tem sido muito estrat\u00e9gica para  difundir e ampliar a forma\u00e7\u00e3o de p\u00fablico para a dan\u00e7a contempor\u00e2nea.\u201d, destacam Let\u00edcia e Rodrigo.<\/p>\n<p><strong>Exposi\u00e7\u00e3o \u201cOutros Olhares\u201d<\/strong> &#8211; A exposi\u00e7\u00e3o re\u00fane o olhar de v\u00e1rios fot\u00f3grafos sobre o espet\u00e1culo \u201cResson\u00e2ncias\u201d, desde 2010, criando diferentes possibilidades de novas realidades, interlocu\u00e7\u00f5es e transversalidades. A proposta \u00e9 refletir o cen\u00e1rio vivo e a presen\u00e7a do p\u00fablico de cada local de apresenta\u00e7\u00e3o, permitindo a seus interlocutores olhares que dialogam e revelam seus imagin\u00e1rios.<\/p>\n<p>A curadoria foi feita por Rodrigo Quik e Let\u00edcia Carneiro. Dentre os fot\u00f3grafos participantes est\u00e3o Ilana Lansky, Foca, Nina Blauth, Ary Kerner, Guto Muniz e Tarc\u00edsio de Paula.  \u201cEssa variedade de fot\u00f3grafos \u00e9 algo que nos estimulou muito, pois s\u00e3o diversos olhares, em situa\u00e7\u00f5es bem distintas e tamb\u00e9m com p\u00fablico e arquitetura completamente diferentes. Alguns fot\u00f3grafos foram encontrados espontaneamente, durante nossas apresenta\u00e7\u00f5es, e outros foram contratados pelos eventos e nos passaram as imagens. O que nos motivou a criar esta exposi\u00e7\u00e3o foi a possibilidade interdisciplinar, pois  estamos misturando um trabalho de artes visuais com artes c\u00eanicas e performance. Criamos assim, novos significados e s\u00edmbolos para  n\u00f3s, artistas envolvidos, e para o p\u00fablico\u201d, conta Rodrigo Quik. <\/p>\n<p><strong>Resson\u00e2ncias<\/strong> \u00e9 um marco no trabalho de improvisa\u00e7\u00e3o desenvolvido pela Quik Companhia de Dan\u00e7a.  Desde 2006,  a Cia  tem focado suas  pesquisas a partir da improvisa\u00e7\u00e3o. Para isso, tem investigado novos m\u00e9todos de composi\u00e7\u00e3o,  construindo  partituras de rela\u00e7\u00f5es c\u00eanicas como um caminho poss\u00edvel.  \u201cResson\u00e2ncias\u201d, que vem sendo realizado desde 2008, tem passado por v\u00e1rias fases, modifica\u00e7\u00f5es e amadurecimentos. \u00c9 uma obra art\u00edstica com uma metodologia muito interessante e pr\u00f3pria, que vem sendo constru\u00edda e descoberta atrav\u00e9s do pr\u00f3prio fazer, em locais muito diferentes e na rela\u00e7\u00e3o aberta e interativa com cada um dos p\u00fablicos. \u00c9 um espet\u00e1culo que tem tido uma aceita\u00e7\u00e3o grande em festivais no Brasil, n\u00e3o s\u00f3 de dan\u00e7a, mas tamb\u00e9m de teatro.<\/p>\n<p><strong>Ficha T\u00e9cnica do espet\u00e1culo \u201cResson\u00e2ncias\u201d<\/strong><\/p>\n<p><strong>Concep\u00e7\u00e3o, Cria\u00e7\u00e3o e Interpreta\u00e7\u00e3o:<\/strong> Let\u00edcia Carneiro e Rodrigo Quik<br \/>\n<strong>Cria\u00e7\u00e3o e execu\u00e7\u00e3o da trilha sonora ao vivo:<\/strong> Rodrigo Salvador  e Ant\u00f4nio Moreira<br \/>\n<strong>Figurino:<\/strong> Silma Dornas e Rodrigo Quik<br \/>\n<strong>Cenografia:<\/strong> Let\u00edcia Carneiro<br \/>\n<strong>Produ\u00e7\u00e3o executiva:<\/strong> Merry Couto<\/p>\n<p><strong>Ficha T\u00e9cnica da Exposi\u00e7\u00e3o \u201cOutros Olhares\u201d:<\/strong><br \/>\nRealiza\u00e7\u00e3o: Quik Cia de Dan\u00e7a<br \/>\nCuradoria: Let\u00edcia Carneiro e Rodrigo Quik<br \/>\nFot\u00f3grafos: Ary Kerner, Guto Muniz,  Ilana Lansky, Foca, Nina Blauth,  Paula Ternoval  e Tarc\u00edsio  de Paula<\/p>\n<p><strong>Sobre a Quik Companhia de Dan\u00e7a<\/strong> &#8211; Fundada em 2000, no bairro Jardim Canada? \u2013 Munic\u00edpio de Nova Lima(MG), pelos bailarinos Let\u00edcia Carneiro e Rodrigo Quik. Ambos com vasta experi\u00eancia profissional em dan\u00e7a contempor\u00e2nea no Brasil e no exterior, como integrantes do Grupo Corpo de 1984 a 1996. A Cia completou, em 2016, 15 anos de exist\u00eancia possuindo no seu repert\u00f3rio oito  espet\u00e1culos. Nesse processo, construiu uma metodologia de cria\u00e7\u00e3o art\u00edstica, na qual sempre valorizou os procedimentos de pesquisas sistematizadas em dan\u00e7a contempor\u00e2nea e suas interfaces com outras linguagens art\u00edsticas. A Quik descobriu, nesta trajet\u00f3ria, que novos olhares para o mundo e diferentes possibilidades de dialogar  com outras linguagens art\u00edsticas, trazem potencialidade de cria\u00e7\u00e3o para seus espet\u00e1culos. H\u00e1 14 anos, a Quik atua na comunidade do Jardim Canad\u00e1, em Nova Lima (MG), por meio de seus projetos s\u00f3cio-art\u00edstico-cultural, contribuindo para o acesso da popula\u00e7\u00e3o aos bens culturais, atrav\u00e9s das atividades promovidas no &#8220;Quik Espa\u00e7o Cultural&#8221; e pelas a\u00e7\u00f5es produzidas em seu projeto de educa\u00e7\u00e3o pela arte, o &#8220;Quik Cidadania&#8221;.<\/p>\n<p><strong>Patroc\u00ednio:<\/strong> Petrobras, Governo Federal Brasil P\u00e1tria Educadora. Incentivo: Lei Estadual de Incentivo \u00e0 Cultura de Minas Gerais.<\/p>\n<p><strong>Programa\u00e7\u00e3o Quik Cia de Dan\u00e7a \u2013 Jequitinhonha<\/p>\n<p>Espet\u00e1culo \u201cResson\u00e2ncias\u201d e exposi\u00e7\u00e3o \u201cOutros Olhares\u201d(Todas as atividades ocorrer\u00e3o nas pra\u00e7as)<\/strong><\/p>\n<p><strong>Ara\u00e7ua\u00ed<\/strong><br \/>\nData: 06\/06<\/p>\n<p>Espet\u00e1culo \u201cResson\u00e2ncias\u201d<br \/>\nHor\u00e1rio: 16h<br \/>\nLocal: Pra\u00e7a do F\u00f3rum <\/p>\n<p>Exposi\u00e7\u00e3o fotogr\u00e1fica\u201dOutros olhares\u201d<br \/>\nHor\u00e1rio: das 13h30 \u00e0s 17h30<br \/>\nLocal: Pra\u00e7a do F\u00f3rum<\/p>\n<p><strong>Itinga<\/strong><br \/>\nData: 07\/06<\/p>\n<p>Espet\u00e1culo \u201cResson\u00e2ncias\u201d<br \/>\nHor\u00e1rio: 16h30<br \/>\nLocal: Pra\u00e7a Ermelino Gusm\u00e3o<\/p>\n<p>Exposi\u00e7\u00e3o fotogr\u00e1fica\u201dOutros olhares\u201d<br \/>\nHor\u00e1rio: das 14h \u00e0s 18h<br \/>\nLocal: Pra\u00e7a Ermelino Gusm\u00e3o<\/p>\n<p><strong>Almenara<\/strong><br \/>\nData: 09\/06<\/p>\n<p>Espet\u00e1culo \u201cResson\u00e2ncias\u201d<br \/>\nHor\u00e1rio: 16h<br \/>\nLocal: Pra\u00e7a Helio Rocha Guimar\u00e3es<\/p>\n<p>Exposi\u00e7\u00e3o fotogr\u00e1fica\u201dOutros olhares\u201d<br \/>\nHor\u00e1rio: das 13h30 \u00e0s 17h30<br \/>\nLocal: Pra\u00e7a Helio Rocha Guimar\u00e3es<\/p>\n<p><strong>Salinas<\/strong><br \/>\nData: 11\/06<\/p>\n<p>Espet\u00e1culo \u201cResson\u00e2ncias\u201d<br \/>\nHor\u00e1rio: 10h<br \/>\nLocal: Pra\u00e7a Passarela da Alegria<\/p>\n<p>Exposi\u00e7\u00e3o fotogr\u00e1fica\u201dOutros olhares\u201d<br \/>\nHor\u00e1rio: das 08h30 \u00e0s 11h30<br \/>\nLocal: Pra\u00e7a Passarela da Alegria<\/p>\n<p><strong>Chapada do Norte<\/strong><br \/>\nData: 13\/06<\/p>\n<p>Espet\u00e1culo \u201cResson\u00e2ncias\u201d<br \/>\nHor\u00e1rio: 15h30<br \/>\nLocal: Pra\u00e7a Padre Jos\u00e9 Maria do Sacramento<\/p>\n<p>Exposi\u00e7\u00e3o fotogr\u00e1fica\u201dOutros olhares\u201d<br \/>\nHor\u00e1rio: das 13h \u00e0s 17h<br \/>\nLocal: Pra\u00e7a Padre Jos\u00e9 Maria do Sacramento<\/p>\n<p><strong>Juiz de Fora<\/strong><br \/>\nData: 15\/06<\/p>\n<p>Espet\u00e1culo \u201cResson\u00e2ncias\u201d (Duas Apresenta\u00e7\u00f5es)<br \/>\nHor\u00e1rio: 10h e 16h<br \/>\nLocal: Pra\u00e7a CEU<\/p>\n<p>Exposi\u00e7\u00e3o fotogr\u00e1fica\u201dOutros olhares\u201d<br \/>\nHor\u00e1rio: das 08h30 \u00e0s 17h30<br \/>\nLocal: Pra\u00e7a CEU<\/p>\n<p><em>(A Dupla Informa\u00e7\u00e3o)<\/em><\/p>\n","protected":false},"excerpt":{"rendered":"<p>Depois de circular por diferentes cidades do Jequitinhonha, no interior de Minas Gerais, em novembro do \u00faltimo ano, a Quik Cia de Dan\u00e7a retorna para a segunda etapa de sua turn\u00ea que passar\u00e1 por outras cinco cidades da regi\u00e3o, al\u00e9m do munic\u00edpio de Juiz de Fora. Durante a itiner\u00e2ncia, o p\u00fablico poder\u00e1 conhecer um pouco [&hellip;]<\/p>\n","protected":false},"author":1,"featured_media":88125,"comment_status":"open","ping_status":"closed","sticky":false,"template":"","format":"standard","meta":{"amp_status":"","footnotes":""},"categories":[125,120],"tags":[142,96912,186,645,132,481,198,149,189,206,137,96910,96911,96909,190,96913],"class_list":["post-88124","post","type-post","status-publish","format-standard","has-post-thumbnail","hentry","category-noticias","category-jequi","tag-almenara","tag-apresentacoes-da-quik-cia-de-danca-no-vale-do-jequitinhonha","tag-aracuai","tag-bocaiuva","tag-capelinha","tag-chapada-do-norte","tag-diamantina","tag-itamarandiba","tag-itinga","tag-juiz-de-fora","tag-minas-novas","tag-quik-cia-de-danca","tag-quik-cia-de-danca-no-vale-do-jequitinhonha","tag-quik-cia-de-danca-retorna-ao-vale-do-jequitinhonha","tag-salinas","tag-tour-da-quik-cia-de-danca-no-vale-do-jequitinhonha"],"_links":{"self":[{"href":"https:\/\/aconteceunovale.com.br\/portal\/index.php?rest_route=\/wp\/v2\/posts\/88124","targetHints":{"allow":["GET"]}}],"collection":[{"href":"https:\/\/aconteceunovale.com.br\/portal\/index.php?rest_route=\/wp\/v2\/posts"}],"about":[{"href":"https:\/\/aconteceunovale.com.br\/portal\/index.php?rest_route=\/wp\/v2\/types\/post"}],"author":[{"embeddable":true,"href":"https:\/\/aconteceunovale.com.br\/portal\/index.php?rest_route=\/wp\/v2\/users\/1"}],"replies":[{"embeddable":true,"href":"https:\/\/aconteceunovale.com.br\/portal\/index.php?rest_route=%2Fwp%2Fv2%2Fcomments&post=88124"}],"version-history":[{"count":0,"href":"https:\/\/aconteceunovale.com.br\/portal\/index.php?rest_route=\/wp\/v2\/posts\/88124\/revisions"}],"wp:featuredmedia":[{"embeddable":true,"href":"https:\/\/aconteceunovale.com.br\/portal\/index.php?rest_route=\/wp\/v2\/media\/88125"}],"wp:attachment":[{"href":"https:\/\/aconteceunovale.com.br\/portal\/index.php?rest_route=%2Fwp%2Fv2%2Fmedia&parent=88124"}],"wp:term":[{"taxonomy":"category","embeddable":true,"href":"https:\/\/aconteceunovale.com.br\/portal\/index.php?rest_route=%2Fwp%2Fv2%2Fcategories&post=88124"},{"taxonomy":"post_tag","embeddable":true,"href":"https:\/\/aconteceunovale.com.br\/portal\/index.php?rest_route=%2Fwp%2Fv2%2Ftags&post=88124"}],"curies":[{"name":"wp","href":"https:\/\/api.w.org\/{rel}","templated":true}]}}