{"id":88122,"date":"2016-05-31T10:55:32","date_gmt":"2016-05-31T13:55:32","guid":{"rendered":"http:\/\/aconteceunovale.com.br\/portal\/?p=88122"},"modified":"2016-05-31T10:55:32","modified_gmt":"2016-05-31T13:55:32","slug":"crea-minas-se-reune-com-empreendedores-do-agronegocio-em-capelinha-no-vale-do-jequitinhonha","status":"publish","type":"post","link":"https:\/\/aconteceunovale.com.br\/portal\/?p=88122","title":{"rendered":"Crea-Minas se re\u00fane com empreendedores do agroneg\u00f3cio em Capelinha, no Vale do Jequitinhonha"},"content":{"rendered":"<p>Os produtores rurais do Vale do Jequitinhonha v\u00e3o se reunir com o Conselho Regional de Engenharia e Agronomia de Minas Gerais (Crea-Minas) para debaterem sobre a segunda fase das a\u00e7\u00f5es de fiscaliza\u00e7\u00e3o do agroneg\u00f3cio. O encontro ser\u00e1 realizado em Capelinha, no dia 02 de Junho de 2016, no audit\u00f3rio do Hotel Aran\u00e3s.<\/p>\n<p>Nesta reuni\u00e3o, gestores do agroneg\u00f3cio de cafeicultura e silvicultura ser\u00e3o informados sobre as atividades a serem fiscalizadas, inclusive com esclarecimento de d\u00favidas. Tamb\u00e9m v\u00e3o participar do encontro representantes do agroneg\u00f3cio da Regional Norte do Crea-Minas, com sede em Montes Claros, al\u00e9m de lideran\u00e7as locais, institui\u00e7\u00f5es do setor e interessados no tema. J\u00e1 a a\u00e7\u00e3o de fiscaliza\u00e7\u00e3o ser\u00e1 realizada entre os dias 18 a 22 de julho, nos munic\u00edpios de Diamantina, Datas, Itamarandiba, Capelinha, Turmalina, Fel\u00edcio dos Santos e Senador Modestino Gon\u00e7alves.<\/p>\n<p>O fiscal especializado em agroneg\u00f3cio do Crea-Minas, t\u00e9cnico agr\u00edcola Carlos Roberto Alves, informa que a reuni\u00e3o \u00e9 uma oportunidade para que os produtores entendam como \u00e9 o processo de fiscaliza\u00e7\u00e3o. \u201cA nossa inten\u00e7\u00e3o n\u00e3o \u00e9 punir e, sim, orientar. A proposta da reuni\u00e3o \u00e9 aproximar os produtores do Conselho e divulgar a a\u00e7\u00e3o para que todos tenham tempo para se adequarem \u00e0 legisla\u00e7\u00e3o. Durante a fiscaliza\u00e7\u00e3o, queremos constatar a regularidade dos empreendimentos\u201d, afirma Carlos.<\/p>\n<p><strong>Balan\u00e7o<\/strong><\/p>\n<p>A primeira etapa da fiscaliza\u00e7\u00e3o na Regional Norte, realizada em setembro e outubro de 2015, focou em empresas de projetos e montagens de sistemas de irriga\u00e7\u00e3o, de perfura\u00e7\u00f5es de po\u00e7os tubulares profundos, empresas de agrimensura e a autoriza\u00e7\u00e3o  de outorgas de \u00e1guas superficiais e subterr\u00e2neas,sendo 107 estabelecimentos fiscalizados. Em todo o estado, foram 1.040 a\u00e7\u00f5es de fiscaliza\u00e7\u00e3o, distribu\u00eddas em 13 tipos de empreendimentos do agroneg\u00f3cio.  <\/p>\n<p>O gerente de Fiscaliza\u00e7\u00e3o do Crea-Minas, engenheiro mec\u00e2nico Guilherme Rodrigues, destaca que o resultado foi bastante positivo e superou expectativas. \u201cAo final da primeira etapa, conseguimos alcan\u00e7ar 98,1% de regularidade nas atividades fiscalizadas sem a necessidade de autua\u00e7\u00e3o. Os autuados somaram 1,9% do total, o que est\u00e1 abaixo do \u00edndice do Conselho, que gira em torno de 5%\u201d, completa Guilherme.<\/p>\n<p><strong>Servi\u00e7o<\/strong><\/p>\n<p>Data: 02 de junho de 2016<\/p>\n<p>Hor\u00e1rio: 09Hs \u00e0s 12Hs<\/p>\n<p>Local: Audit\u00f3rio do Hotel Aran\u00e3s, Rua Rio Branco, 866 &#8211; Planalto, Capelinha \u2013 MG.<\/p>\n","protected":false},"excerpt":{"rendered":"<p>Os produtores rurais do Vale do Jequitinhonha v\u00e3o se reunir com o Conselho Regional de Engenharia e Agronomia de Minas Gerais (Crea-Minas) para debaterem sobre a segunda fase das a\u00e7\u00f5es de fiscaliza\u00e7\u00e3o do agroneg\u00f3cio. O encontro ser\u00e1 realizado em Capelinha, no dia 02 de Junho de 2016, no audit\u00f3rio do Hotel Aran\u00e3s. Nesta reuni\u00e3o, gestores [&hellip;]<\/p>\n","protected":false},"author":1,"featured_media":78238,"comment_status":"open","ping_status":"closed","sticky":false,"template":"","format":"standard","meta":{"amp_status":"","footnotes":""},"categories":[120],"tags":[96907,96903,132,24161,465,96908,96902,96904,76170,96101,96905,210,541,96906,96100],"class_list":["post-88122","post","type-post","status-publish","format-standard","has-post-thumbnail","hentry","category-jequi","tag-agronegocio-do-crea-minas","tag-agronegocio-no-vale-do-jequitinhonha","tag-capelinha","tag-conselho-regional-de-engenharia-e-agronomia-de-minas-gerais","tag-crea-minas","tag-crea-minas-se-reune-com-empreendedores-do-agronegocio-em-capelinha","tag-crea-minas-se-reune-com-empreendedores-do-agronegocio-no-vale-do-jequitinhonha","tag-encontro-do-crea-mg-com-o-agronegocio-no-vale-do-jequitinhonha","tag-engenheiro-mecanico-guilherme-rodrigues","tag-fiscalizacao-do-crea-minas","tag-hotel-aranas","tag-montes-claros","tag-no-vale-do-jequitinhonha","tag-regional-norte-do-crea-minas","tag-tecnico-agricola-carlos-roberto-alves"],"_links":{"self":[{"href":"https:\/\/aconteceunovale.com.br\/portal\/index.php?rest_route=\/wp\/v2\/posts\/88122","targetHints":{"allow":["GET"]}}],"collection":[{"href":"https:\/\/aconteceunovale.com.br\/portal\/index.php?rest_route=\/wp\/v2\/posts"}],"about":[{"href":"https:\/\/aconteceunovale.com.br\/portal\/index.php?rest_route=\/wp\/v2\/types\/post"}],"author":[{"embeddable":true,"href":"https:\/\/aconteceunovale.com.br\/portal\/index.php?rest_route=\/wp\/v2\/users\/1"}],"replies":[{"embeddable":true,"href":"https:\/\/aconteceunovale.com.br\/portal\/index.php?rest_route=%2Fwp%2Fv2%2Fcomments&post=88122"}],"version-history":[{"count":0,"href":"https:\/\/aconteceunovale.com.br\/portal\/index.php?rest_route=\/wp\/v2\/posts\/88122\/revisions"}],"wp:featuredmedia":[{"embeddable":true,"href":"https:\/\/aconteceunovale.com.br\/portal\/index.php?rest_route=\/wp\/v2\/media\/78238"}],"wp:attachment":[{"href":"https:\/\/aconteceunovale.com.br\/portal\/index.php?rest_route=%2Fwp%2Fv2%2Fmedia&parent=88122"}],"wp:term":[{"taxonomy":"category","embeddable":true,"href":"https:\/\/aconteceunovale.com.br\/portal\/index.php?rest_route=%2Fwp%2Fv2%2Fcategories&post=88122"},{"taxonomy":"post_tag","embeddable":true,"href":"https:\/\/aconteceunovale.com.br\/portal\/index.php?rest_route=%2Fwp%2Fv2%2Ftags&post=88122"}],"curies":[{"name":"wp","href":"https:\/\/api.w.org\/{rel}","templated":true}]}}