{"id":88089,"date":"2016-05-30T23:43:18","date_gmt":"2016-05-31T02:43:18","guid":{"rendered":"http:\/\/aconteceunovale.com.br\/portal\/?p=88089"},"modified":"2016-05-30T23:43:18","modified_gmt":"2016-05-31T02:43:18","slug":"novo-padrao-de-placas-sera-utilizado-a-partir-de-2017-no-brasil-2","status":"publish","type":"post","link":"https:\/\/aconteceunovale.com.br\/portal\/?p=88089","title":{"rendered":"Novo padr\u00e3o de placas ser\u00e1 utilizado a partir de 2017 no Brasil"},"content":{"rendered":"<p>O novo padr\u00e3o de placas de ve\u00edculos vai come\u00e7ar a ser utilizado a partir de 2017 no Brasil. As placas t\u00eam modelo \u00fanico com os pa\u00edses do Mercosul e lembram o sistema aplicado na Uni\u00e3o Europeia. Todos os modelos do Brasil dever\u00e3o ter a nova identifica\u00e7\u00e3o at\u00e9 2020.<\/p>\n<p>O cronograma e a regulamenta\u00e7\u00e3o das novas placas foram estabelecidos pela Resolu\u00e7\u00e3o n\u00ba 590 do Conselho Nacional de Tr\u00e2nsito (Contran), publicada no Di\u00e1rio Oficial da Uni\u00e3o na \u00faltima sexta-feira (27). As novas placas t\u00eam 40 cm por 13 cm (as mesmas dimens\u00f5es atuais), mas com design diferente: fundo branco, margem superior azul e a bandeira do pa\u00eds de registro do ve\u00edculo.<\/p>\n<p>Segundo o Contran, a partir de 1\u00ba de janeiro de 2017, todos os ve\u00edculos novos dever\u00e3o possuir o novo modelo. A medida vale tamb\u00e9m para ve\u00edculos em processo de transfer\u00eancia de munic\u00edpio ou de propriedade, ou quando houver a necessidade de substitui\u00e7\u00e3o das  placas. Estados e o Distrito Federal podem antecipar as exig\u00eancias, desde que autorizados pelo Departamento Nacional de Tr\u00e2nsito (Denatran).<\/p>\n<p>E at\u00e9 31 de dezembro de 2020, todos os ve\u00edculos do Brasil dever\u00e3o utilizar o novo modelo com padr\u00e3o Mercosul. As placas ter\u00e3o ainda uma pel\u00edcula micro-prism\u00e1tica para dificultar a falsifica\u00e7\u00e3o. Esse elemento dever\u00e1 ser aplicado at\u00e9 2021, caso a tecnologia seja dispon\u00edvel para toda a frota.<\/p>\n<p>Com as medidas, ser\u00e1 o fim das placas nas cores cinza, vermelha, branca, verde, azul e preta. Todas ter\u00e3o fundo branco; a diferen\u00e7a entre o uso de cada ve\u00edculo ser\u00e1 apontado pela cor dos caracteres. Ve\u00edculos particulares ter\u00e3o letras e n\u00fameros na cor preta e comerciais em vermelho. Modelos de uso oficial ou representa\u00e7\u00e3o, azul; corpo consular, dourada; ve\u00edculos em experi\u00eancia ou fabricantes, verde; modelos de cole\u00e7\u00e3o (acima dos 30 anos), caracteres na cor cinza prata.<\/p>\n<p><strong>Nova Placa<\/strong><\/p>\n<p>A nova placa possui 40 cm de largura por 13 cm de altura &#8211; as mesmas dimens\u00f5es j\u00e1 utilizadas no Brasil &#8211; e tem design que lembra o sistema da Uni\u00e3o Europeia. A identifica\u00e7\u00e3o possui sete caracteres, com duas letras, tr\u00eas n\u00fameros e mais duas letras, capaz de gerar at\u00e9 450 milh\u00f5es de combina\u00e7\u00f5es. O fundo ser\u00e1 branco, com uma faixa azul na parte de cima. Haver\u00e1 o s\u00edmbolo do Mercosul \u00e0 esquerda, seguido do nome do pa\u00eds e bandeira.<\/p>\n<p>No caso das motocicletas, as medidas s\u00e3o 20 cm x 17 cm, com o mesmo design e tr\u00eas letras na linha superior e tr\u00eas n\u00fameros e uma letra na inferior. Continua obrigat\u00f3rio o uso de duas placas nos carros e ve\u00edculos pesados e apenas a traseira em motos, ciclomotores e carretas.<\/p>\n<p>No Brasil foi adotado o modelo que ter\u00e1 uma tira hologr\u00e1fica \u00e0 esquerda, ao lado um c\u00f3digo bidimensional, com a identifica\u00e7\u00e3o do fabricante, a data de fabrica\u00e7\u00e3o e o serial da placa. No lado direito, ser\u00e1 colocada a bandeira da unidade da Federa\u00e7\u00e3o com o Bras\u00e3o do Munic\u00edpio de registro do veiculo.<\/p>\n<p><img decoding=\"async\" src=\"http:\/\/aconteceunovale.com.br\/portal\/wp-content\/uploads\/2016\/05\/nova_placa_br.jpg\" alt=\"\" \/><em>Estado e cidade de registro ser\u00e3o identificados por bandeira e bras\u00e3o (Divulga\u00e7\u00e3o)<br \/>\n<\/br><\/p>\n<p><img decoding=\"async\" src=\"http:\/\/aconteceunovale.com.br\/portal\/wp-content\/uploads\/2016\/05\/novas_placas_2.png\" alt=\"\" \/><em>Estado e cidade de registro ser\u00e3o identificados por bandeira e bras\u00e3o (Divulga\u00e7\u00e3o)<br \/>\n<\/br><\/p>\n<p>(Fonte: O Tempo \/ Rep\u00f3rter: Thiago Ventura)<\/em><\/p>\n","protected":false},"excerpt":{"rendered":"<p>O novo padr\u00e3o de placas de ve\u00edculos vai come\u00e7ar a ser utilizado a partir de 2017 no Brasil. As placas t\u00eam modelo \u00fanico com os pa\u00edses do Mercosul e lembram o sistema aplicado na Uni\u00e3o Europeia. Todos os modelos do Brasil dever\u00e3o ter a nova identifica\u00e7\u00e3o at\u00e9 2020. O cronograma e a regulamenta\u00e7\u00e3o das novas [&hellip;]<\/p>\n","protected":false},"author":1,"featured_media":88086,"comment_status":"open","ping_status":"closed","sticky":false,"template":"","format":"standard","meta":{"amp_status":"","footnotes":""},"categories":[6],"tags":[96821,96818,96816,96817,96819,96822,96823,96820],"class_list":["post-88089","post","type-post","status-publish","format-standard","has-post-thumbnail","hentry","category-br","tag-novas-placas-de-veiculos-no-brasil","tag-novo-modelo-de-placas-de-veiculos-no-brasil","tag-novo-padrao-de-placas-de-veiculos","tag-novo-padrao-de-placas-de-veiculos-no-brasil","tag-novo-padrao-de-placas-de-veiculos-no-mercosul","tag-novo-padrao-de-placas-de-veiculos-vai-comecar-a-ser-utilizado-a-partir-de-2017-no-brasil","tag-novo-padrao-de-placas-sera-utilizado-a-partir-de-2017-no-brasil","tag-padrao-de-placas-de-veiculos-no-brasil"],"_links":{"self":[{"href":"https:\/\/aconteceunovale.com.br\/portal\/index.php?rest_route=\/wp\/v2\/posts\/88089","targetHints":{"allow":["GET"]}}],"collection":[{"href":"https:\/\/aconteceunovale.com.br\/portal\/index.php?rest_route=\/wp\/v2\/posts"}],"about":[{"href":"https:\/\/aconteceunovale.com.br\/portal\/index.php?rest_route=\/wp\/v2\/types\/post"}],"author":[{"embeddable":true,"href":"https:\/\/aconteceunovale.com.br\/portal\/index.php?rest_route=\/wp\/v2\/users\/1"}],"replies":[{"embeddable":true,"href":"https:\/\/aconteceunovale.com.br\/portal\/index.php?rest_route=%2Fwp%2Fv2%2Fcomments&post=88089"}],"version-history":[{"count":0,"href":"https:\/\/aconteceunovale.com.br\/portal\/index.php?rest_route=\/wp\/v2\/posts\/88089\/revisions"}],"wp:featuredmedia":[{"embeddable":true,"href":"https:\/\/aconteceunovale.com.br\/portal\/index.php?rest_route=\/wp\/v2\/media\/88086"}],"wp:attachment":[{"href":"https:\/\/aconteceunovale.com.br\/portal\/index.php?rest_route=%2Fwp%2Fv2%2Fmedia&parent=88089"}],"wp:term":[{"taxonomy":"category","embeddable":true,"href":"https:\/\/aconteceunovale.com.br\/portal\/index.php?rest_route=%2Fwp%2Fv2%2Fcategories&post=88089"},{"taxonomy":"post_tag","embeddable":true,"href":"https:\/\/aconteceunovale.com.br\/portal\/index.php?rest_route=%2Fwp%2Fv2%2Ftags&post=88089"}],"curies":[{"name":"wp","href":"https:\/\/api.w.org\/{rel}","templated":true}]}}