{"id":88079,"date":"2016-05-30T22:43:51","date_gmt":"2016-05-31T01:43:51","guid":{"rendered":"http:\/\/aconteceunovale.com.br\/portal\/?p=88079"},"modified":"2016-05-30T22:43:51","modified_gmt":"2016-05-31T01:43:51","slug":"camara-de-governador-valadares-suspende-salarios-de-vereadores-investigados-na-operacao-mar-de-lama","status":"publish","type":"post","link":"https:\/\/aconteceunovale.com.br\/portal\/?p=88079","title":{"rendered":"C\u00e2mara de Governador Valadares suspende sal\u00e1rios de vereadores investigados na Opera\u00e7\u00e3o Mar de Lama"},"content":{"rendered":"<p>Foi aprovada na C\u00e2mara Municipal de Governador Valadares, no in\u00edcio da noite desta segunda-feira (30\/5), a suspens\u00e3o dos pagamentos de sal\u00e1rios aos 13 vereadores afastados durante as fases 1 e 2 da Opera\u00e7\u00e3o Mar de Lama, deflagrada pela Pol\u00edcia Federal em abril. Por 17 votos favor\u00e1veis e um voto contr\u00e1rio, o projeto, de autoria da mesa diretora, foi aprovado pelos vereadores presentes.<\/p>\n<p>A discuss\u00e3o e vota\u00e7\u00e3o do projeto levaram aproximadamente quatro horas e foi marcada por diversos protestos por parte da popula\u00e7\u00e3o, que esperava o fim do pagamento de sal\u00e1rios aos investigados que n\u00e3o est\u00e3o exercendo o mandato.<\/p>\n<p>O voto contr\u00e1rio foi dado pelo vereador Pedro Zacarias (PT), que durante a discuss\u00e3o prop\u00f4s emenda no projeto, de modo que os pagamentos n\u00e3o fossem suspensos, mas ficassem depositados em ju\u00edzo.<\/p>\n<p>\u201cPode-se colocar  \u00e0 disposi\u00e7\u00e3o da justi\u00e7a os subs\u00eddios deles e eles v\u00e3o provar para a Justi\u00e7a que tem direito a receb\u00ea-los. Se provarem a inoc\u00eancia, recebem com juros e corre\u00e7\u00e3o monet\u00e1ria. Se n\u00e3o provarem, o dinheiro retorna para o cofre p\u00fablico\u201d, explicou Pedro Zacarias.<\/p>\n<p>No entanto, a emenda n\u00e3o foi aprovada pelas comiss\u00f5es de trabalho e nem chegou a ser votada. Antes da vota\u00e7\u00e3o do projeto, diversos vereadores se pronunciaram contr\u00e1rios a continuar pagando os sal\u00e1rios dos afastados. A dificuldade financeira da C\u00e2mara, os anseios da popula\u00e7\u00e3o e a moral da casa foram as principais justificativas apresentadas.<\/p>\n<p>\u201cOs subs\u00eddios est\u00e3o suspensos, foi votado e aprovado\u201d, declarou o presidente da C\u00e2mara, vereador Pedro Eust\u00e1quio Pires, Pedro da Utilar (PSD).<\/p>\n<p><img decoding=\"async\" src=\"http:\/\/aconteceunovale.com.br\/portal\/wp-content\/uploads\/2016\/05\/pagamentos_camara_gv_1.jpg\" alt=\"\" \/><em>Popula\u00e7\u00e3o pedia fim do pagamentos dos vereadores afastados (Foto: Zana Ferreira\/G1)<\/em><br \/>\n<\/br><\/p>\n<p><em>(Fonte: G1 dos Vales)<\/em><\/p>\n","protected":false},"excerpt":{"rendered":"<p>Foi aprovada na C\u00e2mara Municipal de Governador Valadares, no in\u00edcio da noite desta segunda-feira (30\/5), a suspens\u00e3o dos pagamentos de sal\u00e1rios aos 13 vereadores afastados durante as fases 1 e 2 da Opera\u00e7\u00e3o Mar de Lama, deflagrada pela Pol\u00edcia Federal em abril. Por 17 votos favor\u00e1veis e um voto contr\u00e1rio, o projeto, de autoria da [&hellip;]<\/p>\n","protected":false},"author":1,"featured_media":65931,"comment_status":"open","ping_status":"closed","sticky":false,"template":"","format":"standard","meta":{"amp_status":"","footnotes":""},"categories":[121],"tags":[95481,88052,27930,88528,88412,88221,88090,27927,95486,88047,88511,88077,95458,88410,1018,88078,88076,29486,95475,95470,95474,65870,88098,88081,88094,88096,88101,88103,1886,88092,88072,88099,95293,95457,95303,88053,95484,88057,27921,247,95456,95483,95469,95478,96031,88080,96028,95477,96030,88088,88071,96102,74250,74249,95480,95471,95473,88062,88446,27928,88066,88070,88082,88046,88045,88074,95479,88100,88102,88079,88512,35082,88264,88075,95505,95510,88050,88051,88091,88065,88095,88097,95294,88054,88055,88056,88089,88059,95295,88058,88060,88068,88067,88083,88042,88087,88064,95289,88043,88085,88061,95498,95490,95494,95496,95455,88093,95292,95508,95507,95489,95502,95501,95504,95491,95493,95495,95503,95506,95512,95499,95492,95511,95509,95500,95497,758,95482,95488,95476,96029,49318,95472,88073,88086,88063,95487,88350,95485,5035,88044,95288,88040,88084,27929],"class_list":["post-88079","post","type-post","status-publish","format-standard","has-post-thumbnail","hentry","category-leste","tag-aldair-santos-doliveira","tag-anania-paula-da-silva","tag-ananias-camelo","tag-anexo-da-camara-municipal-de-governador-valadares-e-alvo-de-vandalismo","tag-bispo-da-diocese-de-governador-valadares","tag-camara-municipal-de-governador-valadares","tag-carlos-helder-lazaro","tag-cezinha-alvarenga","tag-construtora-vieira-prado","tag-corrupcao-governador-valadares","tag-corrupcao-pt","tag-corrupcao-saae-de-governador-valadares","tag-corrupcao-valadarense","tag-darly-alves-de-souza","tag-destaque","tag-desvio-de-dinheiro-governador-valadares","tag-desvio-de-dinheiro-saae-de-governador-valadares","tag-diocese-de-governador-valadares","tag-diretor-adjunto-do-saae","tag-diretor-de-gestao-de-rh-do-saae","tag-diretor-do-departamento-de-servicos-funerarios-e-cemiterios","tag-diretor-do-saae","tag-diretor-geral-do-saae-de-governador-valadares","tag-diretor-geral-do-saae-de-governador-valadares-e-outras-sete-pessoas-sao-presos-em-operacao-da-pf","tag-djalma-florencio-diniz","tag-djalma-florencio-diniz-junior","tag-dpark","tag-dpark-servicos-de-estacionamento","tag-elisa-costa","tag-emilio-claudio-alvarenga-rios","tag-emilio-frois","tag-fejoli-florestal","tag-fraude-empresa-valadarense","tag-fraude-valadarense","tag-gaeco-de-governador-valadares","tag-geovanne-honorio-da-silva","tag-gerente-do-posto-tabajara","tag-gledston-gomes-de-araujo","tag-gledston-guetao","tag-governador-valadares","tag-investigacao-valadarense","tag-jean-carlos-soares","tag-jefferson-santos-lima","tag-jose-estanislau-de-brito","tag-juiz-converte-10-prisoes-temporarias-em-preventivas-e-libera-4-investigados-da-cadeia","tag-juiz-federal-determina-o-afastamento-de-oito-vereadores-de-governador-valadares","tag-juiz-libera-4-investigados-e-converte-10-prisoes-temporarias-em-preventivas","tag-juliana-campos-carvalho","tag-juliana-campos-carvalho-schettino","tag-juliana-de-oliveira-alves-melo","tag-juninho-tabajara","tag-justica-recebe-denuncias-do-mpf-por-desvios-de-verbas-federais-em-governador-valadares","tag-levi-presidente","tag-levi-vieira-da-silva","tag-lucas-estanislau-de-brito","tag-marco-rodrigo-rios-bertolacini","tag-marcos-antonio-voria","tag-marinaldo-carlos-de-amorim","tag-memes-governador-valadares","tag-milvinho","tag-milvio-jose-da-silva","tag-omir-do-saae","tag-omir-quintino-soares","tag-operacao-da-pf-governador-valadares","tag-operacao-da-policia-federal-governador-valadares","tag-operacao-saae-de-governador-valadares","tag-padaria-pao-express","tag-pavotec","tag-pavotec-pavimentacao-e-terraplanagem","tag-pf-deflagra-operacao-contra-fraudes-em-contratos-em-prefeitura-de-governador-valadares","tag-prefeita-de-governador-valadares-nega-desvio-bilionario-e-pede-retratacao-da-pf","tag-prefeitura-de-governador-valadares","tag-prefeitura-de-governador-valadares-refuta-informacao-sobre-desvio-bilionario","tag-presos-saae-de-governador-valadares","tag-prisao-aldair-santos-doliveira","tag-prisao-construtora-vieira-prado","tag-prisao-de-anania-paula-da-silva","tag-prisao-de-ananias-camelo","tag-prisao-de-carlos-helder-lazaro","tag-prisao-de-cezinha-alvarenga","tag-prisao-de-djalma-florencio-diniz","tag-prisao-de-djalma-florencio-diniz-junior","tag-prisao-de-geovane-honorio","tag-prisao-de-geovanne-honorio-da-silva","tag-prisao-de-gledston-gomes-de-araujo","tag-prisao-de-gledston-guetao","tag-prisao-de-juliana-de-oliveira-alves-melo","tag-prisao-de-levi-presidente","tag-prisao-de-levi-vieira","tag-prisao-de-levi-vieira-da-silva","tag-prisao-de-marinaldo-carlos-de-amorim","tag-prisao-de-milvinho","tag-prisao-de-milvio-jose-da-silva","tag-prisao-de-omir-quintino-soares","tag-prisao-de-politicos-governador-valadares","tag-prisao-de-seleme-hilel-neto","tag-prisao-de-sezary-de-oliveira-alvarenga","tag-prisao-de-vereadores-em-governador-valadares","tag-prisao-de-vereadores-governador-valadares","tag-prisao-de-vilmar-rios-dias-junior","tag-prisao-de-zangado","tag-prisao-diretor-adjunto-do-saae","tag-prisao-diretor-de-gestao-de-rh-do-saae","tag-prisao-diretor-do-departamento-de-servicos-funerarios-e-cemiterios","tag-prisao-diretor-do-saae","tag-prisao-donos-da-valadarense","tag-prisao-emilio-claudio-alvarenga-rios","tag-prisao-empresa-valadarense","tag-prisao-gerente-do-posto-tabajara","tag-prisao-jean-carlos-soares","tag-prisao-jefferson-santos-lima","tag-prisao-jose-estanislau-de-brito","tag-prisao-juliana-campos-carvalho","tag-prisao-lucas-estanislau-de-brito","tag-prisao-marco-rodrigo-rios-bertolacini","tag-prisao-marcos-antonio-voria","tag-prisao-omir-quintino-soares","tag-prisao-padaria-pao-express","tag-prisao-restaurante-sabor-da-praca","tag-prisao-rh-assessoria","tag-prisao-roberto-jose-carvalho","tag-prisao-secretario-municipal-de-servicos-urbanos","tag-prisao-silvana-santos-alves","tag-prisao-thiago-vieira-prado","tag-prisao-valadarense","tag-prisao-vilmar-rios-dias-junior","tag-pt","tag-restaurante-sabor-da-praca","tag-rh-assessoria","tag-roberto-jose-carvalho","tag-roberto-jose-de-carvalho","tag-saae-de-governador-valadares","tag-secretario-municipal-de-servicos-urbanos","tag-seleme-hilel","tag-seleme-hilel-neto","tag-sezary-de-oliveira-alvarenga","tag-silvana-santos-alves","tag-tarsis-augusto-de-santana-lima","tag-thiago-vieira-prado","tag-valadarense","tag-vereadores-alvos-de-operacao-em-governador-valadares","tag-vereadores-presos-em-governado","tag-vereadores-presos-em-governador-valadares","tag-vilmar-rios-dias-junior","tag-zangado"],"_links":{"self":[{"href":"https:\/\/aconteceunovale.com.br\/portal\/index.php?rest_route=\/wp\/v2\/posts\/88079","targetHints":{"allow":["GET"]}}],"collection":[{"href":"https:\/\/aconteceunovale.com.br\/portal\/index.php?rest_route=\/wp\/v2\/posts"}],"about":[{"href":"https:\/\/aconteceunovale.com.br\/portal\/index.php?rest_route=\/wp\/v2\/types\/post"}],"author":[{"embeddable":true,"href":"https:\/\/aconteceunovale.com.br\/portal\/index.php?rest_route=\/wp\/v2\/users\/1"}],"replies":[{"embeddable":true,"href":"https:\/\/aconteceunovale.com.br\/portal\/index.php?rest_route=%2Fwp%2Fv2%2Fcomments&post=88079"}],"version-history":[{"count":0,"href":"https:\/\/aconteceunovale.com.br\/portal\/index.php?rest_route=\/wp\/v2\/posts\/88079\/revisions"}],"wp:featuredmedia":[{"embeddable":true,"href":"https:\/\/aconteceunovale.com.br\/portal\/index.php?rest_route=\/wp\/v2\/media\/65931"}],"wp:attachment":[{"href":"https:\/\/aconteceunovale.com.br\/portal\/index.php?rest_route=%2Fwp%2Fv2%2Fmedia&parent=88079"}],"wp:term":[{"taxonomy":"category","embeddable":true,"href":"https:\/\/aconteceunovale.com.br\/portal\/index.php?rest_route=%2Fwp%2Fv2%2Fcategories&post=88079"},{"taxonomy":"post_tag","embeddable":true,"href":"https:\/\/aconteceunovale.com.br\/portal\/index.php?rest_route=%2Fwp%2Fv2%2Ftags&post=88079"}],"curies":[{"name":"wp","href":"https:\/\/api.w.org\/{rel}","templated":true}]}}