{"id":88072,"date":"2016-05-30T20:10:22","date_gmt":"2016-05-30T23:10:22","guid":{"rendered":"http:\/\/aconteceunovale.com.br\/portal\/?p=88072"},"modified":"2016-05-30T20:10:22","modified_gmt":"2016-05-30T23:10:22","slug":"governador-do-rio-de-janeiro-defende-pena-de-morte-para-estupro-coletivo","status":"publish","type":"post","link":"https:\/\/aconteceunovale.com.br\/portal\/?p=88072","title":{"rendered":"Governador do Rio de Janeiro defende pena de morte para estupro coletivo"},"content":{"rendered":"<p>\u201cSe dependesse de mim, ele seria punido com a pena de morte\u201d, afirmou hoje (30) o governador em exerc\u00edcio do Rio de Janeiro, Francisco Dornelles, sobre o crime de estupro coletivo sofrido por uma adolescente de 16 anos numa favela da zona oeste do munic\u00edpio do Rio, divulgado na semana passada pela internet.<\/p>\n<p>Segundo Dornelles, trata-se do mais hediondo dos crimes. O governador em exerc\u00edcio disse ter estado ontem (29) com o chefe da Pol\u00edcia Civil, delegado Fernando Veloso, ao qual pediu que tomasse todas as medidas, para que haja \u201ca puni\u00e7\u00e3o mais violenta poss\u00edvel contra essas pessoas que desonraram o estado do Rio de Janeiro\u201d.<\/p>\n<p>Dornelles garantiu que a pol\u00edcia est\u00e1 fazendo tudo ao seu alcance para elucidar esse crime e chegar aos culpados: \u201cEla tem conhecimentos t\u00e9cnicos para fazer (isso)\u201d. O governador em exerc\u00edcio falou sobre o caso na sede da Federa\u00e7\u00e3o das Ind\u00fastrias do Rio de Janeiro (Firjan), onde recebeu do presidente da entidade, Eduardo Eugenio Gouvea Vieira, a segunda edi\u00e7\u00e3o do Mapa do Desenvolvimento do Estado para 2016\/2025.<\/p>\n<p>Em nota divulgada nesta segunda-feira , a Defensoria P\u00fablica do Rio de Janeiro comunicou ter assumido a defesa da v\u00edtima do estupro coletivo. De acordo com a nota, a adolescente j\u00e1 foi atendida pelas defensoras do N\u00facleo de Defesa da Mulher (Nudem), \u201cque passa a acompanhar todos os depoimentos e desdobramentos do caso a partir de agora\u201d.<\/p>\n<p><strong>Crueldade<\/strong><\/p>\n<p>Tamb\u00e9m por meio de nota, a subsecret\u00e1ria de Pol\u00edticas para as Mulheres, da Secretaria de Estado de Assist\u00eancia Social e Direitos Humanos, Marizete Waineraich, se manifestou sobre o caso de estupro de uma jovem de 16 anos, ocorrido no Morro S\u00e3o Jos\u00e9 Oper\u00e1rio, na  Pra\u00e7a Seca, na semana passada.<\/p>\n<p>Segundo ela, &#8220;mais uma vez nos vemos diante de um crime b\u00e1rbaro de estupro coletivo. Ap\u00f3s a crueldade cometida \u00e0 adolescente do Piau\u00ed um novo caso de estupro coletivo com requintes de crueldade, onde a v\u00edtima vem sendo exposta de forma vil e vexat\u00f3ria, ocorreu na cidade do Rio de Janeiro. &#8220;Como n\u00e3o se indignar diante de tamanha barb\u00e1rie e humilha\u00e7\u00e3o?&#8221;<\/p>\n<p>No texto, Marizete disse ainda que, &#8220;para piorar, tenho lido coment\u00e1rios que tentam desqualificar a v\u00edtima. Eles s\u00e3o t\u00e3o desprez\u00edveis e violentos quanto o crime cometido. Devemos ter toler\u00e2ncia zero \u00e0s formas de viol\u00eancia contra a mulher.&#8221;<\/p>\n<p>No comunicado, a subsecret\u00e1ria afirmou tamb\u00e9m que &#8220;piadas sexistas n\u00e3o devem ser toleradas, muito menos textos de conte\u00fado mis\u00f3gino, que, al\u00e9m de exceder a repugn\u00e2ncia, s\u00e3o criminosos, pois induzem a viol\u00eancia contra a mulher. Vamos nos indignar sim! Vamos nos revoltar sim! Esses crimes precisam ser denunciados, combatidos e punidos&#8221;. A subsecretaria de Pol\u00edticas para as Mulheres tomar\u00e1 todas as provid\u00eancias para amparar a v\u00edtima e sua fam\u00edlia. (Ag\u00eancia Brasil)<\/p>\n","protected":false},"excerpt":{"rendered":"<p>\u201cSe dependesse de mim, ele seria punido com a pena de morte\u201d, afirmou hoje (30) o governador em exerc\u00edcio do Rio de Janeiro, Francisco Dornelles, sobre o crime de estupro coletivo sofrido por uma adolescente de 16 anos numa favela da zona oeste do munic\u00edpio do Rio, divulgado na semana passada pela internet. Segundo Dornelles, [&hellip;]<\/p>\n","protected":false},"author":1,"featured_media":88073,"comment_status":"open","ping_status":"closed","sticky":false,"template":"","format":"standard","meta":{"amp_status":"","footnotes":""},"categories":[6],"tags":[73567,96802,96538,96536,96537,96426,96515,96429,96422,96418,96416,96510,96420,96421,96424,96419,84840,20507,96803,77698,96539,96511,96417,78588,19482,1104,36712,96423],"class_list":["post-88072","post","type-post","status-publish","format-standard","has-post-thumbnail","hentry","category-br","tag-adolescente","tag-defensoria-publica","tag-delegado-afastado-do-caso","tag-delegado-nao-e-mais-responsavel-por-investigar-estupro-coletivo","tag-diz-tj-rj","tag-estuprada-por-33-homens-no-rio-de-janeiro","tag-estupro","tag-estupro-coletivo","tag-estupro-coletivo-jacarepagua","tag-estupro-coletivo-no-morro-sao-jose-operario","tag-estupro-coletivo-no-rio-de-janeiro","tag-estupro-coletivo-no-rj","tag-estupro-coletivo-rio-de-janeiro","tag-estupro-coletivo-rj","tag-estupro-coletivo-zona-oeste-do-rio-de-janeiro","tag-estupro-no-rio-de-janeiro","tag-francisco-dornelles","tag-governador","tag-governador-do-rio-de-janeiro-defende-pena-de-morte-para-estupro-coletivo","tag-jacarepagua","tag-jovem","tag-jovem-estuprada-por-33-homens-no-rio-de-janeiro","tag-morro-sao-jose-operario","tag-pena-de-morte","tag-punicao","tag-rio-de-janeiro","tag-violencia-contra-a-mulher","tag-zona-oeste-do-rio-de-janeiro"],"_links":{"self":[{"href":"https:\/\/aconteceunovale.com.br\/portal\/index.php?rest_route=\/wp\/v2\/posts\/88072","targetHints":{"allow":["GET"]}}],"collection":[{"href":"https:\/\/aconteceunovale.com.br\/portal\/index.php?rest_route=\/wp\/v2\/posts"}],"about":[{"href":"https:\/\/aconteceunovale.com.br\/portal\/index.php?rest_route=\/wp\/v2\/types\/post"}],"author":[{"embeddable":true,"href":"https:\/\/aconteceunovale.com.br\/portal\/index.php?rest_route=\/wp\/v2\/users\/1"}],"replies":[{"embeddable":true,"href":"https:\/\/aconteceunovale.com.br\/portal\/index.php?rest_route=%2Fwp%2Fv2%2Fcomments&post=88072"}],"version-history":[{"count":0,"href":"https:\/\/aconteceunovale.com.br\/portal\/index.php?rest_route=\/wp\/v2\/posts\/88072\/revisions"}],"wp:featuredmedia":[{"embeddable":true,"href":"https:\/\/aconteceunovale.com.br\/portal\/index.php?rest_route=\/wp\/v2\/media\/88073"}],"wp:attachment":[{"href":"https:\/\/aconteceunovale.com.br\/portal\/index.php?rest_route=%2Fwp%2Fv2%2Fmedia&parent=88072"}],"wp:term":[{"taxonomy":"category","embeddable":true,"href":"https:\/\/aconteceunovale.com.br\/portal\/index.php?rest_route=%2Fwp%2Fv2%2Fcategories&post=88072"},{"taxonomy":"post_tag","embeddable":true,"href":"https:\/\/aconteceunovale.com.br\/portal\/index.php?rest_route=%2Fwp%2Fv2%2Ftags&post=88072"}],"curies":[{"name":"wp","href":"https:\/\/api.w.org\/{rel}","templated":true}]}}