{"id":88057,"date":"2016-05-30T18:09:07","date_gmt":"2016-05-30T21:09:07","guid":{"rendered":"http:\/\/aconteceunovale.com.br\/portal\/?p=88057"},"modified":"2016-05-30T18:09:07","modified_gmt":"2016-05-30T21:09:07","slug":"minas-gerais-e-reconhecida-como-area-livre-de-peste-suina-classica","status":"publish","type":"post","link":"https:\/\/aconteceunovale.com.br\/portal\/?p=88057","title":{"rendered":"Minas Gerais \u00e9 reconhecida como \u00e1rea livre de peste su\u00edna cl\u00e1ssica"},"content":{"rendered":"<p>Minas Gerais recebeu na quinta-feira (26\/5) o reconhecimento da Organiza\u00e7\u00e3o Mundial de Sa\u00fade Animal (OIE) como \u00e1rea livre de Peste Su\u00edna Cl\u00e1ssica (PSC).  O reconhecimento aconteceu durante a 84\u00aa Sess\u00e3o Geral da Assembleia Mundial de Delegados da OIE, realizada em Paris, na Fran\u00e7a. Outros 13 estados brasileiros e o Distrito Federal tamb\u00e9m receberam o mesmo status da Organiza\u00e7\u00e3o.<\/p>\n<p>Minas Gerais j\u00e1 era reconhecida desde 2001 como \u00e1rea livre de PSC pelo Minist\u00e9rio da Agricultura, Pecu\u00e1ria e Abastecimento (Mapa). O estado tem o quarto maior plantel de su\u00ednos do Brasil, com  5,2 milh\u00f5es de animais e 32 Granjas de Reprodutores de Su\u00ednos Certificadas (GRSC).  Outro indicador importante \u00e9 o primeiro lugar ocupado pelo estado como maior exportador de gen\u00e9tica de su\u00ednos para o mercado dom\u00e9stico.<\/p>\n<p>A concess\u00e3o do status de \u00e1rea livre contribuir\u00e1 para que Minas amplie sua fatia de participa\u00e7\u00e3o no mercado internacional, ampliando as vendas de carne su\u00edna para outros pa\u00edses.  Atualmente, Minas e Brasil j\u00e1 s\u00e3o exportadores deste produto.<\/p>\n<p>Minas Gerais exporta principalmente para Hong Kong, para onde v\u00e3o 79,4% do volume exportado, seguido de Angola (9,6%) e Uruguai (6,8%).  Em 2014, o estado exportou 42 mil toneladas, com receita bruta de U$ 156, 8 milh\u00f5es.<\/p>\n<p><strong>Vigil\u00e2ncia permanente<\/strong><\/p>\n<p>Para conquistar o status de \u00e1rea livre de PSC o servi\u00e7o de defesa sanit\u00e1ria animal do Instituto Mineiro de Agropecu\u00e1ria (IMA) adotou junto aos produtores e granjas uma s\u00e9rie de procedimentos de forma a comprovar o funcionamento correto do sistema de vigil\u00e2ncia da doen\u00e7a em Minas. Entre as diversas a\u00e7\u00f5es realizadas pelo instituto est\u00e3o a coleta peri\u00f3dica de soro de reprodutores em frigor\u00edficos, no intuito de identificar a exist\u00eancia do v\u00edrus da doen\u00e7a em animais e o atendimento imediato pelo IMA \u00e0s notifica\u00e7\u00f5es de suspeita de animais com PSC.<\/p>\n<p>A coordenadora estadual do Programa de Sanidade Su\u00eddea do IMA, J\u00fania Mafra, diz que, nesse rol de a\u00e7\u00f5es, mais recentemente o instituto estabeleceu a obrigatoriedade das granjas adotarem o boletim sanit\u00e1rio que acompanha os lotes de su\u00ednos enviados aos frigor\u00edficos de abate sob inspe\u00e7\u00e3o do IMA. Ela explica que o boletim \u00e9 um documento onde est\u00e3o registradas informa\u00e7\u00f5es importantes sobre a sanidade dos animais pertencentes a cada lote de su\u00ednos enviado aos frigor\u00edficos. S\u00e3o informa\u00e7\u00f5es que incluem, entre outros, poss\u00edveis sinais cl\u00ednicos de doen\u00e7as verificadas nos animais, incluindo a\u00ed a PSC.<\/p>\n<p>J\u00fania Mafra enfatiza que ter\u00e1 continuidade o trabalho realizado pelo IMA de vigil\u00e2ncia ativa e de qualidade de su\u00eddeos de Minas. \u201cO estado possui destaque no setor e nossa miss\u00e3o \u00e9 garantir que amplie, cada vez mais, as vendas de carne su\u00edna e seus derivados tanto no mercado interno como no exterior\u201d, diz. Os \u00faltimos casos de peste su\u00edna cl\u00e1ssica foram registrados no Brasil em agosto de 2009 no Amap\u00e1, Par\u00e1 e Rio Grande do Norte.<\/p>\n<p><img decoding=\"async\" src=\"http:\/\/aconteceunovale.com.br\/portal\/wp-content\/uploads\/2016\/05\/suinos.jpg\" alt=\"\" \/><em>Com a classifica\u00e7\u00e3o da OIE, estado poder\u00e1 ampliar exporta\u00e7\u00f5es (IMA\/Divulga\u00e7\u00e3o)<br \/>\n<\/br><\/p>\n<p>(Ag\u00eancia Minas)<\/em><\/p>\n","protected":false},"excerpt":{"rendered":"<p>Minas Gerais recebeu na quinta-feira (26\/5) o reconhecimento da Organiza\u00e7\u00e3o Mundial de Sa\u00fade Animal (OIE) como \u00e1rea livre de Peste Su\u00edna Cl\u00e1ssica (PSC). O reconhecimento aconteceu durante a 84\u00aa Sess\u00e3o Geral da Assembleia Mundial de Delegados da OIE, realizada em Paris, na Fran\u00e7a. Outros 13 estados brasileiros e o Distrito Federal tamb\u00e9m receberam o mesmo [&hellip;]<\/p>\n","protected":false},"author":1,"featured_media":88058,"comment_status":"open","ping_status":"closed","sticky":false,"template":"","format":"standard","meta":{"amp_status":"","footnotes":""},"categories":[123],"tags":[48417,1018,96777,96776,78225,78224,48420,78226],"class_list":["post-88057","post","type-post","status-publish","format-standard","has-post-thumbnail","hentry","category-gerais","tag-area-livre-de-peste-suina-classica","tag-destaque","tag-minas-gerais-e-area-livre-de-peste-suina-classica","tag-minas-gerais-e-reconhecida-como-area-livre-de-peste-suina-classica","tag-oie","tag-organizacao-mundial-de-saude-animal","tag-peste-suina-classica","tag-psc"],"_links":{"self":[{"href":"https:\/\/aconteceunovale.com.br\/portal\/index.php?rest_route=\/wp\/v2\/posts\/88057","targetHints":{"allow":["GET"]}}],"collection":[{"href":"https:\/\/aconteceunovale.com.br\/portal\/index.php?rest_route=\/wp\/v2\/posts"}],"about":[{"href":"https:\/\/aconteceunovale.com.br\/portal\/index.php?rest_route=\/wp\/v2\/types\/post"}],"author":[{"embeddable":true,"href":"https:\/\/aconteceunovale.com.br\/portal\/index.php?rest_route=\/wp\/v2\/users\/1"}],"replies":[{"embeddable":true,"href":"https:\/\/aconteceunovale.com.br\/portal\/index.php?rest_route=%2Fwp%2Fv2%2Fcomments&post=88057"}],"version-history":[{"count":0,"href":"https:\/\/aconteceunovale.com.br\/portal\/index.php?rest_route=\/wp\/v2\/posts\/88057\/revisions"}],"wp:featuredmedia":[{"embeddable":true,"href":"https:\/\/aconteceunovale.com.br\/portal\/index.php?rest_route=\/wp\/v2\/media\/88058"}],"wp:attachment":[{"href":"https:\/\/aconteceunovale.com.br\/portal\/index.php?rest_route=%2Fwp%2Fv2%2Fmedia&parent=88057"}],"wp:term":[{"taxonomy":"category","embeddable":true,"href":"https:\/\/aconteceunovale.com.br\/portal\/index.php?rest_route=%2Fwp%2Fv2%2Fcategories&post=88057"},{"taxonomy":"post_tag","embeddable":true,"href":"https:\/\/aconteceunovale.com.br\/portal\/index.php?rest_route=%2Fwp%2Fv2%2Ftags&post=88057"}],"curies":[{"name":"wp","href":"https:\/\/api.w.org\/{rel}","templated":true}]}}