{"id":88048,"date":"2016-05-30T18:06:10","date_gmt":"2016-05-30T21:06:10","guid":{"rendered":"http:\/\/aconteceunovale.com.br\/portal\/?p=88048"},"modified":"2016-05-30T18:06:10","modified_gmt":"2016-05-30T21:06:10","slug":"dedicacao-dos-brigadistas-florestais-garante-protecao-aos-parques-estaduais-mineiros","status":"publish","type":"post","link":"https:\/\/aconteceunovale.com.br\/portal\/?p=88048","title":{"rendered":"Dedica\u00e7\u00e3o dos brigadistas florestais garante prote\u00e7\u00e3o aos parques estaduais mineiros"},"content":{"rendered":"<p>No ano passado, o estudante de engenharia Jefter Silva, 25 anos, estava com toda a fam\u00edlia reunida comemorando o anivers\u00e1rio do pai. Mas a festa acabou para ele quando, ao ligar a televis\u00e3o, viu que come\u00e7ava um inc\u00eandio no Parque Estadual Serra Verde. Jefter n\u00e3o teve d\u00favidas: deixou a fam\u00edlia em casa e correu para o parque para ajudar a controlar o fogo. \u201cMeu pai ficou invocado comigo na hora, mas eu sabia que precisava ir e que ele entenderia\u201d, lembra, aos risos.<\/p>\n<p>Cenas como esta s\u00e3o comuns na rotina daqueles que, como Jefter, s\u00e3o brigadistas florestais \u2013 ou seja, t\u00eam a miss\u00e3o de proteger unidades de conserva\u00e7\u00e3o em Minas Gerais. Embora pouco reconhecida, a profiss\u00e3o de brigadista \u00e9 dura: exige esfor\u00e7o e muita disposi\u00e7\u00e3o. Jefter, que foi l\u00edder de brigada do Parque Estadual Serra Verde em 2015, garante que o esfor\u00e7o vale a pena. \u201c\u00c9 muito gratificante combater um inc\u00eandio e saber que estamos ajudando a preservar a natureza\u201d, diz.<\/p>\n<p>O estudante de engenharia decidiu ser brigadista em 2011, quando presenciou um inc\u00eandio no Parque Estadual da Serra do Rola-Mo\u00e7a e, por n\u00e3o ter qualifica\u00e7\u00e3o, n\u00e3o p\u00f4de ajudar. \u201cNa ocasi\u00e3o, conversei com o pessoal do Corpo de Bombeiros e descobri que existia o curso para brigadista. N\u00e3o tive d\u00favidas de que era o que eu queria\u201d, afirma.\u00a0 No ano passado, Jefter foi brigadista tempor\u00e1rio no estado, mas j\u00e1 \u00e9 brigadista volunt\u00e1rio h\u00e1 quase quatro anos.<\/p>\n<p>O diretor de Preven\u00e7\u00e3o e Combate a Inc\u00eandios Florestais e Eventos Cr\u00edticos da Semad, Rodrigo Belo, ressalta que, durante o contrato, os brigadistas tamb\u00e9m realizam um trabalho preventivo nas unidades. \u201cEles fazem campanhas educativas, constroem aceiros &#8211; que s\u00e3o faixas de terra nas quais a vegeta\u00e7\u00e3o \u00e9 retirada de forma a evitar que os inc\u00eandios se propaguem -, al\u00e9m de atuarem efetivamente nos combates\u201d, explica.<\/p>\n<p>\u201cQuando um foco \u00e9 detectado, a equipe sai imediatamente para checar. Se for de maior propor\u00e7\u00e3o, rapidamente \u00e9 bolado um plano de a\u00e7\u00e3o e os recursos necess\u00e1rios s\u00e3o mobilizados\u201d, relata Rodrigo Belo.<\/p>\n<p>Em 2015, foram registrados 570 inc\u00eandios em 63 unidades de conserva\u00e7\u00e3o mineiras, e estima-se que 95% das ocorr\u00eancias sejam causadas por a\u00e7\u00e3o humana. \u201cQueimas de beira de estrada e pastagens, soltura de foguetes e roj\u00f5es em datas comemorativas, isto tudo \u00e9 um risco para a natureza e pode causar problemas\u201d, alerta.<\/p>\n<p><img decoding=\"async\" src=\"http:\/\/aconteceunovale.com.br\/portal\/wp-content\/uploads\/2016\/05\/brigadistas_mg_6.jpg\" alt=\"\" \/><em>Dedica\u00e7\u00e3o garante prote\u00e7\u00e3o aos parques estaduais mineiros (Foto: Divulga\u00e7\u00e3o\/Semad)<\/em><br \/>\n<\/br><\/p>\n<p><strong>For\u00e7a-Tarefa Previnc\u00eandio<\/strong><\/p>\n<p>Al\u00e9m do refor\u00e7o extra dos brigadistas contratados para o per\u00edodo de seca, durante todo o ano Minas Gerais conta com o Programa de Preven\u00e7\u00e3o e Combate a Inc\u00eandios Florestais, denominado For\u00e7a-Tarefa Previnc\u00eandio, que, coordenado pela Semad, desenvolve as atividades de preven\u00e7\u00e3o e combate a inc\u00eandios florestais nas unidades de conserva\u00e7\u00e3o, com o apoio de brigadistas volunt\u00e1rios.<\/p>\n<p>O programa \u00e9 composto por\u00a0Pol\u00edcia Militar\u00a0e\u00a0Pol\u00edcia Civil,\u00a0Corpo de Bombeiros Militar,\u00a0Coordenadoria Estadual de Defesa Civil (Cedec),\u00a0Instituto Estadual de Florestas (IEF), Instituto Chico Mendes de Conserva\u00e7\u00e3o da Biodiversidade (<em>ICMBio<\/em>), Ibama e\u00a0Secretaria de Estado de Meio Ambiente e Desenvolvimento Sustent\u00e1vel (Semad).<\/p>\n<p>Entre os equipamentos dispon\u00edveis para combate est\u00e3o aeronaves e helic\u00f3pteros, utilizados para monitoramento de focos de inc\u00eandio e deslocamento de brigadistas. A Secretaria mant\u00e9m ainda contrato de aluguel de aeronaves, sendo empregados at\u00e9 10 avi\u00f5es modelos Air Tractor, com capacidade de lan\u00e7amento de 1.500 a 3.000 litros de \u00e1gua.<\/p>\n<p><strong>Experi\u00eancia acumulada<\/strong><\/p>\n<p>Cl\u00e1udia M\u00e1rcia Oliveira, de 47 anos, tem experi\u00eancia nos combates a inc\u00eandios em Minas Gerais. Brigadista h\u00e1 11 anos, ela \u00e9 ainda vice-presidente da Brigada 1, Organiza\u00e7\u00e3o N\u00e3o-Governamental de Combate Volunt\u00e1rio a Inc\u00eandios Florestais, que tem unidades em cinco cidades do estado.<\/p>\n<p>\u201cSempre gostei de caminhadas ecol\u00f3gicas, de estar em contato com a natureza, e queria fazer algum tipo de trabalho volunt\u00e1rio. Uni o \u00fatil ao agrad\u00e1vel e resolvi fazer o curso de brigadista\u201d, diz. \u201cA fuma\u00e7a entra no sangue e a gente vicia\u201d, brinca.<\/p>\n<p>Cl\u00e1udia foi uma das primeiras mulheres brigadistas florestais em Minas Gerais e garante que, apesar de o trabalho muitas vezes ser bra\u00e7al, n\u00e3o fica para tr\u00e1s de nenhum brigadista. \u201cTemos muitas mulheres brigadistas hoje na ONG e n\u00e3o deixamos nada a desejar. O objetivo de todos \u00e9 o mesmo: apagar qualquer foco de inc\u00eandio\u201d, enfatiza.<\/p>\n<p>O brigadista volunt\u00e1rio e coordenador da Brigada 1 em Ouro Preto, Leonardo Debossan, de 29 anos, relata o sentimento de satisfa\u00e7\u00e3o e al\u00edvio quando um inc\u00eandio \u00e9 controlado. \u201cLembro-me muito do maior inc\u00eandio que aconteceu no Rola-Mo\u00e7a ano passado. Era um volume de fogo enorme, que demandou um combate muito duro, de quase cinco dias. Dormia por l\u00e1 mesmo e trabalhei todos os dias\u201d, lembra.<\/p>\n<p>O trabalho de prote\u00e7\u00e3o \u00e0 natureza traz recompensas. \u201cCerta vez, conseguimos apagar um inc\u00eandio e depois, durante a verifica\u00e7\u00e3o do per\u00edmetro, encontramos um ninho de passarinho cheio de filhotes, a pouqu\u00edssimos metros do local incendiado. \u00c9 muito bom saber que, de certa forma, salvamos aquelas aves e outros animais\u201d, conta.<\/p>\n<p>Leonardo, que \u00e9 professor de geografia, conheceu o trabalho da brigada ao fazer visitas de campo nos parques estaduais com seus alunos. \u201cV\u00e1rios fatores me impulsionaram para trabalhar com combate a inc\u00eandio, mas o principal, para mim, \u00e9 mesmo a preserva\u00e7\u00e3o do meio ambiente\u201d, finaliza.<\/p>\n<p><strong>Como ser brigadista tempor\u00e1rio<\/strong><\/p>\n<p>O contrato de brigadista pelo estado tem dura\u00e7\u00e3o de quatro meses, abrangendo o per\u00edodo cr\u00edtico de inc\u00eandios florestais, que normalmente come\u00e7a em junho. O processo seletivo \u00e9 aberto anualmente pela Secretaria de Estado do Meio Ambiente e Desenvolvimento Sustent\u00e1vel (Semad). Este ano, est\u00e3o sendo contratados 377 brigadistas, que ser\u00e3o alocados em 48 unidades de conserva\u00e7\u00e3o.<\/p>\n<p>O contrato tempor\u00e1rio tem carga hor\u00e1ria de 40 horas semanais e sal\u00e1rio base que varia de R$ 880 a R$ 1.760, mais benef\u00edcios. Ap\u00f3s o t\u00e9rmino do contrato, o brigadista tempor\u00e1rio deve ficar dois anos sem ser novamente contratado pelo estado, de acordo com a legisla\u00e7\u00e3o vigente.<\/p>\n<p><strong>Como ser brigadista volunt\u00e1rio<\/strong><\/p>\n<p>Para ser um brigadista florestal volunt\u00e1rio, o \u00fanico pr\u00e9-requisito \u00e9 ser maior de 18 anos e n\u00e3o possuir nenhuma limita\u00e7\u00e3o m\u00e9dica. Para tanto, \u00e9 preciso realizar o curso de forma\u00e7\u00e3o, que apresenta t\u00e9cnicas essenciais de combate aos inc\u00eandios e no\u00e7\u00f5es das formas de propaga\u00e7\u00e3o do fogo.<\/p>\n<p>Os brigadistas aprendem, entre outras coisas, formas de utiliza\u00e7\u00e3o de ferramentas, t\u00e9cnicas como constru\u00e7\u00e3o de aceiros e combate direto e indireto ao fogo. Quem tiver interesse em saber mais sobre os cursos oferecidos pela Secretaria de Estado do Meio Ambiente e Desenvolvimento Sustent\u00e1vel (Semad) pode ligar para o telefone (31) 3915-1387.<\/p>\n<p>A ONG Brigada 1 tamb\u00e9m oferece os cursos gratuitamente. Eles t\u00eam dura\u00e7\u00e3o de quatro dias e s\u00e3o realizados em dois finais de semana consecutivos.<\/p>\n<p><strong>Pr\u00f3ximos cursos:<\/strong><\/p>\n<p><strong>Arax\u00e1:\u00a0<\/strong>18 e 19 de junho, 25 e 26 de junho de 2016;<\/p>\n<p><strong>S\u00e3o Jo\u00e3o del Rei:\u00a0<\/strong>18 e 19 de junho, 25 e 26 de junho de 2016;<\/p>\n<p><strong>Mateus Leme:\u00a0<\/strong>02 e 03 de julho, 09 e 10 \u00a0de julho de 2016<strong>;<\/strong><\/p>\n<p><strong>Ouro Preto:\u00a0<\/strong>16 e 17 de julho, 23 e 24 de julho de 2016;<\/p>\n<p><strong>Belo Horizonte:\u00a0<\/strong>23 e 24 \u00a0de julho, 30 e 31 de julho de 2016;<\/p>\n<p>Inscri\u00e7\u00f5es pelo link\u00a0<a href=\"http:\/\/brigada1.weebly.com\/faccedila-parte.html\" target=\"_blank\">http:\/\/brigada1.weebly.com\/faccedila-parte.html<\/a><\/p>\n<p><img decoding=\"async\" src=\"http:\/\/aconteceunovale.com.br\/portal\/wp-content\/uploads\/2016\/05\/brigadistas_mg_1.jpg\" alt=\"\" \/><em>Dedica\u00e7\u00e3o garante prote\u00e7\u00e3o aos parques estaduais mineiros (Foto: Divulga\u00e7\u00e3o\/Semad)<\/em><br \/>\n<\/br><\/p>\n<p><img decoding=\"async\" src=\"http:\/\/aconteceunovale.com.br\/portal\/wp-content\/uploads\/2016\/05\/brigadistas_mg_2.jpg\" alt=\"\" \/><em>Dedica\u00e7\u00e3o garante prote\u00e7\u00e3o aos parques estaduais mineiros (Foto: Divulga\u00e7\u00e3o\/Semad)<\/em><br \/>\n<\/br><\/p>\n<p><img decoding=\"async\" src=\"http:\/\/aconteceunovale.com.br\/portal\/wp-content\/uploads\/2016\/05\/brigadistas_mg_3.jpg\" alt=\"\" \/><em>Dedica\u00e7\u00e3o garante prote\u00e7\u00e3o aos parques estaduais mineiros (Foto: Divulga\u00e7\u00e3o\/Semad)<\/em><br \/>\n<\/br><\/p>\n<p><img decoding=\"async\" src=\"http:\/\/aconteceunovale.com.br\/portal\/wp-content\/uploads\/2016\/05\/brigadistas_mg_4.jpg\" alt=\"\" \/><em>Dedica\u00e7\u00e3o garante prote\u00e7\u00e3o aos parques estaduais mineiros (Foto: Divulga\u00e7\u00e3o\/Semad)<\/em><br \/>\n<\/br><\/p>\n<p><img decoding=\"async\" src=\"http:\/\/aconteceunovale.com.br\/portal\/wp-content\/uploads\/2016\/05\/brigadistas_mg_5.jpg\" alt=\"\" \/><em>Dedica\u00e7\u00e3o garante prote\u00e7\u00e3o aos parques estaduais mineiros (Foto: Divulga\u00e7\u00e3o\/Semad)<\/em><br \/>\n<\/br><\/p>\n<p><img decoding=\"async\" src=\"http:\/\/aconteceunovale.com.br\/portal\/wp-content\/uploads\/2016\/05\/brigadistas_mg_7.jpg\" alt=\"\" \/><em>Dedica\u00e7\u00e3o garante prote\u00e7\u00e3o aos parques estaduais mineiros (Foto: Divulga\u00e7\u00e3o\/Semad)<\/em><br \/>\n<\/br><\/p>\n<p><em>(Fonte: Ag\u00eancia Minas)<\/em><\/p>\n","protected":false},"excerpt":{"rendered":"<p>No ano passado, o estudante de engenharia Jefter Silva, 25 anos, estava com toda a fam\u00edlia reunida comemorando o anivers\u00e1rio do pai. Mas a festa acabou para ele quando, ao ligar a televis\u00e3o, viu que come\u00e7ava um inc\u00eandio no Parque Estadual Serra Verde. Jefter n\u00e3o teve d\u00favidas: deixou a fam\u00edlia em casa e correu para [&hellip;]<\/p>\n","protected":false},"author":1,"featured_media":88054,"comment_status":"open","ping_status":"closed","sticky":false,"template":"","format":"standard","meta":{"amp_status":"","footnotes":""},"categories":[123],"tags":[96771,96769,90470,96773,96772,96770,96774,96775],"class_list":["post-88048","post","type-post","status-publish","format-standard","has-post-thumbnail","hentry","category-gerais","tag-brigadistas-garantem-protecao-dos-parques-estaduais-mineiros","tag-dedicacao-dos-brigadistas-florestais-garante-protecao-aos-parques-estaduais-mineiros","tag-forca-tarefa-previncendio-em-minas-gerais","tag-forca-tarefa-previncendio-de-minas-gerais","tag-jefter-silva","tag-protecao-dos-parques-estaduais-mineiros","tag-trabalho-de-brigadista-em-minas-gerais","tag-vagas-para-brigadista-temporario-em-minas-gerais"],"_links":{"self":[{"href":"https:\/\/aconteceunovale.com.br\/portal\/index.php?rest_route=\/wp\/v2\/posts\/88048","targetHints":{"allow":["GET"]}}],"collection":[{"href":"https:\/\/aconteceunovale.com.br\/portal\/index.php?rest_route=\/wp\/v2\/posts"}],"about":[{"href":"https:\/\/aconteceunovale.com.br\/portal\/index.php?rest_route=\/wp\/v2\/types\/post"}],"author":[{"embeddable":true,"href":"https:\/\/aconteceunovale.com.br\/portal\/index.php?rest_route=\/wp\/v2\/users\/1"}],"replies":[{"embeddable":true,"href":"https:\/\/aconteceunovale.com.br\/portal\/index.php?rest_route=%2Fwp%2Fv2%2Fcomments&post=88048"}],"version-history":[{"count":0,"href":"https:\/\/aconteceunovale.com.br\/portal\/index.php?rest_route=\/wp\/v2\/posts\/88048\/revisions"}],"wp:featuredmedia":[{"embeddable":true,"href":"https:\/\/aconteceunovale.com.br\/portal\/index.php?rest_route=\/wp\/v2\/media\/88054"}],"wp:attachment":[{"href":"https:\/\/aconteceunovale.com.br\/portal\/index.php?rest_route=%2Fwp%2Fv2%2Fmedia&parent=88048"}],"wp:term":[{"taxonomy":"category","embeddable":true,"href":"https:\/\/aconteceunovale.com.br\/portal\/index.php?rest_route=%2Fwp%2Fv2%2Fcategories&post=88048"},{"taxonomy":"post_tag","embeddable":true,"href":"https:\/\/aconteceunovale.com.br\/portal\/index.php?rest_route=%2Fwp%2Fv2%2Ftags&post=88048"}],"curies":[{"name":"wp","href":"https:\/\/api.w.org\/{rel}","templated":true}]}}