{"id":88044,"date":"2016-05-30T17:40:24","date_gmt":"2016-05-30T20:40:24","guid":{"rendered":"http:\/\/aconteceunovale.com.br\/portal\/?p=88044"},"modified":"2016-05-30T20:11:37","modified_gmt":"2016-05-30T23:11:37","slug":"ex-presidente-do-psdb-de-minas-gerais-e-preso-durante-operacao-em-belo-horizonte","status":"publish","type":"post","link":"https:\/\/aconteceunovale.com.br\/portal\/?p=88044","title":{"rendered":"Ex-presidente do PSDB de Minas Gerais \u00e9 preso durante opera\u00e7\u00e3o em Belo Horizonte"},"content":{"rendered":"<p>O ex-presidente do PSDB de Minas Gerais N\u00e1rcio Rodrigues da Silveira foi preso hoje (30) sob suspeita de participar de um esquema de desvio de recursos p\u00fablicos investigado pela Opera\u00e7\u00e3o Aequalis (termo em latim que significa igual), deflagrada pelo Minist\u00e9rio P\u00fablico de Minas Gerais (MP-MG). Secret\u00e1rio de Ci\u00eancia, Tecnologia e Ensino Superior mineiro durante o governo Antonio Anastasia, Silveira \u00e9 pai do deputado federal Caio N\u00e1rcio N\u00e1rcio (PSDB-MG).<\/p>\n<p>Al\u00e9m do tucano, foram presos temporariamente Neif Chala, ex-servidor da Secretaria de Estado de Ci\u00eancia, Tecnologia e Ensino Superior de Minas; Alexandre Pereira Horta, engenheiro do Departamento de Obras P\u00fablicas do estado; Luciano Louren\u00e7o dos Reis, funcion\u00e1rio da CWP Engenharia Ltda; Maur\u00edlio Reis Bret\u00e3s, s\u00f3cio administrador da CWP Engenharia Ltda; e o portugu\u00eas Hugo Alexandre Tim\u00f3teo Murcho, diretor no Brasil da multinacional portuguesa Yser e da empresa Biotev Biotecnologia Vegetal ltda.<\/p>\n<p>De acordo com o Minist\u00e9rio P\u00fablico mineiro, o grupo \u00e9 suspeito de desviar, entre os anos de 2012 e 2014, mais de R$ 14 milh\u00f5es em recursos p\u00fablicos que deveriam ser destinados \u00e0 constru\u00e7\u00e3o e a projetos da Cidade das \u00c1guas, desenvolvida no munic\u00edpio mineiro de Frutal pela Funda\u00e7\u00e3o Hidroex, vinculada \u00e0 Secretaria de Estado de Ci\u00eancia, Tecnologia e Ensino Superior de Minas.<\/p>\n<p>Os envolvidos responder\u00e3o pela pr\u00e1tica dos crimes de peculato, corrup\u00e7\u00e3o ativa e passiva, fraude a licita\u00e7\u00f5es, lavagem de dinheiro e organiza\u00e7\u00e3o criminosa. Os presos foram levados para a Penitenci\u00e1ria Nelson Hungria, na regi\u00e3o metropolitana de Belo Horizonte. De acordo com o MP-MG, dois investigados foram presos em flagrante por posse de arma de fogo e muni\u00e7\u00f5es. Ainda est\u00e3o foragidos outros investigados, entre eles o presidente do grupo econ\u00f4mico multinacional portugu\u00eas Yser, Bernardo Ernesto Sim\u00f5es Moniz da Maia.<\/p>\n<p>Foram cumpridos ainda 27 mandados de busca e apreens\u00e3o, sendo os alvos localizados nos munic\u00edpios mineiros de Belo Horizonte, Frutal, Uberaba, Conselheiro Lafaiete e S\u00e3o Jo\u00e3o Del Rei e tamb\u00e9m em S\u00e3o Paulo. O material apreendido foi acondicionado em 84 sacos lacrados, contendo documentos, computadores, aparelhos celulares e m\u00eddias digitais.<\/p>\n<p>Em nota, o Minist\u00e9rio P\u00fablico de Minas Gerais informou que o objetivo da opera\u00e7\u00e3o foi colher elementos de prova sobre a pr\u00e1tica dos crimes de peculato, corrup\u00e7\u00e3o ativa e passiva, fraude a licita\u00e7\u00f5es, lavagem de dinheiro e organiza\u00e7\u00e3o criminosa. \u201cAs investiga\u00e7\u00f5es foram intensificadas no segundo semestre de 2015, a partir da conjuga\u00e7\u00e3o de esfor\u00e7os com a Controladoria-Geral do estado, que encaminhou ao Minist\u00e9rio P\u00fablico relat\u00f3rios conclusivos apontando o desvio de recursos p\u00fablicos. At\u00e9 o momento, n\u00e3o h\u00e1 ind\u00edcios do envolvimento de autoridades com foro por prerrogativa de fun\u00e7\u00e3o\u201d, diz trecho do documento.<\/p>\n<p>As investiga\u00e7\u00f5es foram conduzidas pela Promotoria de Justi\u00e7a de Defesa do Patrim\u00f4nio P\u00fablico de Frutal e pelo Grupo Especial de Promotores de Justi\u00e7a de Defesa do Patrim\u00f4nio P\u00fablico.<\/p>\n<p><strong>Impeachment<\/strong><\/p>\n<p>Na vota\u00e7\u00e3o da admissibilidade do processo de impeachment da presidente afastada Dilma Rousseff no plen\u00e1rio da C\u00e2mara, o deputado Caio N\u00e1rcio fez uma homenagem ao pai, preso hoje. Com a bandeira do Brasil nas m\u00e3os, ao votar favoravelmente pelo afastamento da petista, o deputado mineiro defendeu um pa\u00eds mais decente e mais honesto.<\/p>\n<p>\u201cPor um Brasil onde meu pai e meu av\u00f4 diziam que dec\u00eancia e honestidade n\u00e3o eram possibilidade, era obriga\u00e7\u00e3o. Por um Brasil onde os brasileiros tenham dec\u00eancia e honestidade. Por Minas, pelo Brasil, para os jovens que est\u00e3o l\u00e1 fora nas ruas, ver\u00e1s que o filho teu n\u00e3o foge \u00e0 luta, sim\u201d, votou Caio N\u00e1rcio.<\/p>\n<p><strong>Outro lado<\/strong><\/p>\n<p>Por meio de nota, a assessoria do PSDB mineiro disse n\u00e3o ter detalhes sobre a opera\u00e7\u00e3o. Segundo o texto, o partido &#8220;defende que, havendo ind\u00edcios de irregularidades, elas sejam investigadas pelos \u00f3rg\u00e3os competentes e, em havendo comprova\u00e7\u00e3o de crime, eles sejam punidos&#8221;.<\/p>\n<p>Sobre o Instituto Hidroex, alvo das investiga\u00e7\u00f5es, a legenda informou o projeto foi aprovado em 2007 pela Unesco e que as obras foram iniciadas em 2011. &#8220;Em 2014, as obras foram paralisadas e retomadas em 2016&#8221;, diz trecho da nota. A reportagem n\u00e3o localizou o deputado Caio N\u00e1rcio.<\/p>\n<p><img decoding=\"async\" src=\"http:\/\/aconteceunovale.com.br\/portal\/wp-content\/uploads\/2016\/05\/narcio_rodrigues.jpg\" alt=\"\" \/><em>Narcio Rodrigues foi secret\u00e1rio do Governo Anastasia (Foto: Guilherme Bergamini\/ALMG)<\/em><br \/>\n<\/br><\/p>\n<p><em>(Ag\u00eancia Brasil)<\/em><\/p>\n","protected":false},"excerpt":{"rendered":"<p>O ex-presidente do PSDB de Minas Gerais N\u00e1rcio Rodrigues da Silveira foi preso hoje (30) sob suspeita de participar de um esquema de desvio de recursos p\u00fablicos investigado pela Opera\u00e7\u00e3o Aequalis (termo em latim que significa igual), deflagrada pelo Minist\u00e9rio P\u00fablico de Minas Gerais (MP-MG). Secret\u00e1rio de Ci\u00eancia, Tecnologia e Ensino Superior mineiro durante o [&hellip;]<\/p>\n","protected":false},"author":1,"featured_media":88045,"comment_status":"open","ping_status":"closed","sticky":false,"template":"","format":"standard","meta":{"amp_status":"","footnotes":""},"categories":[123,40240],"tags":[194,96767,96766,96752,96754,96768,96805,200,96806,96765,96759,96764,131,96758,96762,96755,96760,96763,96757,96804,96756,96761,96753,7882,28383],"class_list":["post-88044","post","type-post","status-publish","format-standard","has-post-thumbnail","hentry","category-gerais","category-politica-2","tag-belo-horizonte","tag-caio-narcio","tag-deputado-federal-caio-narcio","tag-ex-presidente-do-psdb-de-minas-gerais","tag-ex-presidente-do-psdb-de-minas-gerais-e-preso","tag-ex-presidente-do-psdb-de-minas-gerais-e-preso-durante-operacao-em-belo-horizonte","tag-ex-secretario-de-ciencia","tag-frutal","tag-governo-antonio-anastasia","tag-hidroex","tag-investigacao-narcio-rodrigues","tag-investigacao-narcio-rodrigues-da-silveira","tag-minas-gerais","tag-motivo-da-prisao-de-narcio-rodrigues","tag-motivo-da-prisao-de-narcio-rodrigues-da-silveira","tag-narcio-rodrigues","tag-narcio-rodrigues-da-silveira","tag-narcio-rodrigues-da-silveira-e-preso","tag-narcio-rodrigues-e-preso","tag-operacao-aequalis","tag-prisao-de-narcio-rodrigues","tag-prisao-de-narcio-rodrigues-da-silveira","tag-prisao-do-ex-presidente-do-psdb-de-minas-gerais","tag-psdb","tag-tecnologia-e-ensino-superior"],"_links":{"self":[{"href":"https:\/\/aconteceunovale.com.br\/portal\/index.php?rest_route=\/wp\/v2\/posts\/88044","targetHints":{"allow":["GET"]}}],"collection":[{"href":"https:\/\/aconteceunovale.com.br\/portal\/index.php?rest_route=\/wp\/v2\/posts"}],"about":[{"href":"https:\/\/aconteceunovale.com.br\/portal\/index.php?rest_route=\/wp\/v2\/types\/post"}],"author":[{"embeddable":true,"href":"https:\/\/aconteceunovale.com.br\/portal\/index.php?rest_route=\/wp\/v2\/users\/1"}],"replies":[{"embeddable":true,"href":"https:\/\/aconteceunovale.com.br\/portal\/index.php?rest_route=%2Fwp%2Fv2%2Fcomments&post=88044"}],"version-history":[{"count":0,"href":"https:\/\/aconteceunovale.com.br\/portal\/index.php?rest_route=\/wp\/v2\/posts\/88044\/revisions"}],"wp:featuredmedia":[{"embeddable":true,"href":"https:\/\/aconteceunovale.com.br\/portal\/index.php?rest_route=\/wp\/v2\/media\/88045"}],"wp:attachment":[{"href":"https:\/\/aconteceunovale.com.br\/portal\/index.php?rest_route=%2Fwp%2Fv2%2Fmedia&parent=88044"}],"wp:term":[{"taxonomy":"category","embeddable":true,"href":"https:\/\/aconteceunovale.com.br\/portal\/index.php?rest_route=%2Fwp%2Fv2%2Fcategories&post=88044"},{"taxonomy":"post_tag","embeddable":true,"href":"https:\/\/aconteceunovale.com.br\/portal\/index.php?rest_route=%2Fwp%2Fv2%2Ftags&post=88044"}],"curies":[{"name":"wp","href":"https:\/\/api.w.org\/{rel}","templated":true}]}}