{"id":88038,"date":"2016-05-30T17:17:31","date_gmt":"2016-05-30T20:17:31","guid":{"rendered":"http:\/\/aconteceunovale.com.br\/portal\/?p=88038"},"modified":"2016-05-30T17:17:31","modified_gmt":"2016-05-30T20:17:31","slug":"policia-civil-do-rio-de-janeiro-diz-ter-conviccao-de-que-houve-estupro-coletivo","status":"publish","type":"post","link":"https:\/\/aconteceunovale.com.br\/portal\/?p=88038","title":{"rendered":"Pol\u00edcia Civil do Rio de Janeiro diz ter convic\u00e7\u00e3o de que houve estupro coletivo"},"content":{"rendered":"<p>O chefe de Pol\u00edcia Civil do Rio de Janeiro, Fernando Veloso, e a titular da Delegacia da Crian\u00e7a e Adolescente V\u00edtima (DCAV), Cristiana Bento disseram hoje (30) \u00e0 imprensa que j\u00e1 h\u00e1 elementos que permitem afirmar que a adolescente de 16 anos, que teve um v\u00eddeo em que aparece nua e desacordada divulgado nas redes sociais, foi v\u00edtima de estupro coletivo.<\/p>\n<p>&#8220;A gente n\u00e3o tem mais o que falar sobre isso. Essa menina foi v\u00edtima de viol\u00eancia sexual, ela foi v\u00edtima, segundo o Estatuto da Crian\u00e7a e do Adolescente, da divulga\u00e7\u00e3o das imagens e est\u00e1 sendo vitimizada pela popula\u00e7\u00e3o, que fica julgando o que ela foi ou deixou de ser. Essa menina precisa de prote\u00e7\u00e3o, de cuidado&#8221;, disse a delegada. &#8220;Houve estupro, sim. Agora, o que pretendo fazer \u00e9 descobrir a extens\u00e3o desse estupro, quantas pessoas estupraram essa jovem&#8221;, acrescentou Cristiana.<\/p>\n<p>Segundo a Pol\u00edcia Civil, o v\u00eddeo que circulou nas redes sociais j\u00e1 \u00e9 prova suficiente de estupro coletivo. Nas imagens, um homem manipula o corpo da jovem, aparentemente desacordada, na presen\u00e7a de outras tr\u00eas pessoas. &#8220;Se um abusa e o outro est\u00e1 olhando, ele \u00e9 part\u00edcipe e vai responder pelo mesmo crime&#8221;, disse a delegada.<\/p>\n<p>O grupo, segundo a pol\u00edcia, menciona no v\u00eddeo que 30 pessoas teriam violentado a jovem, vers\u00e3o que \u00e9 confirmada pela v\u00edtima. No entanto, disse Veloso, essa informa\u00e7\u00e3o ainda precisa de maior &#8220;robustez&#8221;, para que se defina quantas pessoas participaram do crime.<\/p>\n<p>Seis pessoas j\u00e1 s\u00e3o consideradas suspeitas dos crimes de estupro de vulner\u00e1vel e produ\u00e7\u00e3o e divulga\u00e7\u00e3o de material pornogr\u00e1fico com menores de idade. Cinco est\u00e3o foragidas e uma se apresentou \u00e0 pol\u00edcia na tarde de hoje.<\/p>\n<p>Entre os foragidos, h\u00e1 suspeitos que j\u00e1 haviam comparecido \u00e0 pol\u00edcia para prestar depoimento, quando o caso ainda estava com a Delegacia de Repress\u00e3o aos Crimes de Inform\u00e1tica. De acordo com o chefe da Pol\u00edcia Civil, a avalia\u00e7\u00e3o de que eles deveriam ter sido presos antes, ou n\u00e3o, \u00e9 subjetiva, e as pris\u00f5es decretadas hoje s\u00e3o resultado do trabalho realizado antes.<\/p>\n<p><img decoding=\"async\" src=\"http:\/\/aconteceunovale.com.br\/portal\/wp-content\/uploads\/2016\/05\/chefe_pc_rio.jpg\" alt=\"\" \/><em>Chefe de Pol\u00edcia Civil do Rio de Janeiro, Fernando Veloso (Foto: Divulga\u00e7\u00e3o)<\/em><br \/>\n<\/br><\/p>\n<p><strong>Laudo<\/strong><\/p>\n<p>Sem citar detalhes, a Pol\u00edcia Civil disse que o laudo que o Instituto M\u00e9dico-Legal produziu ap\u00f3s examinar a jovem n\u00e3o foi capaz de apontar provas materiais do crime. Para os delegados, tal resultado j\u00e1 era esperado pelo fato de o material ter sido colhido cinco dias ap\u00f3s o crime.<\/p>\n<p>A perita Adriane Rego explicou que o corpo humano destr\u00f3i os vest\u00edgios de espermatozoides a partir de 72 horas depois da ejacula\u00e7\u00e3o.<\/p>\n<p>A aus\u00eancia dessa prova material, no entanto, n\u00e3o muda a convic\u00e7\u00e3o da delegada respons\u00e1vel pelo caso. &#8220;Nos crimes sexuais, o exame de corpo de delito \u00e9 importante, mas n\u00e3o \u00e9 determinante do fato. \u00c0s vezes, h\u00e1 les\u00e3o, e a v\u00edtima quis, e pode ocorrer que n\u00e3o tenha les\u00e3o e tenha sido for\u00e7ado. Se ela estava desacordada, n\u00e3o vai ter les\u00e3o, porque ela n\u00e3o ofereceu resist\u00eancia&#8221;, explicou.<\/p>\n<p>O inqu\u00e9rito corre em segredo de Justi\u00e7a, por envolver uma v\u00edtima adolescente. (Ag\u00eancia Brasil)<\/p>\n","protected":false},"excerpt":{"rendered":"<p>O chefe de Pol\u00edcia Civil do Rio de Janeiro, Fernando Veloso, e a titular da Delegacia da Crian\u00e7a e Adolescente V\u00edtima (DCAV), Cristiana Bento disseram hoje (30) \u00e0 imprensa que j\u00e1 h\u00e1 elementos que permitem afirmar que a adolescente de 16 anos, que teve um v\u00eddeo em que aparece nua e desacordada divulgado nas redes [&hellip;]<\/p>\n","protected":false},"author":1,"featured_media":88039,"comment_status":"open","ping_status":"closed","sticky":false,"template":"","format":"standard","meta":{"amp_status":"","footnotes":""},"categories":[6],"tags":[73567,96736,96740,96738,96739,96538,96536,96537,96426,96429,96422,96418,96416,96510,96420,96421,96424,96419,96737,77698,96539,96511,96417,361,96741,1104,36712,96423],"class_list":["post-88038","post","type-post","status-publish","format-standard","has-post-thumbnail","hentry","category-br","tag-adolescente","tag-chefe-de-policia-civil-do-rio-de-janeiro","tag-cristiana-bento","tag-dcav","tag-delegacia-da-crianca-e-adolescente-vitima","tag-delegado-afastado-do-caso","tag-delegado-nao-e-mais-responsavel-por-investigar-estupro-coletivo","tag-diz-tj-rj","tag-estuprada-por-33-homens-no-rio-de-janeiro","tag-estupro-coletivo","tag-estupro-coletivo-jacarepagua","tag-estupro-coletivo-no-morro-sao-jose-operario","tag-estupro-coletivo-no-rio-de-janeiro","tag-estupro-coletivo-no-rj","tag-estupro-coletivo-rio-de-janeiro","tag-estupro-coletivo-rj","tag-estupro-coletivo-zona-oeste-do-rio-de-janeiro","tag-estupro-no-rio-de-janeiro","tag-fernando-veloso","tag-jacarepagua","tag-jovem","tag-jovem-estuprada-por-33-homens-no-rio-de-janeiro","tag-morro-sao-jose-operario","tag-policia-civil","tag-policia-civil-do-rio-de-janeiro-diz-ter-conviccao-de-que-houve-estupro-coletivo","tag-rio-de-janeiro","tag-violencia-contra-a-mulher","tag-zona-oeste-do-rio-de-janeiro"],"_links":{"self":[{"href":"https:\/\/aconteceunovale.com.br\/portal\/index.php?rest_route=\/wp\/v2\/posts\/88038","targetHints":{"allow":["GET"]}}],"collection":[{"href":"https:\/\/aconteceunovale.com.br\/portal\/index.php?rest_route=\/wp\/v2\/posts"}],"about":[{"href":"https:\/\/aconteceunovale.com.br\/portal\/index.php?rest_route=\/wp\/v2\/types\/post"}],"author":[{"embeddable":true,"href":"https:\/\/aconteceunovale.com.br\/portal\/index.php?rest_route=\/wp\/v2\/users\/1"}],"replies":[{"embeddable":true,"href":"https:\/\/aconteceunovale.com.br\/portal\/index.php?rest_route=%2Fwp%2Fv2%2Fcomments&post=88038"}],"version-history":[{"count":0,"href":"https:\/\/aconteceunovale.com.br\/portal\/index.php?rest_route=\/wp\/v2\/posts\/88038\/revisions"}],"wp:featuredmedia":[{"embeddable":true,"href":"https:\/\/aconteceunovale.com.br\/portal\/index.php?rest_route=\/wp\/v2\/media\/88039"}],"wp:attachment":[{"href":"https:\/\/aconteceunovale.com.br\/portal\/index.php?rest_route=%2Fwp%2Fv2%2Fmedia&parent=88038"}],"wp:term":[{"taxonomy":"category","embeddable":true,"href":"https:\/\/aconteceunovale.com.br\/portal\/index.php?rest_route=%2Fwp%2Fv2%2Fcategories&post=88038"},{"taxonomy":"post_tag","embeddable":true,"href":"https:\/\/aconteceunovale.com.br\/portal\/index.php?rest_route=%2Fwp%2Fv2%2Ftags&post=88038"}],"curies":[{"name":"wp","href":"https:\/\/api.w.org\/{rel}","templated":true}]}}