{"id":88032,"date":"2016-05-30T17:06:00","date_gmt":"2016-05-30T20:06:00","guid":{"rendered":"http:\/\/aconteceunovale.com.br\/portal\/?p=88032"},"modified":"2016-05-30T17:06:00","modified_gmt":"2016-05-30T20:06:00","slug":"apos-75-anos-ave-rara-e-redescoberta-em-minas-gerais","status":"publish","type":"post","link":"https:\/\/aconteceunovale.com.br\/portal\/?p=88032","title":{"rendered":"Ap\u00f3s 75 anos, ave rara \u00e9 redescoberta em Minas Gerais"},"content":{"rendered":"<p>Um grupo de pesquisadores, com o apoio do Observat\u00f3rio de Aves &#8211; Instituto Butantan e da Sociedade para a Conserva\u00e7\u00e3o das Aves do Brasil (SAVE Brasil), anunciou recentemente para a comunidade de especialistas a redescoberta de uma das aves mais raras do mundo. Conhecida como rolinha-do-planalto, a Columbina cyanopis est\u00e1 criticamente amea\u00e7ada de extin\u00e7\u00e3o. O \u00faltimo registro comprovado da esp\u00e9cie antes da redescoberta aconteceu h\u00e1 75 anos, em 1941.<\/p>\n<p>Nos \u00faltimos meses, os pesquisadores t\u00eam trabalhado simultaneamente no registro cient\u00edfico da redescoberta e em um plano de conserva\u00e7\u00e3o, com o objetivo de assegurar a sobreviv\u00eancia da ave no longo prazo. A rolinha-do-planalto, esp\u00e9cie exclusiva do Brasil, est\u00e1 amea\u00e7ada principalmente pela destrui\u00e7\u00e3o do Cerrado brasileiro, seu habitat. At\u00e9 o momento, os ornit\u00f3logos encontraram apenas 12 indiv\u00edduos da esp\u00e9cie.<\/p>\n<p>\u201cNossa preocupa\u00e7\u00e3o agora \u00e9 a conserva\u00e7\u00e3o da ave. Estamos estudando diversas linhas de atua\u00e7\u00e3o no desenho deste plano. A principal delas \u00e9 garantir que a regi\u00e3o onde a esp\u00e9cie foi detectada seja transformada em uma \u00e1rea de conserva\u00e7\u00e3o, o que beneficiaria n\u00e3o apenas a rolinha-do-planalto, mas tamb\u00e9m outras esp\u00e9cies amea\u00e7adas que ocorrem na \u00e1rea\u201d, explica o ornit\u00f3logo Rafael Bessa, que redescobriu a esp\u00e9cie.<\/p>\n<p>Assim que avistou a ave, em junho de 2015, Bessa estabeleceu contato com o Observat\u00f3rio de Aves &#8211; Instituto Butantan. Com o apoio do Instituto e da SAVE Brasil, representante da BirdLife International, que apoia e financia a pesquisa, foram iniciados os estudos sobre a esp\u00e9cie.<\/p>\n<p>O an\u00fancio da redescoberta foi feito para a comunidade de ornit\u00f3logos, cientistas e observadores de aves durante o 11\u00ba Encontro Brasileiro de Observa\u00e7\u00e3o de Aves (AvistarBrasil 2016), realizado no Instituto Butantan, semana passada. At\u00e9 a redescoberta n\u00e3o eram conhecidas imagens e filmagens da rolinha-do-planalto viva, ou mesmo de seu canto. Durante o evento, os ornit\u00f3logos que integram a equipe de pesquisa apresentaram esses registros e informa\u00e7\u00f5es sobre a esp\u00e9cie, at\u00e9 ent\u00e3o conhecida apenas por exemplares em museus e relatos sem comprova\u00e7\u00e3o.<\/p>\n<p><img decoding=\"async\" src=\"http:\/\/aconteceunovale.com.br\/portal\/wp-content\/uploads\/2016\/05\/rolinha_do_planalto.jpg\" alt=\"\" \/><em>A ave tem olhos azuis claros e manchas azuis escuras nas asas, que se destacam da plumagem predominantemente castanho-avermelhada (foto: Rafael Bessa\/ Save Brasil)<\/em><br \/>\n<\/br><\/p>\n<p><img decoding=\"async\" src=\"http:\/\/aconteceunovale.com.br\/portal\/wp-content\/uploads\/2016\/05\/rolinha_do_planalto_2.jpg\" alt=\"\" \/><em>A ave tem olhos azuis claros e manchas azuis escuras nas asas, que se destacam da plumagem predominantemente castanho-avermelhada (foto: Rafael Bessa\/ Save Brasil)<\/em><br \/>\n<\/br><\/p>\n<p><em>(Fonte: Extra)<\/em><\/p>\n","protected":false},"excerpt":{"rendered":"<p>Um grupo de pesquisadores, com o apoio do Observat\u00f3rio de Aves &#8211; Instituto Butantan e da Sociedade para a Conserva\u00e7\u00e3o das Aves do Brasil (SAVE Brasil), anunciou recentemente para a comunidade de especialistas a redescoberta de uma das aves mais raras do mundo. Conhecida como rolinha-do-planalto, a Columbina cyanopis est\u00e1 criticamente amea\u00e7ada de extin\u00e7\u00e3o. O [&hellip;]<\/p>\n","protected":false},"author":1,"featured_media":88033,"comment_status":"open","ping_status":"closed","sticky":false,"template":"","format":"standard","meta":{"amp_status":"","footnotes":""},"categories":[123],"tags":[96727,96731,96721,96732,96733,96728,96719,96723,96729,1018,96724,96726,96730,96720,96722,96725],"class_list":["post-88032","post","type-post","status-publish","format-standard","has-post-thumbnail","hentry","category-gerais","tag-11o-encontro-brasileiro-de-observacao-de-aves","tag-apos-75-anos","tag-ave-ameacada-de-extincao-foi-redescoberta-em-minas-gerais","tag-ave-rara-e-redescoberta-em-minas-gerais","tag-ave-rara-e-redescoberta-em-minas-gerais-apos-75-anos","tag-avistarbrasil-2016","tag-columbina-cyanopis","tag-columbina-cyanopis-foi-redescoberta-em-minas-gerais","tag-d","tag-destaque","tag-observatorio-de-aves-e-da-sociedade-para-a-conservacao-das-aves-do-brasil","tag-rafael-bessa","tag-redescoberta-da-rolinha-do-planalto","tag-rolinha-do-planalto","tag-rolinha-do-planalto-foi-redescoberta-em-minas-gerais","tag-save-brasil"],"_links":{"self":[{"href":"https:\/\/aconteceunovale.com.br\/portal\/index.php?rest_route=\/wp\/v2\/posts\/88032","targetHints":{"allow":["GET"]}}],"collection":[{"href":"https:\/\/aconteceunovale.com.br\/portal\/index.php?rest_route=\/wp\/v2\/posts"}],"about":[{"href":"https:\/\/aconteceunovale.com.br\/portal\/index.php?rest_route=\/wp\/v2\/types\/post"}],"author":[{"embeddable":true,"href":"https:\/\/aconteceunovale.com.br\/portal\/index.php?rest_route=\/wp\/v2\/users\/1"}],"replies":[{"embeddable":true,"href":"https:\/\/aconteceunovale.com.br\/portal\/index.php?rest_route=%2Fwp%2Fv2%2Fcomments&post=88032"}],"version-history":[{"count":0,"href":"https:\/\/aconteceunovale.com.br\/portal\/index.php?rest_route=\/wp\/v2\/posts\/88032\/revisions"}],"wp:featuredmedia":[{"embeddable":true,"href":"https:\/\/aconteceunovale.com.br\/portal\/index.php?rest_route=\/wp\/v2\/media\/88033"}],"wp:attachment":[{"href":"https:\/\/aconteceunovale.com.br\/portal\/index.php?rest_route=%2Fwp%2Fv2%2Fmedia&parent=88032"}],"wp:term":[{"taxonomy":"category","embeddable":true,"href":"https:\/\/aconteceunovale.com.br\/portal\/index.php?rest_route=%2Fwp%2Fv2%2Fcategories&post=88032"},{"taxonomy":"post_tag","embeddable":true,"href":"https:\/\/aconteceunovale.com.br\/portal\/index.php?rest_route=%2Fwp%2Fv2%2Ftags&post=88032"}],"curies":[{"name":"wp","href":"https:\/\/api.w.org\/{rel}","templated":true}]}}