{"id":88011,"date":"2016-05-30T11:07:31","date_gmt":"2016-05-30T14:07:31","guid":{"rendered":"http:\/\/aconteceunovale.com.br\/portal\/?p=88011"},"modified":"2016-05-30T11:07:31","modified_gmt":"2016-05-30T14:07:31","slug":"policia-de-itaobim-prende-homem-suspeito-de-receptar-veiculo-roubado-em-contagem","status":"publish","type":"post","link":"https:\/\/aconteceunovale.com.br\/portal\/?p=88011","title":{"rendered":"Pol\u00edcia de Itaobim prende homem suspeito de receptar ve\u00edculo roubado em Contagem"},"content":{"rendered":"<p>Um homem de 30 anos, suspeito de receptar um ve\u00edculo roubado, foi preso em Itaobim, no Vale do Jequitinhonha, na quinta-feira, 26 de maio, feriado de Corpus Christi, durante Opera\u00e7\u00e3o Minas em Seguran\u00e7a.<\/p>\n<p>A Pol\u00edcia Militar recebeu uma den\u00fancia an\u00f4nima e se deslocou at\u00e9 a Comunidade Beira Rio, e nas proximidades da BR-367, interceptou um ve\u00edculo Honda Civic LX, de cor azul, placa de Belo Horizonte, com quatro indiv\u00edduos em seu interior.<\/p>\n<p>Os policiais consultaram a placa do autom\u00f3vel no Sistema Integrado de Defesa Social e constataram que o carro era produto de furto, e que o crime ocorreu no dia 20 de maio em Contagem.<\/p>\n<p>Um dos abordados assumiu ser o propriet\u00e1rio do ve\u00edculo, informando que o carro foi adquirido de um indiv\u00edduo na cidade de Salinas e que faria o pagamento ap\u00f3s test\u00e1-lo.<\/p>\n<p>A PM deu voz de pris\u00e3o ao condutor do ve\u00edculo, pelo crime de recepta\u00e7\u00e3o. Ele foi conduzido \u00e0 Delegacia de Policia Civil de Pedra Azul.<\/p>\n<p>O autom\u00f3vel foi apreendido e removido para um p\u00e1tio credenciado pelo DETRAN. O propriet\u00e1rio ser\u00e1 informado da a\u00e7\u00e3o.<\/p>\n<p><img decoding=\"async\" src=\"http:\/\/aconteceunovale.com.br\/portal\/wp-content\/uploads\/2016\/05\/carro_roubado_contagem.jpg\" alt=\"\" \/><em>O carro foi furtado em Contagem (Foto: Divulga\u00e7\u00e3o)<br \/>\n<\/br><\/p>\n<p>(Gazeta de Ara\u00e7ua\u00ed)<\/em><\/p>\n","protected":false},"excerpt":{"rendered":"<p>Um homem de 30 anos, suspeito de receptar um ve\u00edculo roubado, foi preso em Itaobim, no Vale do Jequitinhonha, na quinta-feira, 26 de maio, feriado de Corpus Christi, durante Opera\u00e7\u00e3o Minas em Seguran\u00e7a. A Pol\u00edcia Militar recebeu uma den\u00fancia an\u00f4nima e se deslocou at\u00e9 a Comunidade Beira Rio, e nas proximidades da BR-367, interceptou um [&hellip;]<\/p>\n","protected":false},"author":1,"featured_media":88012,"comment_status":"open","ping_status":"closed","sticky":false,"template":"","format":"standard","meta":{"amp_status":"","footnotes":""},"categories":[120],"tags":[194,96693,96694,96692,391,96689,96695,96690,96691],"class_list":["post-88011","post","type-post","status-publish","format-standard","has-post-thumbnail","hentry","category-jequi","tag-belo-horizonte","tag-carro-roubado-em-contagem","tag-contabem","tag-honda-civic-roubado-em-contagem","tag-itaobim","tag-policia-de-itaobim-prende-homem-suspeito-de-receptar-veiculo","tag-policia-de-itaobim-prende-homem-suspeito-de-receptar-veiculo-roubado-em-contagem","tag-preso-com-veiculo-roubado-em-itaobim","tag-veiculo-apreendido-em-itaobim"],"_links":{"self":[{"href":"https:\/\/aconteceunovale.com.br\/portal\/index.php?rest_route=\/wp\/v2\/posts\/88011","targetHints":{"allow":["GET"]}}],"collection":[{"href":"https:\/\/aconteceunovale.com.br\/portal\/index.php?rest_route=\/wp\/v2\/posts"}],"about":[{"href":"https:\/\/aconteceunovale.com.br\/portal\/index.php?rest_route=\/wp\/v2\/types\/post"}],"author":[{"embeddable":true,"href":"https:\/\/aconteceunovale.com.br\/portal\/index.php?rest_route=\/wp\/v2\/users\/1"}],"replies":[{"embeddable":true,"href":"https:\/\/aconteceunovale.com.br\/portal\/index.php?rest_route=%2Fwp%2Fv2%2Fcomments&post=88011"}],"version-history":[{"count":0,"href":"https:\/\/aconteceunovale.com.br\/portal\/index.php?rest_route=\/wp\/v2\/posts\/88011\/revisions"}],"wp:featuredmedia":[{"embeddable":true,"href":"https:\/\/aconteceunovale.com.br\/portal\/index.php?rest_route=\/wp\/v2\/media\/88012"}],"wp:attachment":[{"href":"https:\/\/aconteceunovale.com.br\/portal\/index.php?rest_route=%2Fwp%2Fv2%2Fmedia&parent=88011"}],"wp:term":[{"taxonomy":"category","embeddable":true,"href":"https:\/\/aconteceunovale.com.br\/portal\/index.php?rest_route=%2Fwp%2Fv2%2Fcategories&post=88011"},{"taxonomy":"post_tag","embeddable":true,"href":"https:\/\/aconteceunovale.com.br\/portal\/index.php?rest_route=%2Fwp%2Fv2%2Ftags&post=88011"}],"curies":[{"name":"wp","href":"https:\/\/api.w.org\/{rel}","templated":true}]}}