{"id":87993,"date":"2016-05-30T10:15:21","date_gmt":"2016-05-30T13:15:21","guid":{"rendered":"http:\/\/aconteceunovale.com.br\/portal\/?p=87993"},"modified":"2016-05-30T10:15:21","modified_gmt":"2016-05-30T13:15:21","slug":"estudantes-podem-se-inscrever-no-sisu-a-partir-desta-segunda-feira","status":"publish","type":"post","link":"https:\/\/aconteceunovale.com.br\/portal\/?p=87993","title":{"rendered":"Estudantes podem se inscrever no SiSU a partir desta segunda-feira"},"content":{"rendered":"<p>Come\u00e7am hoje (30) as inscri\u00e7\u00f5es para o Sistema de Sele\u00e7\u00e3o Unificada (Sisu). Nesta edi\u00e7\u00e3o, s\u00e3o ofertadas 56.422 vagas em 65 institui\u00e7\u00f5es p\u00fablicas de ensino superior para o segundo semestre deste ano. As inscri\u00e7\u00f5es s\u00e3o feitas pela internet, no\u00a0<a href=\"http:\/\/sisu.mec.gov.br\/\"><font color=\"blue\"><em>site<\/em>\u00a0do Sisu<\/font><\/a>.<\/p>\n<p>Podem participar os estudantes que fizeram o Exame Nacional do Ensino M\u00e9dio (Enem) de 2015 e n\u00e3o tiraram 0 na reda\u00e7\u00e3o. As inscri\u00e7\u00f5es podem ser feitas at\u00e9 o dia 2 de junho.<\/p>\n<p>Ao fazer a inscri\u00e7\u00e3o, o candidato deve escolher, por ordem de prefer\u00eancia, at\u00e9 duas op\u00e7\u00f5es entre as vagas ofertadas pelas institui\u00e7\u00f5es participantes do Sisu. O candidato tamb\u00e9m deve definir se deseja concorrer a vagas de ampla concorr\u00eancia, a vagas reservadas a a\u00e7\u00f5es afirmativas.\u00a0 Durante o per\u00edodo de inscri\u00e7\u00e3o, o candidato pode alterar suas op\u00e7\u00f5es. Ser\u00e1 considerada v\u00e1lida a \u00faltima inscri\u00e7\u00e3o confirmada.<\/p>\n<p>Uma vez por dia \u00e9 divulgada a nota de corte de cada curso, com base no n\u00famero de vagas dispon\u00edveis e no total dos candidatos inscritos naquele curso, por modalidade de concorr\u00eancia. A nota de corte \u00e9 apenas uma refer\u00eancia para auxiliar o candidato no monitoramento de sua inscri\u00e7\u00e3o, n\u00e3o sendo garantia de sele\u00e7\u00e3o para a vaga ofertada.<\/p>\n<p>O resultado ser\u00e1 divulgado no dia 6 de junho e a matr\u00edcula dever\u00e1 ser feita entre os dias 10 e 14. Aqueles que n\u00e3o forem selecionados poder\u00e3o participar da lista de espera, entre 6 e 17 de junho.\u00a0 Os candidatos na lista come\u00e7ar\u00e3o a ser convocados a partir do dia 23 de junho. (Ag\u00eancia Brasil)<\/p>\n","protected":false},"excerpt":{"rendered":"<p>Come\u00e7am hoje (30) as inscri\u00e7\u00f5es para o Sistema de Sele\u00e7\u00e3o Unificada (Sisu). Nesta edi\u00e7\u00e3o, s\u00e3o ofertadas 56.422 vagas em 65 institui\u00e7\u00f5es p\u00fablicas de ensino superior para o segundo semestre deste ano. As inscri\u00e7\u00f5es s\u00e3o feitas pela internet, no\u00a0site\u00a0do Sisu. Podem participar os estudantes que fizeram o Exame Nacional do Ensino M\u00e9dio (Enem) de 2015 e [&hellip;]<\/p>\n","protected":false},"author":1,"featured_media":76547,"comment_status":"open","ping_status":"closed","sticky":false,"template":"","format":"standard","meta":{"amp_status":"","footnotes":""},"categories":[6,40238],"tags":[524,44847,96654,96653,2323,45080,96375],"class_list":["post-87993","post","type-post","status-publish","format-standard","has-post-thumbnail","hentry","category-br","category-educacao-2","tag-enem","tag-enem-2015","tag-ensino-superior-publico","tag-estudantes-podem-se-inscrever-no-sisu-a-partir-desta-segunda-feira","tag-sisu","tag-sisu-2016","tag-sisu-segundo-semestre-2016"],"yoast_head":"<!-- This site is optimized with the Yoast SEO plugin v28.3 - https:\/\/yoast.com\/product\/yoast-seo-wordpress\/ -->\n<title>Estudantes podem se inscrever no SiSU a partir desta segunda-feira - Aconteceu no Vale<\/title>\n<meta name=\"robots\" content=\"index, follow, max-snippet:-1, max-image-preview:large, max-video-preview:-1\" \/>\n<link rel=\"canonical\" href=\"https:\/\/aconteceunovale.com.br\/portal\/?p=87993\" \/>\n<meta property=\"og:locale\" content=\"pt_BR\" \/>\n<meta property=\"og:type\" content=\"article\" \/>\n<meta property=\"og:title\" content=\"Estudantes podem se inscrever no SiSU a partir desta segunda-feira - Aconteceu no Vale\" \/>\n<meta property=\"og:description\" content=\"Come\u00e7am hoje (30) as inscri\u00e7\u00f5es para o Sistema de Sele\u00e7\u00e3o Unificada (Sisu). Nesta edi\u00e7\u00e3o, s\u00e3o ofertadas 56.422 vagas em 65 institui\u00e7\u00f5es p\u00fablicas de ensino superior para o segundo semestre deste ano. As inscri\u00e7\u00f5es s\u00e3o feitas pela internet, no\u00a0site\u00a0do Sisu. Podem participar os estudantes que fizeram o Exame Nacional do Ensino M\u00e9dio (Enem) de 2015 e [&hellip;]\" \/>\n<meta property=\"og:url\" content=\"https:\/\/aconteceunovale.com.br\/portal\/?p=87993\" \/>\n<meta property=\"og:site_name\" content=\"Aconteceu no Vale\" \/>\n<meta property=\"article:publisher\" content=\"https:\/\/www.facebook.com\/aconteceunovale\/\" \/>\n<meta property=\"article:published_time\" content=\"2016-05-30T13:15:21+00:00\" \/>\n<meta property=\"og:image\" content=\"https:\/\/aconteceunovale.com.br\/portal\/wp-content\/uploads\/2016\/01\/nota_corte_sisu.jpg\" \/>\n\t<meta property=\"og:image:width\" content=\"580\" \/>\n\t<meta property=\"og:image:height\" content=\"388\" \/>\n\t<meta property=\"og:image:type\" content=\"image\/jpeg\" \/>\n<meta name=\"author\" content=\"Aconteceu no Vale\" \/>\n<meta name=\"twitter:card\" content=\"summary_large_image\" \/>\n<meta name=\"twitter:creator\" content=\"@noticiadosvales\" \/>\n<meta name=\"twitter:site\" content=\"@noticiadosvales\" \/>\n<meta name=\"twitter:label1\" content=\"Escrito por\" \/>\n\t<meta name=\"twitter:data1\" content=\"Aconteceu no Vale\" \/>\n\t<meta name=\"twitter:label2\" content=\"Est. tempo de leitura\" \/>\n\t<meta name=\"twitter:data2\" content=\"1 minuto\" \/>\n<script type=\"application\/ld+json\" class=\"yoast-schema-graph\">{\"@context\":\"https:\\\/\\\/schema.org\",\"@graph\":[{\"@type\":\"Article\",\"@id\":\"https:\\\/\\\/aconteceunovale.com.br\\\/portal\\\/?p=87993#article\",\"isPartOf\":{\"@id\":\"https:\\\/\\\/aconteceunovale.com.br\\\/portal\\\/?p=87993\"},\"author\":{\"name\":\"Aconteceu no Vale\",\"@id\":\"https:\\\/\\\/aconteceunovale.com.br\\\/portal\\\/#\\\/schema\\\/person\\\/633529146f2c94272bef50ac2953d589\"},\"headline\":\"Estudantes podem se inscrever no SiSU a partir desta segunda-feira\",\"datePublished\":\"2016-05-30T13:15:21+00:00\",\"mainEntityOfPage\":{\"@id\":\"https:\\\/\\\/aconteceunovale.com.br\\\/portal\\\/?p=87993\"},\"wordCount\":281,\"commentCount\":0,\"image\":{\"@id\":\"https:\\\/\\\/aconteceunovale.com.br\\\/portal\\\/?p=87993#primaryimage\"},\"thumbnailUrl\":\"https:\\\/\\\/aconteceunovale.com.br\\\/portal\\\/wp-content\\\/uploads\\\/2016\\\/01\\\/nota_corte_sisu.jpg\",\"keywords\":[\"Enem\",\"Enem 2015\",\"ensino superior p\u00fablico\",\"Estudantes podem se inscrever no SiSU a partir desta segunda-feira\",\"Sisu\",\"SiSU 2016\",\"Sisu segundo semestre 2016\"],\"articleSection\":[\"Brasil\",\"Educa\u00e7\u00e3o\"],\"inLanguage\":\"pt-BR\",\"potentialAction\":[{\"@type\":\"CommentAction\",\"name\":\"Comment\",\"target\":[\"https:\\\/\\\/aconteceunovale.com.br\\\/portal\\\/?p=87993#respond\"]}]},{\"@type\":\"WebPage\",\"@id\":\"https:\\\/\\\/aconteceunovale.com.br\\\/portal\\\/?p=87993\",\"url\":\"https:\\\/\\\/aconteceunovale.com.br\\\/portal\\\/?p=87993\",\"name\":\"Estudantes podem se inscrever no SiSU a partir desta segunda-feira - Aconteceu no Vale\",\"isPartOf\":{\"@id\":\"https:\\\/\\\/aconteceunovale.com.br\\\/portal\\\/#website\"},\"primaryImageOfPage\":{\"@id\":\"https:\\\/\\\/aconteceunovale.com.br\\\/portal\\\/?p=87993#primaryimage\"},\"image\":{\"@id\":\"https:\\\/\\\/aconteceunovale.com.br\\\/portal\\\/?p=87993#primaryimage\"},\"thumbnailUrl\":\"https:\\\/\\\/aconteceunovale.com.br\\\/portal\\\/wp-content\\\/uploads\\\/2016\\\/01\\\/nota_corte_sisu.jpg\",\"datePublished\":\"2016-05-30T13:15:21+00:00\",\"author\":{\"@id\":\"https:\\\/\\\/aconteceunovale.com.br\\\/portal\\\/#\\\/schema\\\/person\\\/633529146f2c94272bef50ac2953d589\"},\"breadcrumb\":{\"@id\":\"https:\\\/\\\/aconteceunovale.com.br\\\/portal\\\/?p=87993#breadcrumb\"},\"inLanguage\":\"pt-BR\",\"potentialAction\":[{\"@type\":\"ReadAction\",\"target\":[\"https:\\\/\\\/aconteceunovale.com.br\\\/portal\\\/?p=87993\"]}]},{\"@type\":\"ImageObject\",\"inLanguage\":\"pt-BR\",\"@id\":\"https:\\\/\\\/aconteceunovale.com.br\\\/portal\\\/?p=87993#primaryimage\",\"url\":\"https:\\\/\\\/aconteceunovale.com.br\\\/portal\\\/wp-content\\\/uploads\\\/2016\\\/01\\\/nota_corte_sisu.jpg\",\"contentUrl\":\"https:\\\/\\\/aconteceunovale.com.br\\\/portal\\\/wp-content\\\/uploads\\\/2016\\\/01\\\/nota_corte_sisu.jpg\",\"width\":580,\"height\":388},{\"@type\":\"BreadcrumbList\",\"@id\":\"https:\\\/\\\/aconteceunovale.com.br\\\/portal\\\/?p=87993#breadcrumb\",\"itemListElement\":[{\"@type\":\"ListItem\",\"position\":1,\"name\":\"In\u00edcio\",\"item\":\"https:\\\/\\\/aconteceunovale.com.br\\\/portal\\\/\"},{\"@type\":\"ListItem\",\"position\":2,\"name\":\"Estudantes podem se inscrever no SiSU a partir desta segunda-feira\"}]},{\"@type\":\"WebSite\",\"@id\":\"https:\\\/\\\/aconteceunovale.com.br\\\/portal\\\/#website\",\"url\":\"https:\\\/\\\/aconteceunovale.com.br\\\/portal\\\/\",\"name\":\"Aconteceu no Vale\",\"description\":\"Portal de Not\u00edcias\",\"potentialAction\":[{\"@type\":\"SearchAction\",\"target\":{\"@type\":\"EntryPoint\",\"urlTemplate\":\"https:\\\/\\\/aconteceunovale.com.br\\\/portal\\\/?s={search_term_string}\"},\"query-input\":{\"@type\":\"PropertyValueSpecification\",\"valueRequired\":true,\"valueName\":\"search_term_string\"}}],\"inLanguage\":\"pt-BR\"},{\"@type\":\"Person\",\"@id\":\"https:\\\/\\\/aconteceunovale.com.br\\\/portal\\\/#\\\/schema\\\/person\\\/633529146f2c94272bef50ac2953d589\",\"name\":\"Aconteceu no Vale\",\"description\":\"Equipe de reportagem do Aconteceu no Vale, portal de not\u00edcias do Vale do Jequitinhonha, em Minas Gerais. Cobrimos as 51 cidades do Vale desde 2013. Sugest\u00f5es de pauta e pedidos de corre\u00e7\u00e3o: contato@aconteceunovale.com.br\",\"sameAs\":[\"http:\\\/\\\/www.aconteceunovale.com.br\"],\"url\":\"https:\\\/\\\/aconteceunovale.com.br\\\/portal\\\/?author=1\"}]}<\/script>\n<!-- \/ Yoast SEO plugin. -->","yoast_head_json":{"title":"Estudantes podem se inscrever no SiSU a partir desta segunda-feira - Aconteceu no Vale","robots":{"index":"index","follow":"follow","max-snippet":"max-snippet:-1","max-image-preview":"max-image-preview:large","max-video-preview":"max-video-preview:-1"},"canonical":"https:\/\/aconteceunovale.com.br\/portal\/?p=87993","og_locale":"pt_BR","og_type":"article","og_title":"Estudantes podem se inscrever no SiSU a partir desta segunda-feira - Aconteceu no Vale","og_description":"Come\u00e7am hoje (30) as inscri\u00e7\u00f5es para o Sistema de Sele\u00e7\u00e3o Unificada (Sisu). Nesta edi\u00e7\u00e3o, s\u00e3o ofertadas 56.422 vagas em 65 institui\u00e7\u00f5es p\u00fablicas de ensino superior para o segundo semestre deste ano. As inscri\u00e7\u00f5es s\u00e3o feitas pela internet, no\u00a0site\u00a0do Sisu. Podem participar os estudantes que fizeram o Exame Nacional do Ensino M\u00e9dio (Enem) de 2015 e [&hellip;]","og_url":"https:\/\/aconteceunovale.com.br\/portal\/?p=87993","og_site_name":"Aconteceu no Vale","article_publisher":"https:\/\/www.facebook.com\/aconteceunovale\/","article_published_time":"2016-05-30T13:15:21+00:00","og_image":[{"width":580,"height":388,"url":"https:\/\/aconteceunovale.com.br\/portal\/wp-content\/uploads\/2016\/01\/nota_corte_sisu.jpg","type":"image\/jpeg"}],"author":"Aconteceu no Vale","twitter_card":"summary_large_image","twitter_creator":"@noticiadosvales","twitter_site":"@noticiadosvales","twitter_misc":{"Escrito por":"Aconteceu no Vale","Est. tempo de leitura":"1 minuto"},"schema":{"@context":"https:\/\/schema.org","@graph":[{"@type":"Article","@id":"https:\/\/aconteceunovale.com.br\/portal\/?p=87993#article","isPartOf":{"@id":"https:\/\/aconteceunovale.com.br\/portal\/?p=87993"},"author":{"name":"Aconteceu no Vale","@id":"https:\/\/aconteceunovale.com.br\/portal\/#\/schema\/person\/633529146f2c94272bef50ac2953d589"},"headline":"Estudantes podem se inscrever no SiSU a partir desta segunda-feira","datePublished":"2016-05-30T13:15:21+00:00","mainEntityOfPage":{"@id":"https:\/\/aconteceunovale.com.br\/portal\/?p=87993"},"wordCount":281,"commentCount":0,"image":{"@id":"https:\/\/aconteceunovale.com.br\/portal\/?p=87993#primaryimage"},"thumbnailUrl":"https:\/\/aconteceunovale.com.br\/portal\/wp-content\/uploads\/2016\/01\/nota_corte_sisu.jpg","keywords":["Enem","Enem 2015","ensino superior p\u00fablico","Estudantes podem se inscrever no SiSU a partir desta segunda-feira","Sisu","SiSU 2016","Sisu segundo semestre 2016"],"articleSection":["Brasil","Educa\u00e7\u00e3o"],"inLanguage":"pt-BR","potentialAction":[{"@type":"CommentAction","name":"Comment","target":["https:\/\/aconteceunovale.com.br\/portal\/?p=87993#respond"]}]},{"@type":"WebPage","@id":"https:\/\/aconteceunovale.com.br\/portal\/?p=87993","url":"https:\/\/aconteceunovale.com.br\/portal\/?p=87993","name":"Estudantes podem se inscrever no SiSU a partir desta segunda-feira - Aconteceu no Vale","isPartOf":{"@id":"https:\/\/aconteceunovale.com.br\/portal\/#website"},"primaryImageOfPage":{"@id":"https:\/\/aconteceunovale.com.br\/portal\/?p=87993#primaryimage"},"image":{"@id":"https:\/\/aconteceunovale.com.br\/portal\/?p=87993#primaryimage"},"thumbnailUrl":"https:\/\/aconteceunovale.com.br\/portal\/wp-content\/uploads\/2016\/01\/nota_corte_sisu.jpg","datePublished":"2016-05-30T13:15:21+00:00","author":{"@id":"https:\/\/aconteceunovale.com.br\/portal\/#\/schema\/person\/633529146f2c94272bef50ac2953d589"},"breadcrumb":{"@id":"https:\/\/aconteceunovale.com.br\/portal\/?p=87993#breadcrumb"},"inLanguage":"pt-BR","potentialAction":[{"@type":"ReadAction","target":["https:\/\/aconteceunovale.com.br\/portal\/?p=87993"]}]},{"@type":"ImageObject","inLanguage":"pt-BR","@id":"https:\/\/aconteceunovale.com.br\/portal\/?p=87993#primaryimage","url":"https:\/\/aconteceunovale.com.br\/portal\/wp-content\/uploads\/2016\/01\/nota_corte_sisu.jpg","contentUrl":"https:\/\/aconteceunovale.com.br\/portal\/wp-content\/uploads\/2016\/01\/nota_corte_sisu.jpg","width":580,"height":388},{"@type":"BreadcrumbList","@id":"https:\/\/aconteceunovale.com.br\/portal\/?p=87993#breadcrumb","itemListElement":[{"@type":"ListItem","position":1,"name":"In\u00edcio","item":"https:\/\/aconteceunovale.com.br\/portal\/"},{"@type":"ListItem","position":2,"name":"Estudantes podem se inscrever no SiSU a partir desta segunda-feira"}]},{"@type":"WebSite","@id":"https:\/\/aconteceunovale.com.br\/portal\/#website","url":"https:\/\/aconteceunovale.com.br\/portal\/","name":"Aconteceu no Vale","description":"Portal de Not\u00edcias","potentialAction":[{"@type":"SearchAction","target":{"@type":"EntryPoint","urlTemplate":"https:\/\/aconteceunovale.com.br\/portal\/?s={search_term_string}"},"query-input":{"@type":"PropertyValueSpecification","valueRequired":true,"valueName":"search_term_string"}}],"inLanguage":"pt-BR"},{"@type":"Person","@id":"https:\/\/aconteceunovale.com.br\/portal\/#\/schema\/person\/633529146f2c94272bef50ac2953d589","name":"Aconteceu no Vale","description":"Equipe de reportagem do Aconteceu no Vale, portal de not\u00edcias do Vale do Jequitinhonha, em Minas Gerais. Cobrimos as 51 cidades do Vale desde 2013. Sugest\u00f5es de pauta e pedidos de corre\u00e7\u00e3o: contato@aconteceunovale.com.br","sameAs":["http:\/\/www.aconteceunovale.com.br"],"url":"https:\/\/aconteceunovale.com.br\/portal\/?author=1"}]}},"_links":{"self":[{"href":"https:\/\/aconteceunovale.com.br\/portal\/index.php?rest_route=\/wp\/v2\/posts\/87993","targetHints":{"allow":["GET"]}}],"collection":[{"href":"https:\/\/aconteceunovale.com.br\/portal\/index.php?rest_route=\/wp\/v2\/posts"}],"about":[{"href":"https:\/\/aconteceunovale.com.br\/portal\/index.php?rest_route=\/wp\/v2\/types\/post"}],"author":[{"embeddable":true,"href":"https:\/\/aconteceunovale.com.br\/portal\/index.php?rest_route=\/wp\/v2\/users\/1"}],"replies":[{"embeddable":true,"href":"https:\/\/aconteceunovale.com.br\/portal\/index.php?rest_route=%2Fwp%2Fv2%2Fcomments&post=87993"}],"version-history":[{"count":0,"href":"https:\/\/aconteceunovale.com.br\/portal\/index.php?rest_route=\/wp\/v2\/posts\/87993\/revisions"}],"wp:featuredmedia":[{"embeddable":true,"href":"https:\/\/aconteceunovale.com.br\/portal\/index.php?rest_route=\/wp\/v2\/media\/76547"}],"wp:attachment":[{"href":"https:\/\/aconteceunovale.com.br\/portal\/index.php?rest_route=%2Fwp%2Fv2%2Fmedia&parent=87993"}],"wp:term":[{"taxonomy":"category","embeddable":true,"href":"https:\/\/aconteceunovale.com.br\/portal\/index.php?rest_route=%2Fwp%2Fv2%2Fcategories&post=87993"},{"taxonomy":"post_tag","embeddable":true,"href":"https:\/\/aconteceunovale.com.br\/portal\/index.php?rest_route=%2Fwp%2Fv2%2Ftags&post=87993"}],"curies":[{"name":"wp","href":"https:\/\/api.w.org\/{rel}","templated":true}]}}