{"id":87991,"date":"2016-05-30T10:13:29","date_gmt":"2016-05-30T13:13:29","guid":{"rendered":"http:\/\/aconteceunovale.com.br\/portal\/?p=87991"},"modified":"2016-05-30T10:13:29","modified_gmt":"2016-05-30T13:13:29","slug":"advogada-confirma-saida-do-caso-de-adolescente-estuprada-no-rio","status":"publish","type":"post","link":"https:\/\/aconteceunovale.com.br\/portal\/?p=87991","title":{"rendered":"Advogada confirma sa\u00edda do caso de adolescente estuprada no Rio"},"content":{"rendered":"<p>A advogada Eloisa Samy confirmou, na noite deste domingo (29), que deixou o caso da adolescente de 16 anos, que teria sido estuprada por mais de 30 homens, h\u00e1 uma semana, em uma comunidade da zona oeste do Rio de Janeiro.<\/p>\n<p>Em liga\u00e7\u00e3o telef\u00f4nica, a advogada disse que deixou a defesa a pedido da av\u00f3 da jovem. Segundo Eloisa, a av\u00f3 da adolescente agradeceu sua dedica\u00e7\u00e3o no caso, mas ressaltou que, a partir de agora, o caso est\u00e1 aos cuidados da Secretaria de Direitos Humanos do estado.<\/p>\n<p>&#8220;Estou aliviada. Na verdade, eu n\u00e3o imaginava que a den\u00fancia tivesse esse alcance todo. E eu n\u00e3o tenho pernas para isso. Sou aut\u00f4noma, n\u00e3o tenho um grande escrit\u00f3rio por tr\u00e1s de mim e fa\u00e7o isso pela milit\u00e2ncia feminina mesmo&#8221;, afirmou Eloisa.<\/p>\n<p>A advogada destacou que, s\u00f3 neste ano, J\u00e1 atendeu mais de 30 mulheres em situa\u00e7\u00e3o semelhante \u00e0 da adolescente, sem que nada aparecesse na imprensa. &#8220;Estou surpresa com essa repercuss\u00e3o toda&#8221;, disse a advogada.<\/p>\n<p><strong>Investiga\u00e7\u00e3o<\/strong><\/p>\n<p>A Pol\u00edcia Civil do Rio de Janeiro havia informado, em nota divulgada no in\u00edcio desta noite, que a delegada da Crian\u00e7a e do Adolescente, Cristiana Bento, assumiu a investiga\u00e7\u00e3o do caso. Segundo a nota, a medida visa \u201cevidenciar o car\u00e1ter protetivo \u00e0 menor v\u00edtima na condu\u00e7\u00e3o da investiga\u00e7\u00e3o, bem como afastar futuros questionamentos de parcialidade no trabalho\u201d. A decis\u00e3o foi tomada depois de cr\u00edticas \u00e0 conduta do delegado Alessandro Thiers, da Delegacia de Repress\u00e3o aos Crimes de Inform\u00e1tica.<\/p>\n<p>Com a decis\u00e3o da Pol\u00edcia Civil, as investiga\u00e7\u00f5es sobre o estupro ser\u00e3o desmembradas como queriam a advogada Eloisa Samy. O delegado Alessandro Thiers cuidar\u00e1 das investiga\u00e7\u00f5es relativas ao vazamento do v\u00eddeo divulgado na internet, detalhando o estupro da jovem por 33 homens da favela do Morro S\u00e3o Jos\u00e9 Oper\u00e1rio.<\/p>\n<p>No in\u00edcio da manh\u00e3, sob o t\u00edtulo de Vit\u00f3ria das Mulheres, uma das advogadas da adolescente, Eloisa chegou a comemorar a troca da coordena\u00e7\u00e3o das investiga\u00e7\u00f5es na internet. \u201cO delegado Alessandro Thiers n\u00e3o \u00e9 mais o encarregado da investiga\u00e7\u00e3o do estupro coletivo&#8221;, escreveu a advogada em uma rede social. No entanto, essa  informa\u00e7\u00e3o foi desmentida no in\u00edcio da tarde pelo Tribunal de Justi\u00e7a do Rio. (Ag\u00eancia Brasil)<\/p>\n","protected":false},"excerpt":{"rendered":"<p>A advogada Eloisa Samy confirmou, na noite deste domingo (29), que deixou o caso da adolescente de 16 anos, que teria sido estuprada por mais de 30 homens, h\u00e1 uma semana, em uma comunidade da zona oeste do Rio de Janeiro. Em liga\u00e7\u00e3o telef\u00f4nica, a advogada disse que deixou a defesa a pedido da av\u00f3 [&hellip;]<\/p>\n","protected":false},"author":1,"featured_media":87942,"comment_status":"open","ping_status":"closed","sticky":false,"template":"","format":"standard","meta":{"amp_status":"","footnotes":""},"categories":[6],"tags":[73567,96534,96652,96538,96536,96537,96426,96429,96422,96418,96416,96510,96420,96421,96424,96419,77698,96539,96511,96417,1104,36712,96423],"class_list":["post-87991","post","type-post","status-publish","format-standard","has-post-thumbnail","hentry","category-br","tag-adolescente","tag-advogada","tag-advogada-confirma-saida-do-caso-de-adolescente-estuprada-no-rio","tag-delegado-afastado-do-caso","tag-delegado-nao-e-mais-responsavel-por-investigar-estupro-coletivo","tag-diz-tj-rj","tag-estuprada-por-33-homens-no-rio-de-janeiro","tag-estupro-coletivo","tag-estupro-coletivo-jacarepagua","tag-estupro-coletivo-no-morro-sao-jose-operario","tag-estupro-coletivo-no-rio-de-janeiro","tag-estupro-coletivo-no-rj","tag-estupro-coletivo-rio-de-janeiro","tag-estupro-coletivo-rj","tag-estupro-coletivo-zona-oeste-do-rio-de-janeiro","tag-estupro-no-rio-de-janeiro","tag-jacarepagua","tag-jovem","tag-jovem-estuprada-por-33-homens-no-rio-de-janeiro","tag-morro-sao-jose-operario","tag-rio-de-janeiro","tag-violencia-contra-a-mulher","tag-zona-oeste-do-rio-de-janeiro"],"_links":{"self":[{"href":"https:\/\/aconteceunovale.com.br\/portal\/index.php?rest_route=\/wp\/v2\/posts\/87991","targetHints":{"allow":["GET"]}}],"collection":[{"href":"https:\/\/aconteceunovale.com.br\/portal\/index.php?rest_route=\/wp\/v2\/posts"}],"about":[{"href":"https:\/\/aconteceunovale.com.br\/portal\/index.php?rest_route=\/wp\/v2\/types\/post"}],"author":[{"embeddable":true,"href":"https:\/\/aconteceunovale.com.br\/portal\/index.php?rest_route=\/wp\/v2\/users\/1"}],"replies":[{"embeddable":true,"href":"https:\/\/aconteceunovale.com.br\/portal\/index.php?rest_route=%2Fwp%2Fv2%2Fcomments&post=87991"}],"version-history":[{"count":0,"href":"https:\/\/aconteceunovale.com.br\/portal\/index.php?rest_route=\/wp\/v2\/posts\/87991\/revisions"}],"wp:featuredmedia":[{"embeddable":true,"href":"https:\/\/aconteceunovale.com.br\/portal\/index.php?rest_route=\/wp\/v2\/media\/87942"}],"wp:attachment":[{"href":"https:\/\/aconteceunovale.com.br\/portal\/index.php?rest_route=%2Fwp%2Fv2%2Fmedia&parent=87991"}],"wp:term":[{"taxonomy":"category","embeddable":true,"href":"https:\/\/aconteceunovale.com.br\/portal\/index.php?rest_route=%2Fwp%2Fv2%2Fcategories&post=87991"},{"taxonomy":"post_tag","embeddable":true,"href":"https:\/\/aconteceunovale.com.br\/portal\/index.php?rest_route=%2Fwp%2Fv2%2Ftags&post=87991"}],"curies":[{"name":"wp","href":"https:\/\/api.w.org\/{rel}","templated":true}]}}