{"id":87989,"date":"2016-05-30T10:12:33","date_gmt":"2016-05-30T13:12:33","guid":{"rendered":"http:\/\/aconteceunovale.com.br\/portal\/?p=87989"},"modified":"2016-05-30T10:12:33","modified_gmt":"2016-05-30T13:12:33","slug":"delegacia-da-crianca-assume-investigacao-de-estupro-coletivo-no-rio","status":"publish","type":"post","link":"https:\/\/aconteceunovale.com.br\/portal\/?p=87989","title":{"rendered":"Delegacia da Crian\u00e7a assume investiga\u00e7\u00e3o de estupro coletivo no Rio"},"content":{"rendered":"<p>A Pol\u00edcia Civil do Rio de Janeiro divulgou nota no in\u00edcio da noite deste domingo (29) informando que a titular da Delegacia da Crian\u00e7a e do Adolescente V\u00edtima, Cristiana Bento, assumiu a investiga\u00e7\u00e3o do estupro coletivo sofrido por uma adolescente de 16 anos, h\u00e1 uma semana, na zona oeste da capital fluminense.<\/p>\n<p>Segundo a nota, a medida visa \u201cevidenciar o car\u00e1ter protetivo \u00e0 menor v\u00edtima na condu\u00e7\u00e3o da investiga\u00e7\u00e3o, bem como afastar futuros questionamentos de parcialidade no trabalho\u201d. A decis\u00e3o foi tomada depois de cr\u00edticas \u00e0 conduta do delegado Alessandro Thiers, da Delegacia de Repress\u00e3o aos Crimes de Inform\u00e1tica.<\/p>\n<p>Segundo a nota, a delegada Cristiana Bento est\u00e1 analisando as provas colhidas at\u00e9 o momento, incluindo depoimentos e outras dilig\u00eancias feitas pela Pol\u00edcia Civil, \u201cpara definir os pr\u00f3ximos passos da investiga\u00e7\u00e3o\u201d.<\/p>\n<p>Com a decis\u00e3o da Pol\u00edcia Civil, as investiga\u00e7\u00f5es sobre o estupro ser\u00e3o desmembradas como queriam as advogadas da v\u00edtima. O delegado Alessandro Thiers cuidar\u00e1 das investiga\u00e7\u00f5es relativas ao vazamento do v\u00eddeo divulgado na internet, detalhando o estupro da jovem por 33 homens da favela do Morro S\u00e3o Jos\u00e9 Oper\u00e1rio.<\/p>\n<p>No in\u00edcio da manh\u00e3, sob o t\u00edtulo de Vit\u00f3ria das Mulheres, uma das advogadas da adolescente, Eloisa Samy, chegou a comemorar a troca da coordena\u00e7\u00e3o das investiga\u00e7\u00f5es na internet.<\/p>\n<p>\u201cO delegado Alessandro Thiers n\u00e3o \u00e9 mais o encarregado da investiga\u00e7\u00e3o do estupro coletivo&#8221;, escreveu a advogada em uma rede social.  Segundo Elo\u00edsa, a decis\u00e3o foi tomada pela ju\u00edza do plant\u00e3o noturno do Tribunal de Justi\u00e7a, que determinou o desmembramento do inqu\u00e9rito para que as investiga\u00e7\u00f5es sejam, daqui por diante, conduzidas pela Delegacia da Crian\u00e7a V\u00edtima.<\/p>\n<p>Tal informa\u00e7\u00e3o foi desmentida no in\u00edcio da tarde pelo Tribunal de Justi\u00e7a do Rio. O pedido da advogada para afastamento do delegado ser\u00e1 analisado nesta segunda-feira (30). (Ag\u00eancia Brasil)<\/p>\n","protected":false},"excerpt":{"rendered":"<p>A Pol\u00edcia Civil do Rio de Janeiro divulgou nota no in\u00edcio da noite deste domingo (29) informando que a titular da Delegacia da Crian\u00e7a e do Adolescente V\u00edtima, Cristiana Bento, assumiu a investiga\u00e7\u00e3o do estupro coletivo sofrido por uma adolescente de 16 anos, h\u00e1 uma semana, na zona oeste da capital fluminense. Segundo a nota, [&hellip;]<\/p>\n","protected":false},"author":1,"featured_media":39369,"comment_status":"open","ping_status":"closed","sticky":false,"template":"","format":"standard","meta":{"amp_status":"","footnotes":""},"categories":[6],"tags":[73567,96651,96650,96538,96536,96537,96426,96429,96422,96418,96416,96510,96420,96421,96424,96419,47659,77698,96539,96511,96417,1104,36712,96423],"class_list":["post-87989","post","type-post","status-publish","format-standard","has-post-thumbnail","hentry","category-br","tag-adolescente","tag-delegacia-da-crianca","tag-delegacia-da-crianca-assume-investigacao-de-estupro-coletivo-no-rio","tag-delegado-afastado-do-caso","tag-delegado-nao-e-mais-responsavel-por-investigar-estupro-coletivo","tag-diz-tj-rj","tag-estuprada-por-33-homens-no-rio-de-janeiro","tag-estupro-coletivo","tag-estupro-coletivo-jacarepagua","tag-estupro-coletivo-no-morro-sao-jose-operario","tag-estupro-coletivo-no-rio-de-janeiro","tag-estupro-coletivo-no-rj","tag-estupro-coletivo-rio-de-janeiro","tag-estupro-coletivo-rj","tag-estupro-coletivo-zona-oeste-do-rio-de-janeiro","tag-estupro-no-rio-de-janeiro","tag-investigacao","tag-jacarepagua","tag-jovem","tag-jovem-estuprada-por-33-homens-no-rio-de-janeiro","tag-morro-sao-jose-operario","tag-rio-de-janeiro","tag-violencia-contra-a-mulher","tag-zona-oeste-do-rio-de-janeiro"],"_links":{"self":[{"href":"https:\/\/aconteceunovale.com.br\/portal\/index.php?rest_route=\/wp\/v2\/posts\/87989","targetHints":{"allow":["GET"]}}],"collection":[{"href":"https:\/\/aconteceunovale.com.br\/portal\/index.php?rest_route=\/wp\/v2\/posts"}],"about":[{"href":"https:\/\/aconteceunovale.com.br\/portal\/index.php?rest_route=\/wp\/v2\/types\/post"}],"author":[{"embeddable":true,"href":"https:\/\/aconteceunovale.com.br\/portal\/index.php?rest_route=\/wp\/v2\/users\/1"}],"replies":[{"embeddable":true,"href":"https:\/\/aconteceunovale.com.br\/portal\/index.php?rest_route=%2Fwp%2Fv2%2Fcomments&post=87989"}],"version-history":[{"count":0,"href":"https:\/\/aconteceunovale.com.br\/portal\/index.php?rest_route=\/wp\/v2\/posts\/87989\/revisions"}],"wp:featuredmedia":[{"embeddable":true,"href":"https:\/\/aconteceunovale.com.br\/portal\/index.php?rest_route=\/wp\/v2\/media\/39369"}],"wp:attachment":[{"href":"https:\/\/aconteceunovale.com.br\/portal\/index.php?rest_route=%2Fwp%2Fv2%2Fmedia&parent=87989"}],"wp:term":[{"taxonomy":"category","embeddable":true,"href":"https:\/\/aconteceunovale.com.br\/portal\/index.php?rest_route=%2Fwp%2Fv2%2Fcategories&post=87989"},{"taxonomy":"post_tag","embeddable":true,"href":"https:\/\/aconteceunovale.com.br\/portal\/index.php?rest_route=%2Fwp%2Fv2%2Ftags&post=87989"}],"curies":[{"name":"wp","href":"https:\/\/api.w.org\/{rel}","templated":true}]}}