{"id":87987,"date":"2016-05-30T10:11:17","date_gmt":"2016-05-30T13:11:17","guid":{"rendered":"http:\/\/aconteceunovale.com.br\/portal\/?p=87987"},"modified":"2016-05-30T10:11:17","modified_gmt":"2016-05-30T13:11:17","slug":"tj-nega-afastamento-de-delegado-que-investiga-estupro-coletivo","status":"publish","type":"post","link":"https:\/\/aconteceunovale.com.br\/portal\/?p=87987","title":{"rendered":"TJ nega afastamento de delegado que investiga estupro coletivo"},"content":{"rendered":"<p>O Tribunal de Justi\u00e7a do Rio de Janeiro (TJ-RJ) negou ter determinado o afastamento do delegado Alessandro Thiers, da Delegacia de Repress\u00e3o a Crimes de Inform\u00e1tica, que est\u00e1 a frente das investiga\u00e7\u00f5es do caso envolvendo uma adolescente de 16 anos estuprada por 33 homens na favela do Morro S\u00e3o Jos\u00e9 Oper\u00e1rio, no Rio.<\/p>\n<p>Em nota, o tribunal informa que o Plant\u00e3o Judici\u00e1rio remeteu o pedido da advogada da v\u00edtima &#8211; solicitando o afastamento do delegado, para a Vara Criminal sob responsabilidade da ju\u00edza em exerc\u00edcio, Ang\u00e9lica dos Santos Costa. A ju\u00edza, por sua vez, determinou hoje (29), a distribui\u00e7\u00e3o do requerimento da advogada a uma vara criminal, \u201co que s\u00f3 dever\u00e1 ocorrer nesta segunda-feira\u201d.<\/p>\n<p>A informa\u00e7\u00e3o sobre o afastamento do delegado Thiers foi dada e comemorada em uma rede social por uma das duas advogadas da menor, Eloisa Samy Santiago. Em sua p\u00e1gina no Facebook, sob o t\u00edtulo Vit\u00f3ria das Mulheres, a advogada escreveu a not\u00edcia desmentida pelo tribunal.<\/p>\n<p>\u201cO Delegado Alessandro Thiers n\u00e3o \u00e9 mais o encarregado pela investiga\u00e7\u00e3o do estupro coletivo! A medida foi determinada pela ju\u00edza do plant\u00e3o noturno do Tribunal de Justi\u00e7a, a qual determinou o desmembramento do inqu\u00e9rito para que as investiga\u00e7\u00f5es sejam, daqui por diante, conduzidas pela Delegacia da Crian\u00e7a V\u00edtima\u201d, anunciou Eloisa Samy Santiago.<\/p>\n<p>Segundo a nota do TJ-RJ, consta a informa\u00e7\u00e3o que a Ang\u00e9lica dos Santos Costa, ao justificar a sua decis\u00e3o, alegou que \u201capenas uma pe\u00e7a do inqu\u00e9rito foi apresentada pela advogada da v\u00edtima ao Plant\u00e3o Judici\u00e1rio: um dos termos de declara\u00e7\u00e3o da v\u00edtima, o que impossibilita uma melhor avalia\u00e7\u00e3o de qualquer medida judicial a ser tomada em sede de plant\u00e3o noturno\u201d.<\/p>\n<p>\u201cRessalte-se que a \u00fanica pe\u00e7a acostada pela advogada foi o termo de declara\u00e7\u00e3o da menor prestado em sede policial no dia 27 de maio do corrente ano. Verificando a referida pe\u00e7a constato que se trata de um segundo termo de declara\u00e7\u00f5es onde a menor se nega a responder algumas perguntas da autoridade policial aconselhada pela patrona. Assim, n\u00e3o foi poss\u00edvel uma aferi\u00e7\u00e3o das medidas postuladas em sede deste plant\u00e3o, eis que n\u00e3o foi juntado, sequer, o termo de declara\u00e7\u00e3o inicial prestado pela v\u00edtima\u201d, relata a ju\u00edza.<\/p>\n<p>O processo que investiga o estupro da adolescente na zona oeste da cidade corre \u201cem segredo de justi\u00e7a\u201d, conclui a nota. O estupro coletivo da menor aconteceu h\u00e1 cerca de uma semana, mas o v\u00eddeo com o crime s\u00f3 foi divulgado na Internet, por um dos 33 homens que participaram da viol\u00eancia, na \u00faltima quarta-feira (25). (Ag\u00eancia Brasil)<\/p>\n","protected":false},"excerpt":{"rendered":"<p>O Tribunal de Justi\u00e7a do Rio de Janeiro (TJ-RJ) negou ter determinado o afastamento do delegado Alessandro Thiers, da Delegacia de Repress\u00e3o a Crimes de Inform\u00e1tica, que est\u00e1 a frente das investiga\u00e7\u00f5es do caso envolvendo uma adolescente de 16 anos estuprada por 33 homens na favela do Morro S\u00e3o Jos\u00e9 Oper\u00e1rio, no Rio. Em nota, [&hellip;]<\/p>\n","protected":false},"author":1,"featured_media":87925,"comment_status":"open","ping_status":"closed","sticky":false,"template":"","format":"standard","meta":{"amp_status":"","footnotes":""},"categories":[6],"tags":[96647,96648,96649,96426,96515,96429,96422,96418,96416,96510,96420,96421,96424,96419,77698,96539,96511,96417,1104,96646,36712,96423],"class_list":["post-87987","post","type-post","status-publish","format-standard","has-post-thumbnail","hentry","category-br","tag-alessandro-thiers","tag-angelica-dos-santos-costa","tag-eloisa-samy-santiago","tag-estuprada-por-33-homens-no-rio-de-janeiro","tag-estupro","tag-estupro-coletivo","tag-estupro-coletivo-jacarepagua","tag-estupro-coletivo-no-morro-sao-jose-operario","tag-estupro-coletivo-no-rio-de-janeiro","tag-estupro-coletivo-no-rj","tag-estupro-coletivo-rio-de-janeiro","tag-estupro-coletivo-rj","tag-estupro-coletivo-zona-oeste-do-rio-de-janeiro","tag-estupro-no-rio-de-janeiro","tag-jacarepagua","tag-jovem","tag-jovem-estuprada-por-33-homens-no-rio-de-janeiro","tag-morro-sao-jose-operario","tag-rio-de-janeiro","tag-tj-nega-afastamento-de-delegado-que-investiga-estupro-coletivo","tag-violencia-contra-a-mulher","tag-zona-oeste-do-rio-de-janeiro"],"_links":{"self":[{"href":"https:\/\/aconteceunovale.com.br\/portal\/index.php?rest_route=\/wp\/v2\/posts\/87987","targetHints":{"allow":["GET"]}}],"collection":[{"href":"https:\/\/aconteceunovale.com.br\/portal\/index.php?rest_route=\/wp\/v2\/posts"}],"about":[{"href":"https:\/\/aconteceunovale.com.br\/portal\/index.php?rest_route=\/wp\/v2\/types\/post"}],"author":[{"embeddable":true,"href":"https:\/\/aconteceunovale.com.br\/portal\/index.php?rest_route=\/wp\/v2\/users\/1"}],"replies":[{"embeddable":true,"href":"https:\/\/aconteceunovale.com.br\/portal\/index.php?rest_route=%2Fwp%2Fv2%2Fcomments&post=87987"}],"version-history":[{"count":0,"href":"https:\/\/aconteceunovale.com.br\/portal\/index.php?rest_route=\/wp\/v2\/posts\/87987\/revisions"}],"wp:featuredmedia":[{"embeddable":true,"href":"https:\/\/aconteceunovale.com.br\/portal\/index.php?rest_route=\/wp\/v2\/media\/87925"}],"wp:attachment":[{"href":"https:\/\/aconteceunovale.com.br\/portal\/index.php?rest_route=%2Fwp%2Fv2%2Fmedia&parent=87987"}],"wp:term":[{"taxonomy":"category","embeddable":true,"href":"https:\/\/aconteceunovale.com.br\/portal\/index.php?rest_route=%2Fwp%2Fv2%2Fcategories&post=87987"},{"taxonomy":"post_tag","embeddable":true,"href":"https:\/\/aconteceunovale.com.br\/portal\/index.php?rest_route=%2Fwp%2Fv2%2Ftags&post=87987"}],"curies":[{"name":"wp","href":"https:\/\/api.w.org\/{rel}","templated":true}]}}