{"id":87979,"date":"2016-05-29T17:59:30","date_gmt":"2016-05-29T20:59:30","guid":{"rendered":"http:\/\/aconteceunovale.com.br\/portal\/?p=87979"},"modified":"2016-05-29T17:59:30","modified_gmt":"2016-05-29T20:59:30","slug":"quatorze-orgaos-publicos-abrem-inscricoes-para-1-054-vagas-no-inicio-da-semana","status":"publish","type":"post","link":"https:\/\/aconteceunovale.com.br\/portal\/?p=87979","title":{"rendered":"Quatorze \u00f3rg\u00e3os p\u00fablicos abrem inscri\u00e7\u00f5es para 1.054 vagas no in\u00edcio da semana"},"content":{"rendered":"<p>Pelo menos 14 \u00f3rg\u00e3os abrem inscri\u00e7\u00f5es de concursos p\u00fablicos, na segunda (30\/5), ter\u00e7a (31\/5) e quarta-feira (01\/6), para um total de 1.054 vagas e forma\u00e7\u00e3o de cadastro de reserva em cargos de n\u00edveis fundamental, m\u00e9dio, t\u00e9cnico e superior. Os sal\u00e1rios chegam a R$ 10.204,56 na Prefeitura de Cerro Azul (PR). Somente na Prefeitura de S\u00e3o Jos\u00e9 da Coroa Grande (PE) s\u00e3o 182 vagas.<\/p>\n<p>Na modalidade de forma\u00e7\u00e3o de cadastro de reserva, os candidatos aprovados s\u00e3o chamados conforme a abertura de vagas durante a validade do concurso.<\/p>\n<h4><strong>Dia 30 de maio<\/strong><\/h4>\n<p><strong>Prefeitura de Nepomuceno (MG)<\/strong><br \/>\nA Prefeitura de Nepomuceno (MG) vai abrir processo seletivo para 10 vagas de agente combate \u00e0s endemias, que exige n\u00edvel m\u00e9dio de escolaridade. O sal\u00e1rio \u00e9 de R$ 1.014. As inscri\u00e7\u00f5es estar\u00e3o abertas de 30 de maio a 5 de junho pelo site www.reisauditores.com.br. Todos os candidatos ser\u00e3o avaliados por meio de prova objetiva. A sele\u00e7\u00e3o ter\u00e1 validade de 2 anos e poder\u00e1 ser prorrogada pelo mesmo per\u00edodo\u00a0<a href=\"http:\/\/www.reisauditores.com.br\/site\/?p=concurso_detalhes&amp;tipo=1&amp;situacao=1&amp;id=135\" target=\"_blank\">(veja o edital no site da organizadora)<\/a>.<\/p>\n<p><strong>C\u00e2mara Municipal de Jardim de Piranhas (RN)<\/strong><br \/>\nA C\u00e2mara Municipal de Jardim de Piranhas (RN) vai realizar um concurso p\u00fablico para 7 vagas em cargos de todos os n\u00edveis de escolaridade. As remunera\u00e7\u00f5es v\u00e3o de R$ 880 a R$ 1.200. Os candidatos podem se inscrever de 30 de maio a 24 de junho pelo site www.funvapi.com.br. A prova objetiva ser\u00e1 aplicada em 31 de julho\u00a0<a href=\"http:\/\/www.funvapi.com.br\/\" target=\"_blank\">(veja o edital no site da organizadora)<\/a>.<\/p>\n<p><strong>Funda\u00e7\u00e3o Integrada Municipal de Ensino Superior \u2013 Fimes<\/strong><br \/>\nA Funda\u00e7\u00e3o Integrada Municipal de Ensino Superior \u2013 Fimes, em Mineiros (GO), divulgou edital de concurso p\u00fablico para 27 vagas em cargos de todos os n\u00edveis de escolaridade. Os sal\u00e1rios n\u00e3o foram informados. As inscri\u00e7\u00f5es podem ser feitas de 30 de maio a 18 de junho pelo site www.fimes.edu.br. As provas objetivas est\u00e3o previstas para o dia 23 de junho\u00a0<a href=\"http:\/\/www.fimes.edu.br\/paginas\/concurso\/detalhe.php?id=46\" target=\"_blank\">(veja o edital no site da institui\u00e7\u00e3o)<\/a>.<\/p>\n<p><strong>Prefeitura de Afonso Cl\u00e1udio (ES)<\/strong><br \/>\nA Prefeitura de Afonso Cl\u00e1udio (ES) far\u00e1 processo seletivo para 6 vagas de n\u00edvel superior na Secretaria de Assist\u00eancia Social. O sal\u00e1rio \u00e9 de R$ 2.142,60. As inscri\u00e7\u00f5es podem ser feitas de 30 de maio a 1\u00ba de junho no sal\u00e3o de reuni\u00f5es da prefeitura, localizado na Pra\u00e7a da Independ\u00eancia, 341, das 7h30 \u00e0s 13h. A sele\u00e7\u00e3o ser\u00e1 feita por meio de an\u00e1lise curricular e de t\u00edtulos\u00a0<a href=\"http:\/\/www.afonsoclaudio.es.gov.br\/site\/index.php\/archives\/8457\" target=\"_blank\">(veja o edital no site da prefeitura)<\/a>.<\/p>\n<p><strong>Prefeitura de Cari\u00fas (CE)<\/strong><br \/>\nA Prefeitura de Cari\u00fas (CE) divulgou edital de processo seletivo para 2 vagas, sendo uma para agente comunit\u00e1rio (n\u00edvel fundamental) e outra para enfermeiro ESF (n\u00edvel superior). Os sal\u00e1rios chegam a R$ 3 mil. As inscri\u00e7\u00f5es podem ser feitas na secretaria municipal de sa\u00fade, de 30 de maio a 1\u00ba de junho. A sele\u00e7\u00e3o sera feita por meio de an\u00e1lise curricular\u00a0<a href=\"http:\/\/www.diariomunicipal.com.br\/aprece\/\" target=\"_blank\">(veja o edital no site do Di\u00e1rio Oficial dos Munic\u00edpios do Cear\u00e1 &#8211; edi\u00e7\u00e3o de 27 de maio)<\/a>.<\/p>\n<p><strong>Prefeitura de Nova Bandeirantes (MT)<\/strong><br \/>\nA Prefeitura de Nova Bandeirantes (MT) far\u00e1 concurso para 89 vagas em cargos de n\u00edveis fundamental, m\u00e9dio e superior, sendo 42 imediatas e 47 para forma\u00e7\u00e3o de cadastro de reserva. Os sal\u00e1rios v\u00e3o de R$ 880 a R$ 2.645. Os candidatos podem se inscrever de 30 de maio a 19 de junho pelo endere\u00e7o eletr\u00f4nico www.klcconcursos.com.br. A prova ser\u00e1 aplicada na data prov\u00e1vel de 10 de julho\u00a0<a href=\"http:\/\/www.diariomunicipal.com.br\/amm-mt\/\" target=\"_blank\">(veja o edital no site do Jornal Oficial dos Munic\u00edpios do Estado de Mato Grosso &#8211; edi\u00e7\u00e3o de 25 de maio)<\/a>.<\/p>\n<p><strong>Prefeitura de S\u00e3o Jos\u00e9 da Coroa Grande (PE)<\/strong><br \/>\nA Prefeitura de S\u00e3o Jos\u00e9 da Coroa Grande (PE) vai abrir concurso p\u00fablico para 182 vagas em cargos de n\u00edveis fundamental, m\u00e9dio\/ t\u00e9cnico e superior. As remunera\u00e7\u00f5es v\u00e3o de R$ 880 a R$ 8 mil. Os candidatos podem se inscrever pelo site www.idhtec.org.br de 30 de maio a 29 de junho. Todos os inscritos ser\u00e3o avaliados por meio de prova objetiva, prevista para o dia 24 de julho\u00a0<a href=\"http:\/\/www.idhtec.org.br\/detalhe_concurso.php?cod=27\" target=\"_blank\">(veja o edital no site da organizadora)<\/a>.<\/p>\n<p><strong>Prefeitura de Sobral (CE)<\/strong><br \/>\nA Prefeitura de Sobral (CE) vai abrir concurso p\u00fablico para 162 vagas para professores. O sal\u00e1rio \u00e9 de R$ 1.102,85 para jornada de 20 horas semanais. As inscri\u00e7\u00f5es devem ser feitas de 30 de maio a 17 de junho pelo site www.concursos.uvanet.br. A prova objetiva est\u00e1 prevista para o dia 17 de julho\u00a0<a href=\"http:\/\/admin.concursos.uvanet.br\/apps\/view\/acesso_inscricoes.php\" target=\"_blank\">(veja o edital no site da organizadora)<\/a>.<\/p>\n<p><strong>Prefeitura de Solon\u00f3pole (CE)<\/strong><br \/>\nA Prefeitura de Solon\u00f3pole (CE) far\u00e1 processo seletivo para 3 vagas e forma\u00e7\u00e3o de cadastro de reserva para o cargo de agente comunit\u00e1rio de sa\u00fade (n\u00edvel fundamental). O sal\u00e1rio \u00e9 de R$ 1.014. Os candidatos podem se inscrever de 30 de maio a 3 de junho na secretaria municipal de sa\u00fade, localizada na Rua Doutor Queiroz, 302, das 8h \u00e0s 12h. A prova ser\u00e1 aplicada na data prov\u00e1vel de 26 de junho\u00a0<a href=\"http:\/\/www.solonopole.ce.gov.br\/?pg=noticia&amp;id=298#.V0hSvnrcAeE\" target=\"_blank\">(veja o edital no site da prefeitura)<\/a>.<\/p>\n<p><strong>Universidade Federal do Amazonas (Ufam)<\/strong><br \/>\nA Universidade Federal do Amazonas (Ufam) divulgou dois editais de concursos p\u00fablicos para um total de 148 vagas em cargos de n\u00edveis fundamental, m\u00e9dio e superior. As remunera\u00e7\u00f5es variam de R$ 1.739,04 a R$ 3.666,54. Os candidatos podem se inscrever pelo site www.comvest.ufam.edu.br de 30 de maio a 16 de junho. As provas ser\u00e3o aplicadas na data prov\u00e1vel de 28 de agosto\u00a0<a href=\"http:\/\/www.comvest.ufam.edu.br\/\" target=\"_blank\">(veja os editais no site da Ufam)<\/a>.<\/p>\n<h4><strong>Dia 31 de maio<\/strong><\/h4>\n<p><strong>Prefeitura de Cerro Azul (PR)<\/strong><br \/>\nA Prefeitura de Cerro Azul (PR) divulgou edital de concurso p\u00fablico para 66 vagas em cargos de n\u00edveis m\u00e9dio e superior. Os sal\u00e1rios v\u00e3o de R$ 936,52 a R$ 10.204,56. Os candidatos podem se inscrever pelo site www.fauel.org.br de 31 de maio a 14 de junho. Todos os inscritos ser\u00e3o avaliados por meio de prova objetiva. Ainda haver\u00e1 avalia\u00e7\u00e3o de t\u00edtulos, de acordo com o cargo<a href=\"http:\/\/www.fauel.org.br\/paginaconcurso.php?concurso=f340f1b1f65b6df5b5e3f94d95b11daf\" target=\"_blank\">(veja o edital no site da organizadora)<\/a>.<\/p>\n<h4><strong>Dia 1\u00ba de junho<\/strong><\/h4>\n<p><strong>Marinha Mercante<\/strong><br \/>\nA Marinha Mercante abriu 230 vagas para Admiss\u00e3o \u00e0s Escolas de Forma\u00e7\u00e3o de Oficiais do Centro de Instru\u00e7\u00e3o Almirante Gra\u00e7a Aranha (Ciaga), no Rio de Janeiro, e do Centro de Instru\u00e7\u00e3o Almirante Braz de Aguiar (Ciaba), em Bel\u00e9m. As inscri\u00e7\u00f5es devem ser feitas de 1\u00ba a 30 de junho pelo site www.ciaga.mar.mil.br. O exame de conhecimentos ser\u00e1 nos dias 3 e 4 de setembro, \u00e0s 9h30\u00a0<a href=\"http:\/\/www.ciaga.mar.mil.br\/\" target=\"_blank\">(veja o edital no site da institui\u00e7\u00e3o)<\/a>.<\/p>\n<p><strong>Prefeitura de Aripuan\u00e3 (MT)<\/strong><br \/>\nA Prefeitura de Aripuan\u00e3 (MT) vai abrir processo seletivo para 19 vagas e forma\u00e7\u00e3o de cadastro de reserva em cargos de n\u00edvel m\u00e9dio. O sal\u00e1rio \u00e9 de R$ 1.595,48 para todos os cargos. As inscri\u00e7\u00f5es estar\u00e3o abertas de 1\u00ba a 7 de junho na secretaria municipal de sa\u00fade, localizada na Rua 12 de Julho, 103, m\u00f3dulo I, das 8h \u00e0s 12h. As provas objetivas ser\u00e3o aplicadas na data prov\u00e1vel de 19 de junho<a href=\"http:\/\/www.prefeituradearipuana.com.br\/noticia-ler.php?conteudo_id=512\" target=\"_blank\">(veja o edital no site da prefeitura)<\/a>.<\/p>\n<p><strong>Prefeitura de Diamante (PB)<\/strong><br \/>\nA Prefeitura de Diamante (PB) far\u00e1 concurso para 103 vagas em cargos de todos os n\u00edveis de escolaridade. As remunera\u00e7\u00f5es v\u00e3o de R$ 880,00 a R$ 1.601,72. As inscri\u00e7\u00f5es podem ser feitas de 1\u00ba de junho a 1\u00ba de julho pelo site www.educapb.com.br. Todos os candidatos ser\u00e3o avaliados por meio de prova objetiva. Ainda haver\u00e1 provas pr\u00e1tica e de t\u00edtulos, de acordo com o cargo\u00a0<a href=\"http:\/\/www.educapb.com.br\/\" target=\"_blank\">(veja o edital no site da organizadora)<\/a>.<\/p>\n<p><em>(Fonte: G1 SP)<\/em><\/p>\n","protected":false},"excerpt":{"rendered":"<p>Pelo menos 14 \u00f3rg\u00e3os abrem inscri\u00e7\u00f5es de concursos p\u00fablicos, na segunda (30\/5), ter\u00e7a (31\/5) e quarta-feira (01\/6), para um total de 1.054 vagas e forma\u00e7\u00e3o de cadastro de reserva em cargos de n\u00edveis fundamental, m\u00e9dio, t\u00e9cnico e superior. Os sal\u00e1rios chegam a R$ 10.204,56 na Prefeitura de Cerro Azul (PR). Somente na Prefeitura de S\u00e3o [&hellip;]<\/p>\n","protected":false},"author":1,"featured_media":13951,"comment_status":"open","ping_status":"closed","sticky":false,"template":"","format":"standard","meta":{"amp_status":"","footnotes":""},"categories":[6,40237,40236,123],"tags":[96606,96631,96596,96609,96626,96598,96602,96600,96628,96605,96630,96608,96625,96632,96611,96613,96616,96618,96621,96623,96622,245,96593,91422,96594,96595,96634,96601,96599,96597,96627,96603,1639,96614,96604,96629,96607,96624,96633,96610,96612,96615,96617,96619,96635,30403,91034,96620,72601,72602],"class_list":["post-87979","post","type-post","status-publish","format-standard","has-post-thumbnail","hentry","category-br","category-concursos","category-empregos-2","category-gerais","tag-afonso-claudio","tag-aripuana","tag-camara-municipal-de-jardim-de-piranhas","tag-carius","tag-cerro-azul","tag-concurso-camara-municipal-de-jardim-de-piranhas","tag-concurso-fimes","tag-concurso-fundacao-integrada-municipal-de-ensino-superior","tag-concurso-marinha-mercante","tag-concurso-prefeitura-de-afonso-claudio","tag-concurso-prefeitura-de-aripuana","tag-concurso-prefeitura-de-carius","tag-concurso-prefeitura-de-cerro-azul","tag-concurso-prefeitura-de-diamante","tag-concurso-prefeitura-de-nepomuceno","tag-concurso-prefeitura-de-nova-bandeirantes","tag-concurso-prefeitura-de-sao-jose-da-coroa-grande","tag-concurso-prefeitura-de-sobral","tag-concurso-prefeitura-de-solonopole","tag-concurso-ufam","tag-concurso-universidade-federal-do-amazonas","tag-concursos-publicos","tag-concursos-publicos-abertos","tag-concursos-publicos-com-inscricoes-abertas","tag-concursos-publicos-com-vagas-em-minas-gerais","tag-concursos-publicos-edital-aberto","tag-diamante","tag-fimes","tag-fundacao-integrada-municipal-de-ensino-superior","tag-jardim-de-piranhas","tag-marinha-mercante","tag-mineiros","tag-nepomuceno","tag-nova-bandeirantes","tag-prefeitura-de-afonso-claudio","tag-prefeitura-de-aripuana","tag-prefeitura-de-carius","tag-prefeitura-de-cerro-azul","tag-prefeitura-de-diamante","tag-prefeitura-de-nepomuceno","tag-prefeitura-de-nova-bandeirantes","tag-prefeitura-de-sao-jose-da-coroa-grande","tag-prefeitura-de-sobral","tag-prefeitura-de-solonopole","tag-quatorze-orgaos-publicos-abrem-inscricoes-para-1-054-vagas-no-inicio-da-semana","tag-sao-jose-da-coroa-grande","tag-sobral","tag-solonopole","tag-ufam","tag-universidade-federal-do-amazonas"],"_links":{"self":[{"href":"https:\/\/aconteceunovale.com.br\/portal\/index.php?rest_route=\/wp\/v2\/posts\/87979","targetHints":{"allow":["GET"]}}],"collection":[{"href":"https:\/\/aconteceunovale.com.br\/portal\/index.php?rest_route=\/wp\/v2\/posts"}],"about":[{"href":"https:\/\/aconteceunovale.com.br\/portal\/index.php?rest_route=\/wp\/v2\/types\/post"}],"author":[{"embeddable":true,"href":"https:\/\/aconteceunovale.com.br\/portal\/index.php?rest_route=\/wp\/v2\/users\/1"}],"replies":[{"embeddable":true,"href":"https:\/\/aconteceunovale.com.br\/portal\/index.php?rest_route=%2Fwp%2Fv2%2Fcomments&post=87979"}],"version-history":[{"count":0,"href":"https:\/\/aconteceunovale.com.br\/portal\/index.php?rest_route=\/wp\/v2\/posts\/87979\/revisions"}],"wp:featuredmedia":[{"embeddable":true,"href":"https:\/\/aconteceunovale.com.br\/portal\/index.php?rest_route=\/wp\/v2\/media\/13951"}],"wp:attachment":[{"href":"https:\/\/aconteceunovale.com.br\/portal\/index.php?rest_route=%2Fwp%2Fv2%2Fmedia&parent=87979"}],"wp:term":[{"taxonomy":"category","embeddable":true,"href":"https:\/\/aconteceunovale.com.br\/portal\/index.php?rest_route=%2Fwp%2Fv2%2Fcategories&post=87979"},{"taxonomy":"post_tag","embeddable":true,"href":"https:\/\/aconteceunovale.com.br\/portal\/index.php?rest_route=%2Fwp%2Fv2%2Ftags&post=87979"}],"curies":[{"name":"wp","href":"https:\/\/api.w.org\/{rel}","templated":true}]}}