{"id":87973,"date":"2016-05-29T17:39:46","date_gmt":"2016-05-29T20:39:46","guid":{"rendered":"http:\/\/aconteceunovale.com.br\/portal\/?p=87973"},"modified":"2026-09-02T12:43:13","modified_gmt":"2026-09-02T15:43:13","slug":"incendio-destroi-casa-em-coronel-murta","status":"publish","type":"post","link":"https:\/\/aconteceunovale.com.br\/portal\/?p=87973","title":{"rendered":"Inc\u00eandio destr\u00f3i casa em Coronel Murta"},"content":{"rendered":"<p>Um inc\u00eandio destruiu uma resid\u00eancia na madrugada deste domingo, 29 de maio, em Coronel Murta, Vale do Jequitinhonha. A ocorr\u00eancia foi registrada pela Pol\u00edcia Militar (PM) por volta de meia-noite na Rua Pernambuco, bairro Maria da Gl\u00f3ria. De acordo com vizinhos, o fogo s\u00f3 foi controlado por volta das 3 horas da manh\u00e3.<\/p>\n<p>O fogo destruiu parte do telhado da casa de alvenaria, com cinco c\u00f4modos. Os m\u00f3veis, documentos e outros pertences pessoais do casal que morava no local tamb\u00e9m foram destru\u00eddos. N\u00e3o houve feridos.<\/p>\n<p>O propriet\u00e1rio do im\u00f3vel, o garimpeiro Geraldo Oliveira Costa, de 53 anos, afirma que o inc\u00eandio pode ser sido criminoso. \u201cQuem fez esta maldade, pulou o port\u00e3o de madeira dos fundos, soltou o cachorro, arrombou a porta da cozinha, e colocou fogo primeiro em um dos quartos e depois na sala. Em seguida, saiu pelo mesmo local que entrou\u201d, contou o garimpeiro.<\/p>\n<p>No momento do inc\u00eandio, Geraldo participava de uma festa em fam\u00edlia, fora da casa. Ele foi informado por um sobrinho, por volta das 23h30 que o im\u00f3vel estava pegando fogo.<\/p>\n<p>Populares informaram que n\u00e3o viram pessoas conhecidas, momentos antes do fato, no local do inc\u00eandio. \u201cN\u00e3o tenho inimigos, n\u00e3o devo e n\u00e3o tenho rixa com ningu\u00e9m. Nem eu, nem minha esposa\u201d, afirma Geraldo Oliveira.<\/p>\n<p>Poucas coisas restaram em meio aos escombros. \u201cEra fogo para todos os lados. A primeira coisa que fiz foi desligar o padr\u00e3o de energia. Retiramos a geladeira, o botij\u00e3o e o fog\u00e3o. O restante n\u00e3o foi poss\u00edvel salvar\u201d, disse Pedro Henrique Batista, 22 anos, sobrinho do casal.<\/p>\n<p>A a\u00e7\u00e3o r\u00e1pida de vizinhos impediu um preju\u00edzo maior. \u201cEm meio a tudo isso, encontrei uma B\u00edblia que n\u00e3o foi atingida. At\u00e9 a imagem de Nossa Senhora Aparecida que ficava na parede da sala, foi queimada\u201d, lamentou o garimpeiro.<\/p>\n<p>Desolado ele disse que vai seguir em frente e restaurar a casa com ajuda de \u201cDeus e dos amigos\u201d, finalizou Geraldo Oliveira.<\/p>\n<p>A motiva\u00e7\u00e3o e autoria do crime ainda s\u00e3o desconhecidas. A Pol\u00edcia Civil vai investigar o caso.<\/p>\n<p><img decoding=\"async\" src=\"http:\/\/aconteceunovale.com.br\/portal\/wp-content\/uploads\/2016\/05\/incendio_cm_1.jpg\" alt=\"\" \/><em>Inc\u00eandio aconteceu no bairro Maria da Gl\u00f3ria (Foto: Gazeta de Ara\u00e7ua\u00ed)<\/em><br \/>\n<\/br><\/p>\n<p><img decoding=\"async\" src=\"http:\/\/aconteceunovale.com.br\/portal\/wp-content\/uploads\/2016\/05\/incendio_cm_2.jpg\" alt=\"\" \/><em>Vizinhos impediram preju\u00edzo maior (Foto: Gazeta de Ara\u00e7ua\u00ed)<\/em><br \/>\n<\/br><\/p>\n<p><img decoding=\"async\" src=\"http:\/\/aconteceunovale.com.br\/portal\/wp-content\/uploads\/2016\/05\/incendio_cm_3.jpg\" alt=\"\" \/><em>Vizinhos impediram preju\u00edzo maior (Foto: Gazeta de Ara\u00e7ua\u00ed)<\/em><br \/>\n<\/br><\/p>\n<p><img decoding=\"async\" src=\"http:\/\/aconteceunovale.com.br\/portal\/wp-content\/uploads\/2016\/05\/incendio_cm_4.jpg\" alt=\"\" \/><em>Em meio aos destro\u00e7os, garimpeiro encontrou uma B\u00edblia (Foto: Gazeta de Ara\u00e7ua\u00ed)<\/em><br \/>\n<\/br><\/p>\n<p><em>(Fonte: Gazeta de Ara\u00e7ua\u00ed)<\/em><\/p>\n","protected":false},"excerpt":{"rendered":"<p>Um inc\u00eandio destruiu uma resid\u00eancia na madrugada deste domingo, 29 de maio, em Coronel Murta, Vale do Jequitinhonha. A ocorr\u00eancia foi registrada pela Pol\u00edcia Militar (PM) por volta de meia-noite na Rua Pernambuco, bairro Maria da Gl\u00f3ria. De acordo com vizinhos, o fogo s\u00f3 foi controlado por volta das 3 horas da manh\u00e3. O fogo [&hellip;]<\/p>\n","protected":false},"author":1,"featured_media":87974,"comment_status":"open","ping_status":"closed","sticky":false,"template":"","format":"standard","meta":{"amp_status":"","footnotes":""},"categories":[272540,120],"tags":[483,96592,96590,96591],"class_list":["post-87973","post","type-post","status-publish","format-standard","has-post-thumbnail","hentry","category-coronel-murta","category-jequi","tag-coronel-murta","tag-geraldo-oliveira-costa","tag-incendio-destroi-casa-em-coronel-murta","tag-incendio-em-coronel-murta"],"yoast_head":"<!-- This site is optimized with the Yoast SEO plugin v28.3 - https:\/\/yoast.com\/product\/yoast-seo-wordpress\/ -->\n<title>Inc\u00eandio destr\u00f3i casa em Coronel Murta - Aconteceu no Vale<\/title>\n<meta name=\"robots\" content=\"index, follow, max-snippet:-1, max-image-preview:large, max-video-preview:-1\" \/>\n<link rel=\"canonical\" href=\"https:\/\/aconteceunovale.com.br\/portal\/?p=87973\" \/>\n<meta property=\"og:locale\" content=\"pt_BR\" \/>\n<meta property=\"og:type\" content=\"article\" \/>\n<meta property=\"og:title\" content=\"Inc\u00eandio destr\u00f3i casa em Coronel Murta - Aconteceu no Vale\" \/>\n<meta property=\"og:description\" content=\"Um inc\u00eandio destruiu uma resid\u00eancia na madrugada deste domingo, 29 de maio, em Coronel Murta, Vale do Jequitinhonha. A ocorr\u00eancia foi registrada pela Pol\u00edcia Militar (PM) por volta de meia-noite na Rua Pernambuco, bairro Maria da Gl\u00f3ria. De acordo com vizinhos, o fogo s\u00f3 foi controlado por volta das 3 horas da manh\u00e3. O fogo [&hellip;]\" \/>\n<meta property=\"og:url\" content=\"https:\/\/aconteceunovale.com.br\/portal\/?p=87973\" \/>\n<meta property=\"og:site_name\" content=\"Aconteceu no Vale\" \/>\n<meta property=\"article:publisher\" content=\"https:\/\/www.facebook.com\/aconteceunovale\/\" \/>\n<meta property=\"article:published_time\" content=\"2016-05-29T20:39:46+00:00\" \/>\n<meta property=\"article:modified_time\" content=\"2026-09-02T15:43:13+00:00\" \/>\n<meta property=\"og:image\" content=\"https:\/\/aconteceunovale.com.br\/portal\/wp-content\/uploads\/2016\/05\/incendio_cm_1.jpg\" \/>\n\t<meta property=\"og:image:width\" content=\"640\" \/>\n\t<meta property=\"og:image:height\" content=\"393\" \/>\n\t<meta property=\"og:image:type\" content=\"image\/jpeg\" \/>\n<meta name=\"author\" content=\"Aconteceu no Vale\" \/>\n<meta name=\"twitter:card\" content=\"summary_large_image\" \/>\n<meta name=\"twitter:creator\" content=\"@noticiadosvales\" \/>\n<meta name=\"twitter:site\" content=\"@noticiadosvales\" \/>\n<meta name=\"twitter:label1\" content=\"Escrito por\" \/>\n\t<meta name=\"twitter:data1\" content=\"Aconteceu no Vale\" \/>\n\t<meta name=\"twitter:label2\" content=\"Est. tempo de leitura\" \/>\n\t<meta name=\"twitter:data2\" content=\"2 minutos\" \/>\n<script type=\"application\/ld+json\" class=\"yoast-schema-graph\">{\"@context\":\"https:\\\/\\\/schema.org\",\"@graph\":[{\"@type\":\"Article\",\"@id\":\"https:\\\/\\\/aconteceunovale.com.br\\\/portal\\\/?p=87973#article\",\"isPartOf\":{\"@id\":\"https:\\\/\\\/aconteceunovale.com.br\\\/portal\\\/?p=87973\"},\"author\":{\"name\":\"Aconteceu no Vale\",\"@id\":\"https:\\\/\\\/aconteceunovale.com.br\\\/portal\\\/#\\\/schema\\\/person\\\/633529146f2c94272bef50ac2953d589\"},\"headline\":\"Inc\u00eandio destr\u00f3i casa em Coronel Murta\",\"datePublished\":\"2016-05-29T20:39:46+00:00\",\"dateModified\":\"2026-09-02T15:43:13+00:00\",\"mainEntityOfPage\":{\"@id\":\"https:\\\/\\\/aconteceunovale.com.br\\\/portal\\\/?p=87973\"},\"wordCount\":429,\"commentCount\":0,\"image\":{\"@id\":\"https:\\\/\\\/aconteceunovale.com.br\\\/portal\\\/?p=87973#primaryimage\"},\"thumbnailUrl\":\"https:\\\/\\\/aconteceunovale.com.br\\\/portal\\\/wp-content\\\/uploads\\\/2016\\\/05\\\/incendio_cm_1.jpg\",\"keywords\":[\"Coronel Murta\",\"Geraldo Oliveira Costa\",\"Inc\u00eandio destr\u00f3i casa em Coronel Murta\",\"Inc\u00eandio em Coronel Murta\"],\"articleSection\":[\"Coronel Murta\",\"Vale do Jequitinhonha\"],\"inLanguage\":\"pt-BR\",\"potentialAction\":[{\"@type\":\"CommentAction\",\"name\":\"Comment\",\"target\":[\"https:\\\/\\\/aconteceunovale.com.br\\\/portal\\\/?p=87973#respond\"]}]},{\"@type\":\"WebPage\",\"@id\":\"https:\\\/\\\/aconteceunovale.com.br\\\/portal\\\/?p=87973\",\"url\":\"https:\\\/\\\/aconteceunovale.com.br\\\/portal\\\/?p=87973\",\"name\":\"Inc\u00eandio destr\u00f3i casa em Coronel Murta - Aconteceu no Vale\",\"isPartOf\":{\"@id\":\"https:\\\/\\\/aconteceunovale.com.br\\\/portal\\\/#website\"},\"primaryImageOfPage\":{\"@id\":\"https:\\\/\\\/aconteceunovale.com.br\\\/portal\\\/?p=87973#primaryimage\"},\"image\":{\"@id\":\"https:\\\/\\\/aconteceunovale.com.br\\\/portal\\\/?p=87973#primaryimage\"},\"thumbnailUrl\":\"https:\\\/\\\/aconteceunovale.com.br\\\/portal\\\/wp-content\\\/uploads\\\/2016\\\/05\\\/incendio_cm_1.jpg\",\"datePublished\":\"2016-05-29T20:39:46+00:00\",\"dateModified\":\"2026-09-02T15:43:13+00:00\",\"author\":{\"@id\":\"https:\\\/\\\/aconteceunovale.com.br\\\/portal\\\/#\\\/schema\\\/person\\\/633529146f2c94272bef50ac2953d589\"},\"breadcrumb\":{\"@id\":\"https:\\\/\\\/aconteceunovale.com.br\\\/portal\\\/?p=87973#breadcrumb\"},\"inLanguage\":\"pt-BR\",\"potentialAction\":[{\"@type\":\"ReadAction\",\"target\":[\"https:\\\/\\\/aconteceunovale.com.br\\\/portal\\\/?p=87973\"]}]},{\"@type\":\"ImageObject\",\"inLanguage\":\"pt-BR\",\"@id\":\"https:\\\/\\\/aconteceunovale.com.br\\\/portal\\\/?p=87973#primaryimage\",\"url\":\"https:\\\/\\\/aconteceunovale.com.br\\\/portal\\\/wp-content\\\/uploads\\\/2016\\\/05\\\/incendio_cm_1.jpg\",\"contentUrl\":\"https:\\\/\\\/aconteceunovale.com.br\\\/portal\\\/wp-content\\\/uploads\\\/2016\\\/05\\\/incendio_cm_1.jpg\",\"width\":640,\"height\":393},{\"@type\":\"BreadcrumbList\",\"@id\":\"https:\\\/\\\/aconteceunovale.com.br\\\/portal\\\/?p=87973#breadcrumb\",\"itemListElement\":[{\"@type\":\"ListItem\",\"position\":1,\"name\":\"In\u00edcio\",\"item\":\"https:\\\/\\\/aconteceunovale.com.br\\\/portal\\\/\"},{\"@type\":\"ListItem\",\"position\":2,\"name\":\"Inc\u00eandio destr\u00f3i casa em Coronel Murta\"}]},{\"@type\":\"WebSite\",\"@id\":\"https:\\\/\\\/aconteceunovale.com.br\\\/portal\\\/#website\",\"url\":\"https:\\\/\\\/aconteceunovale.com.br\\\/portal\\\/\",\"name\":\"Aconteceu no Vale\",\"description\":\"Portal de Not\u00edcias\",\"potentialAction\":[{\"@type\":\"SearchAction\",\"target\":{\"@type\":\"EntryPoint\",\"urlTemplate\":\"https:\\\/\\\/aconteceunovale.com.br\\\/portal\\\/?s={search_term_string}\"},\"query-input\":{\"@type\":\"PropertyValueSpecification\",\"valueRequired\":true,\"valueName\":\"search_term_string\"}}],\"inLanguage\":\"pt-BR\"},{\"@type\":\"Person\",\"@id\":\"https:\\\/\\\/aconteceunovale.com.br\\\/portal\\\/#\\\/schema\\\/person\\\/633529146f2c94272bef50ac2953d589\",\"name\":\"Aconteceu no Vale\",\"description\":\"Equipe de reportagem do Aconteceu no Vale, portal de not\u00edcias do Vale do Jequitinhonha, em Minas Gerais. Cobrimos as 51 cidades do Vale desde 2013. Sugest\u00f5es de pauta e pedidos de corre\u00e7\u00e3o: contato@aconteceunovale.com.br\",\"sameAs\":[\"http:\\\/\\\/www.aconteceunovale.com.br\"],\"url\":\"https:\\\/\\\/aconteceunovale.com.br\\\/portal\\\/?author=1\"}]}<\/script>\n<!-- \/ Yoast SEO plugin. -->","yoast_head_json":{"title":"Inc\u00eandio destr\u00f3i casa em Coronel Murta - Aconteceu no Vale","robots":{"index":"index","follow":"follow","max-snippet":"max-snippet:-1","max-image-preview":"max-image-preview:large","max-video-preview":"max-video-preview:-1"},"canonical":"https:\/\/aconteceunovale.com.br\/portal\/?p=87973","og_locale":"pt_BR","og_type":"article","og_title":"Inc\u00eandio destr\u00f3i casa em Coronel Murta - Aconteceu no Vale","og_description":"Um inc\u00eandio destruiu uma resid\u00eancia na madrugada deste domingo, 29 de maio, em Coronel Murta, Vale do Jequitinhonha. A ocorr\u00eancia foi registrada pela Pol\u00edcia Militar (PM) por volta de meia-noite na Rua Pernambuco, bairro Maria da Gl\u00f3ria. De acordo com vizinhos, o fogo s\u00f3 foi controlado por volta das 3 horas da manh\u00e3. O fogo [&hellip;]","og_url":"https:\/\/aconteceunovale.com.br\/portal\/?p=87973","og_site_name":"Aconteceu no Vale","article_publisher":"https:\/\/www.facebook.com\/aconteceunovale\/","article_published_time":"2016-05-29T20:39:46+00:00","article_modified_time":"2026-09-02T15:43:13+00:00","og_image":[{"width":640,"height":393,"url":"https:\/\/aconteceunovale.com.br\/portal\/wp-content\/uploads\/2016\/05\/incendio_cm_1.jpg","type":"image\/jpeg"}],"author":"Aconteceu no Vale","twitter_card":"summary_large_image","twitter_creator":"@noticiadosvales","twitter_site":"@noticiadosvales","twitter_misc":{"Escrito por":"Aconteceu no Vale","Est. tempo de leitura":"2 minutos"},"schema":{"@context":"https:\/\/schema.org","@graph":[{"@type":"Article","@id":"https:\/\/aconteceunovale.com.br\/portal\/?p=87973#article","isPartOf":{"@id":"https:\/\/aconteceunovale.com.br\/portal\/?p=87973"},"author":{"name":"Aconteceu no Vale","@id":"https:\/\/aconteceunovale.com.br\/portal\/#\/schema\/person\/633529146f2c94272bef50ac2953d589"},"headline":"Inc\u00eandio destr\u00f3i casa em Coronel Murta","datePublished":"2016-05-29T20:39:46+00:00","dateModified":"2026-09-02T15:43:13+00:00","mainEntityOfPage":{"@id":"https:\/\/aconteceunovale.com.br\/portal\/?p=87973"},"wordCount":429,"commentCount":0,"image":{"@id":"https:\/\/aconteceunovale.com.br\/portal\/?p=87973#primaryimage"},"thumbnailUrl":"https:\/\/aconteceunovale.com.br\/portal\/wp-content\/uploads\/2016\/05\/incendio_cm_1.jpg","keywords":["Coronel Murta","Geraldo Oliveira Costa","Inc\u00eandio destr\u00f3i casa em Coronel Murta","Inc\u00eandio em Coronel Murta"],"articleSection":["Coronel Murta","Vale do Jequitinhonha"],"inLanguage":"pt-BR","potentialAction":[{"@type":"CommentAction","name":"Comment","target":["https:\/\/aconteceunovale.com.br\/portal\/?p=87973#respond"]}]},{"@type":"WebPage","@id":"https:\/\/aconteceunovale.com.br\/portal\/?p=87973","url":"https:\/\/aconteceunovale.com.br\/portal\/?p=87973","name":"Inc\u00eandio destr\u00f3i casa em Coronel Murta - Aconteceu no Vale","isPartOf":{"@id":"https:\/\/aconteceunovale.com.br\/portal\/#website"},"primaryImageOfPage":{"@id":"https:\/\/aconteceunovale.com.br\/portal\/?p=87973#primaryimage"},"image":{"@id":"https:\/\/aconteceunovale.com.br\/portal\/?p=87973#primaryimage"},"thumbnailUrl":"https:\/\/aconteceunovale.com.br\/portal\/wp-content\/uploads\/2016\/05\/incendio_cm_1.jpg","datePublished":"2016-05-29T20:39:46+00:00","dateModified":"2026-09-02T15:43:13+00:00","author":{"@id":"https:\/\/aconteceunovale.com.br\/portal\/#\/schema\/person\/633529146f2c94272bef50ac2953d589"},"breadcrumb":{"@id":"https:\/\/aconteceunovale.com.br\/portal\/?p=87973#breadcrumb"},"inLanguage":"pt-BR","potentialAction":[{"@type":"ReadAction","target":["https:\/\/aconteceunovale.com.br\/portal\/?p=87973"]}]},{"@type":"ImageObject","inLanguage":"pt-BR","@id":"https:\/\/aconteceunovale.com.br\/portal\/?p=87973#primaryimage","url":"https:\/\/aconteceunovale.com.br\/portal\/wp-content\/uploads\/2016\/05\/incendio_cm_1.jpg","contentUrl":"https:\/\/aconteceunovale.com.br\/portal\/wp-content\/uploads\/2016\/05\/incendio_cm_1.jpg","width":640,"height":393},{"@type":"BreadcrumbList","@id":"https:\/\/aconteceunovale.com.br\/portal\/?p=87973#breadcrumb","itemListElement":[{"@type":"ListItem","position":1,"name":"In\u00edcio","item":"https:\/\/aconteceunovale.com.br\/portal\/"},{"@type":"ListItem","position":2,"name":"Inc\u00eandio destr\u00f3i casa em Coronel Murta"}]},{"@type":"WebSite","@id":"https:\/\/aconteceunovale.com.br\/portal\/#website","url":"https:\/\/aconteceunovale.com.br\/portal\/","name":"Aconteceu no Vale","description":"Portal de Not\u00edcias","potentialAction":[{"@type":"SearchAction","target":{"@type":"EntryPoint","urlTemplate":"https:\/\/aconteceunovale.com.br\/portal\/?s={search_term_string}"},"query-input":{"@type":"PropertyValueSpecification","valueRequired":true,"valueName":"search_term_string"}}],"inLanguage":"pt-BR"},{"@type":"Person","@id":"https:\/\/aconteceunovale.com.br\/portal\/#\/schema\/person\/633529146f2c94272bef50ac2953d589","name":"Aconteceu no Vale","description":"Equipe de reportagem do Aconteceu no Vale, portal de not\u00edcias do Vale do Jequitinhonha, em Minas Gerais. Cobrimos as 51 cidades do Vale desde 2013. Sugest\u00f5es de pauta e pedidos de corre\u00e7\u00e3o: contato@aconteceunovale.com.br","sameAs":["http:\/\/www.aconteceunovale.com.br"],"url":"https:\/\/aconteceunovale.com.br\/portal\/?author=1"}]}},"_links":{"self":[{"href":"https:\/\/aconteceunovale.com.br\/portal\/index.php?rest_route=\/wp\/v2\/posts\/87973","targetHints":{"allow":["GET"]}}],"collection":[{"href":"https:\/\/aconteceunovale.com.br\/portal\/index.php?rest_route=\/wp\/v2\/posts"}],"about":[{"href":"https:\/\/aconteceunovale.com.br\/portal\/index.php?rest_route=\/wp\/v2\/types\/post"}],"author":[{"embeddable":true,"href":"https:\/\/aconteceunovale.com.br\/portal\/index.php?rest_route=\/wp\/v2\/users\/1"}],"replies":[{"embeddable":true,"href":"https:\/\/aconteceunovale.com.br\/portal\/index.php?rest_route=%2Fwp%2Fv2%2Fcomments&post=87973"}],"version-history":[{"count":1,"href":"https:\/\/aconteceunovale.com.br\/portal\/index.php?rest_route=\/wp\/v2\/posts\/87973\/revisions"}],"predecessor-version":[{"id":200238,"href":"https:\/\/aconteceunovale.com.br\/portal\/index.php?rest_route=\/wp\/v2\/posts\/87973\/revisions\/200238"}],"wp:featuredmedia":[{"embeddable":true,"href":"https:\/\/aconteceunovale.com.br\/portal\/index.php?rest_route=\/wp\/v2\/media\/87974"}],"wp:attachment":[{"href":"https:\/\/aconteceunovale.com.br\/portal\/index.php?rest_route=%2Fwp%2Fv2%2Fmedia&parent=87973"}],"wp:term":[{"taxonomy":"category","embeddable":true,"href":"https:\/\/aconteceunovale.com.br\/portal\/index.php?rest_route=%2Fwp%2Fv2%2Fcategories&post=87973"},{"taxonomy":"post_tag","embeddable":true,"href":"https:\/\/aconteceunovale.com.br\/portal\/index.php?rest_route=%2Fwp%2Fv2%2Ftags&post=87973"}],"curies":[{"name":"wp","href":"https:\/\/api.w.org\/{rel}","templated":true}]}}