{"id":87954,"date":"2016-05-29T15:44:49","date_gmt":"2016-05-29T18:44:49","guid":{"rendered":"http:\/\/aconteceunovale.com.br\/portal\/?p=87954"},"modified":"2016-05-29T15:44:49","modified_gmt":"2016-05-29T18:44:49","slug":"degradacao-ambiental-causa-12-milhoes-de-mortes-por-ano-alerta-onu","status":"publish","type":"post","link":"https:\/\/aconteceunovale.com.br\/portal\/?p=87954","title":{"rendered":"Degrada\u00e7\u00e3o ambiental causa 12 milh\u00f5es de mortes por ano, alerta ONU"},"content":{"rendered":"<p>Aproximadamente 23% de todas as mortes prematuras no mundo s\u00e3o causadas por problemas de degrada\u00e7\u00e3o ambiental, com n\u00famero estimado em 12,6 milh\u00f5es de mortes no ano de 2012. Os dados est\u00e3o no relat\u00f3rio\u00a0<em><a href=\"http:\/\/www.unep.org\/about\/sgb\/Portals\/50153\/K1602727%20INF%205%20Eng.pd\" target=\"_blank\">Meio Ambiente Saud\u00e1vel, Povo Saud\u00e1ve<\/a>l<\/em>\u00a0<em>(Healthy Environment, Healthy People<\/em>, em ingl\u00eas), lan\u00e7ado esta semana pelo Programa das Na\u00e7\u00f5es Unidas para o Meio Ambiente (Pnuma) durante a 2\u00aa Sess\u00e3o da Assembleia das Na\u00e7\u00f5es Unidas para o Meio Ambiente (Unea), em Nair\u00f3bi, no Qu\u00eania, que terminou hoje (27).<\/p>\n<p>O Pnuma ressalta que as diferen\u00e7as regionais dessas mortes s\u00e3o grandes, indo de 11% nos pa\u00edses europeus que integram a Organiza\u00e7\u00e3o para a Coopera\u00e7\u00e3o e Desenvolvimento Econ\u00f4mico e chegando a 28% no Sudeste Asi\u00e1tico. As principais causas evit\u00e1veis de morte que o Pnuma cita como ligadas ao ambiente s\u00e3o as doen\u00e7as diarreicas, les\u00f5es causadas por atividades de risco ou situa\u00e7\u00e3o de moradia insalubre, asma, mal\u00e1ria, les\u00f5es de tr\u00e2nsito, infec\u00e7\u00f5es respirat\u00f3rias, obstru\u00e7\u00e3o pulmonar cr\u00f4nica, doen\u00e7as cardiovasculares, c\u00e2nceres e doen\u00e7as m\u00fasculo-esquel\u00e9ticas causadas por estresses e posturas incorretas no trabalho e atividades dom\u00e9sticas.<\/p>\n<p><strong>Polui\u00e7\u00e3o do ar<\/strong><\/p>\n<p>A principal causa de morte por degrada\u00e7\u00e3o ambiental, segundo o Pnuma, \u00e9 a polui\u00e7\u00e3o do ar, respons\u00e1vel por 7 milh\u00f5es de falecimentos por ano. O professor Luiz Maia, do departamento de meteorologia da Universidade Federal do Rio de Janeiro (UFRJ), especialista em monitoramento da qualidade do ar, destaca que o problema \u00e9 considerado uma emerg\u00eancia de sa\u00fade global, no momento em que o sistema do Rio de Janeiro\u00a0est\u00e1 desligado.<\/p>\n<p>\u201cA gente precisa manter essa rede de monitoramento funcionado para gerar dados, haver estudos epidemiol\u00f3gicos. Por exemplo, a correla\u00e7\u00e3o, com a mortalidade \u00e9 pouco conhecida no Brasil. Estudos de problemas respirat\u00f3rios s\u00e3o feitos em todo o Brasil, mas mortalidade \u00e9 uma coisa mais restrita porque h\u00e1\u00a0 dificuldade da informa\u00e7\u00e3o. A qualidade da informa\u00e7\u00e3o de mortalidade n\u00e3o \u00e9 t\u00e3o satisfat\u00f3ria para se fazer uma intercompara\u00e7\u00e3o com os dados gerados de qualidade do ar\u201d.<\/p>\n<p>De acordo com ele, o monitoramento \u00e9 o primeiro passo para a gest\u00e3o do problema, onde ser\u00e3o identificadas as causas da polui\u00e7\u00e3o para, a partir da\u00ed, serem elaboradas pol\u00edticas p\u00fablicas de mitiga\u00e7\u00e3o. \u201cPrimeiro a gente precisa entender bem como funciona o problema de polui\u00e7\u00e3o do ar, para depois fazer como a Alemanha fez, que tinha uma rede enorme por todo o pa\u00eds. Eles mediram sistematicamente, constataram que determinados lugares n\u00e3o apresentavam determinados poluentes e otimizaram a rede, tirando de alguns lugares e levando para outros. Tudo o que est\u00e1 sendo medido \u00e9 espec\u00edfico de acordo com a necessidade de cada lugar\u201d.<\/p>\n<p>O professor alerta que a popula\u00e7\u00e3o em geral \u00e9 passiva quanto ao problema da polui\u00e7\u00e3o do ar e n\u00e3o percebe de imediato o mal que ela pode causar no m\u00e9dio ou longo prazo: \u201cFalta \u00e0 popula\u00e7\u00e3o a sensibilidade e a percep\u00e7\u00e3o de que est\u00e1 exposta a um ambiente insalubre. A gente vive normalmente, \u00e0s vezes o ar incomoda, irrita um pouquinho, irrita a pele, suja a roupa, d\u00e1 um desconforto, mas \u00e9 um indicativo de polui\u00e7\u00e3o. \u00c9 um efeito cumulativo e eu constatei em palestras que mais de 90% de todos os p\u00fablicos, de estudantes a doutores, n\u00e3o tem essa percep\u00e7\u00e3o. Ent\u00e3o fica complicado\u201d.<\/p>\n<p>Para Maia, o Brasil tamb\u00e9m precisa modernizar a sua legisla\u00e7\u00e3o no que diz respeito aos indicadores de polui\u00e7\u00e3o, j\u00e1 que a regulamenta\u00e7\u00e3o seguida no pa\u00eds \u00e9 de 1990 (<em>Resolu\u00e7\u00e3o Conama 03\/90<\/em>) e desde ent\u00e3o a Organiza\u00e7\u00e3o Mundial de Sa\u00fade (OMS) reviu para baixo os valores para considerar boa a qualidade do ar, com base em estudos epidemiol\u00f3gicos.<\/p>\n<p>\u201cAs refer\u00eancias que n\u00f3s temos aqui no Brasil s\u00e3o de uma m\u00e9dia de 150 microgramas por metro c\u00fabico para material particulado inal\u00e1vel em 24 horas. Mas a recomenda\u00e7\u00e3o de curto prazo da OMS j\u00e1 \u00e9 de 50 microgramas. Ent\u00e3o, os n\u00edveis s\u00e3o mais restritivos. Por isso, h\u00e1 que se buscar uma condi\u00e7\u00e3o para que haja o enquadramento dos n\u00edveis de qualidade do ar pelo menos \u00e0s metas de curto prazo da OMS, porque isso \u00e9 uma garantia de que haver\u00e1 um m\u00ednimo impacto e efeito negativo na sa\u00fade da popula\u00e7\u00e3o\u201d.<\/p>\n<p>O relat\u00f3rio do Pnuma aponta que a implementa\u00e7\u00e3o de medidas para reduzir as emiss\u00f5es de gases do efeito estufa pode salvar a vida de 2,4 milh\u00f5es de pessoas por ano at\u00e9 2030. (Ag\u00eancia Brasil)<\/p>\n","protected":false},"excerpt":{"rendered":"<p>Aproximadamente 23% de todas as mortes prematuras no mundo s\u00e3o causadas por problemas de degrada\u00e7\u00e3o ambiental, com n\u00famero estimado em 12,6 milh\u00f5es de mortes no ano de 2012. Os dados est\u00e3o no relat\u00f3rio\u00a0Meio Ambiente Saud\u00e1vel, Povo Saud\u00e1vel\u00a0(Healthy Environment, Healthy People, em ingl\u00eas), lan\u00e7ado esta semana pelo Programa das Na\u00e7\u00f5es Unidas para o Meio Ambiente (Pnuma) [&hellip;]<\/p>\n","protected":false},"author":1,"featured_media":87955,"comment_status":"open","ping_status":"closed","sticky":false,"template":"","format":"standard","meta":{"amp_status":"","footnotes":""},"categories":[28848],"tags":[96552,96553,96557,58236,96556,96558,96551,96555,96554,96559],"class_list":["post-87954","post","type-post","status-publish","format-standard","has-post-thumbnail","hentry","category-mundo","tag-96552","tag-6-milhoes-de-mortes","tag-alerta-onu","tag-degradacao-ambiental","tag-degradacao-ambiental-causa-12-milhoes-de-mortes-por-ano","tag-mortes-por-degradacao-ambiental","tag-mortes-prematuras-no-mundo","tag-povo-saudavel","tag-relatorio-meio-ambiente-saudavel","tag-vitimas-da-degradacao-ambiental"],"_links":{"self":[{"href":"https:\/\/aconteceunovale.com.br\/portal\/index.php?rest_route=\/wp\/v2\/posts\/87954","targetHints":{"allow":["GET"]}}],"collection":[{"href":"https:\/\/aconteceunovale.com.br\/portal\/index.php?rest_route=\/wp\/v2\/posts"}],"about":[{"href":"https:\/\/aconteceunovale.com.br\/portal\/index.php?rest_route=\/wp\/v2\/types\/post"}],"author":[{"embeddable":true,"href":"https:\/\/aconteceunovale.com.br\/portal\/index.php?rest_route=\/wp\/v2\/users\/1"}],"replies":[{"embeddable":true,"href":"https:\/\/aconteceunovale.com.br\/portal\/index.php?rest_route=%2Fwp%2Fv2%2Fcomments&post=87954"}],"version-history":[{"count":0,"href":"https:\/\/aconteceunovale.com.br\/portal\/index.php?rest_route=\/wp\/v2\/posts\/87954\/revisions"}],"wp:featuredmedia":[{"embeddable":true,"href":"https:\/\/aconteceunovale.com.br\/portal\/index.php?rest_route=\/wp\/v2\/media\/87955"}],"wp:attachment":[{"href":"https:\/\/aconteceunovale.com.br\/portal\/index.php?rest_route=%2Fwp%2Fv2%2Fmedia&parent=87954"}],"wp:term":[{"taxonomy":"category","embeddable":true,"href":"https:\/\/aconteceunovale.com.br\/portal\/index.php?rest_route=%2Fwp%2Fv2%2Fcategories&post=87954"},{"taxonomy":"post_tag","embeddable":true,"href":"https:\/\/aconteceunovale.com.br\/portal\/index.php?rest_route=%2Fwp%2Fv2%2Ftags&post=87954"}],"curies":[{"name":"wp","href":"https:\/\/api.w.org\/{rel}","templated":true}]}}