{"id":87952,"date":"2016-05-29T15:35:35","date_gmt":"2016-05-29T18:35:35","guid":{"rendered":"http:\/\/aconteceunovale.com.br\/portal\/?p=87952"},"modified":"2016-05-29T15:35:35","modified_gmt":"2016-05-29T18:35:35","slug":"inscricoes-para-o-prouni-do-segundo-semestre-comecam-dia-7-de-junho","status":"publish","type":"post","link":"https:\/\/aconteceunovale.com.br\/portal\/?p=87952","title":{"rendered":"Inscri\u00e7\u00f5es para o ProUni do segundo semestre come\u00e7am dia 7 de junho"},"content":{"rendered":"<p>As inscri\u00e7\u00f5es para o Programa Universidade para Todos (ProUni) do segundo semestre de 2016 come\u00e7am no dia 7 de junho. As inscri\u00e7\u00f5es poder\u00e3o ser feitas exclusivamente pela internet,\u00a0<a href=\"http:\/\/siteprouni.mec.gov.br\/\" target=\"_blank\"><font color=\"blue\">no\u00a0<em>site<\/em>\u00a0do ProUni<\/font><\/a>, at\u00e9 as 23h59 do dia 10 de junho, no hor\u00e1rio de Bras\u00edlia. Pelo ProUni, os estudantes concorrem a uma bolsa de estudo em cursos de institui\u00e7\u00f5es privadas de ensino superior.<\/p>\n<p>Pode se inscrever no programa o estudante brasileiro que n\u00e3o tenha diploma de curso superior, que tenha feito as provas do Exame Nacional do Ensino M\u00e9dio (Enem) de 2015 e obtido no m\u00ednimo 450 pontos na m\u00e9dia das notas e que n\u00e3o tenha nota 0 na reda\u00e7\u00e3o.<\/p>\n<p>O estudante ainda precisa atender a pelo menos uma das seguintes condi\u00e7\u00f5es: ter cursado o ensino m\u00e9dio completo em escola da rede p\u00fablica ou em institui\u00e7\u00e3o privada, na condi\u00e7\u00e3o de bolsista integral; ter cursado o ensino m\u00e9dio parcialmente em escola da rede p\u00fablica e parcialmente em institui\u00e7\u00e3o privada, na condi\u00e7\u00e3o de bolsista integral; ser pessoa com defici\u00eancia; ser professor da rede p\u00fablica de ensino, no efetivo exerc\u00edcio do magist\u00e9rio da educa\u00e7\u00e3o b\u00e1sica e integrar o quadro de pessoal permanente da institui\u00e7\u00e3o.<\/p>\n<p>Pode concorrer \u00e0 bolsa integral o candidato cuja renda familiar bruta mensal per capita n\u00e3o exceda o valor de 1,5 sal\u00e1rio-m\u00ednimo. As bolsas parciais s\u00e3o para os casos em que a renda familiar bruta mensal per capita n\u00e3o exceda o valor de tr\u00eas sal\u00e1rios m\u00ednimos.<\/p>\n<p>O resultado da primeira chamada ser\u00e1 divulgado no dia 13 de junho e a segunda chamada, no dia 27 do mesmo m\u00eas. O prazo para quem n\u00e3o foi selecionado manifestar\u00a0 interesse de entrar para a lista de espera vai do dia 8 ao dia 11 de julho.<\/p>\n<p>O edital com as regras do ProUni\u00a0<a href=\"http:\/\/pesquisa.in.gov.br\/imprensa\/jsp\/visualiza\/index.jsp?jornal=3&amp;pagina=47&amp;data=27\/05\/2016\" target=\"_blank\"><font color=\"blue\">foi publicado no\u00a0<em>Di\u00e1rio Oficial da Uni\u00e3o<\/em><\/font><\/a>\u00a0de sexta-feira (27\/5).<\/p>\n<p>(Ag\u00eancia Brasil)<\/p>\n","protected":false},"excerpt":{"rendered":"<p>As inscri\u00e7\u00f5es para o Programa Universidade para Todos (ProUni) do segundo semestre de 2016 come\u00e7am no dia 7 de junho. As inscri\u00e7\u00f5es poder\u00e3o ser feitas exclusivamente pela internet,\u00a0no\u00a0site\u00a0do ProUni, at\u00e9 as 23h59 do dia 10 de junho, no hor\u00e1rio de Bras\u00edlia. Pelo ProUni, os estudantes concorrem a uma bolsa de estudo em cursos de institui\u00e7\u00f5es [&hellip;]<\/p>\n","protected":false},"author":1,"featured_media":80318,"comment_status":"open","ping_status":"closed","sticky":false,"template":"","format":"standard","meta":{"amp_status":"","footnotes":""},"categories":[6,40238],"tags":[96550,524,26061,24855,34995,96546,96547,96545,2868,73248,96548,96549],"class_list":["post-87952","post","type-post","status-publish","format-standard","has-post-thumbnail","hentry","category-br","category-educacao-2","tag-bolsa-de-estudos","tag-enem","tag-ensino-medio","tag-financiamento-estudantil","tag-inscricao","tag-inscricoes-para-o-prouni-do-segundo-semestre","tag-inscricoes-para-o-prouni-do-segundo-semestre-2016","tag-inscricoes-para-o-prouni-do-segundo-semestre-comecam-dia-7-de-junho","tag-prouni","tag-prouni-2016","tag-prouni-do-segundo-semestre","tag-prouni-do-segundo-semestre-2016"],"_links":{"self":[{"href":"https:\/\/aconteceunovale.com.br\/portal\/index.php?rest_route=\/wp\/v2\/posts\/87952","targetHints":{"allow":["GET"]}}],"collection":[{"href":"https:\/\/aconteceunovale.com.br\/portal\/index.php?rest_route=\/wp\/v2\/posts"}],"about":[{"href":"https:\/\/aconteceunovale.com.br\/portal\/index.php?rest_route=\/wp\/v2\/types\/post"}],"author":[{"embeddable":true,"href":"https:\/\/aconteceunovale.com.br\/portal\/index.php?rest_route=\/wp\/v2\/users\/1"}],"replies":[{"embeddable":true,"href":"https:\/\/aconteceunovale.com.br\/portal\/index.php?rest_route=%2Fwp%2Fv2%2Fcomments&post=87952"}],"version-history":[{"count":0,"href":"https:\/\/aconteceunovale.com.br\/portal\/index.php?rest_route=\/wp\/v2\/posts\/87952\/revisions"}],"wp:featuredmedia":[{"embeddable":true,"href":"https:\/\/aconteceunovale.com.br\/portal\/index.php?rest_route=\/wp\/v2\/media\/80318"}],"wp:attachment":[{"href":"https:\/\/aconteceunovale.com.br\/portal\/index.php?rest_route=%2Fwp%2Fv2%2Fmedia&parent=87952"}],"wp:term":[{"taxonomy":"category","embeddable":true,"href":"https:\/\/aconteceunovale.com.br\/portal\/index.php?rest_route=%2Fwp%2Fv2%2Fcategories&post=87952"},{"taxonomy":"post_tag","embeddable":true,"href":"https:\/\/aconteceunovale.com.br\/portal\/index.php?rest_route=%2Fwp%2Fv2%2Ftags&post=87952"}],"curies":[{"name":"wp","href":"https:\/\/api.w.org\/{rel}","templated":true}]}}