{"id":87944,"date":"2016-05-29T12:44:52","date_gmt":"2016-05-29T15:44:52","guid":{"rendered":"http:\/\/aconteceunovale.com.br\/portal\/?p=87944"},"modified":"2016-05-29T15:20:23","modified_gmt":"2016-05-29T18:20:23","slug":"delegado-nao-e-mais-responsavel-por-investigar-estupro-coletivo-diz-tj-rj","status":"publish","type":"post","link":"https:\/\/aconteceunovale.com.br\/portal\/?p=87944","title":{"rendered":"Delegado n\u00e3o \u00e9 mais respons\u00e1vel por investigar estupro coletivo, diz TJ-RJ"},"content":{"rendered":"<p>O Tribunal de Justi\u00e7a do Rio de Janeiro determinou, na madrugada deste domingo (29), o desdobramento do inqu\u00e9rito sobre o estupro coletivo da jovem de 16 anos ocorrido no Rio. Assim, a Delegacia de Repress\u00e3o aos Crimes de Inform\u00e1tica (DRCI), cujo titular \u00e9 Alessandro Thiers, ficar\u00e1 encarregada de investigar o vazamento das imagens do estupro nas redes sociais, enquanto que o caso envolvendo o estupro coletivo da menor vai para a Delegacia da Crian\u00e7a e Adolescente V\u00edtima (DCAV).<\/p>\n<p>A advogada Eloisa Samy Santiago, que defende a menor de 16 anos que sofreu estupro coletivo h\u00e1 uma semana no Rio, comemorou nas redes sociais. \u201cO delegado Alessandro Thiers, da DRCI, n\u00e3o \u00e9 mais o encarregado pela investiga\u00e7\u00e3o do estupro coletivo!, disse, em post no Facebook, sob o t\u00edtulo &#8220;Vit\u00f3ria das Mulheres&#8221;.<\/p>\n<p>O estupro coletivo ocorreu h\u00e1 cerca de uma semana, no morro S\u00e3o Jos\u00e9 Oper\u00e1rio, em Jacarepagu\u00e1,\u00a0 na zona oeste da cidade. Um v\u00eddeo mostrando o crime foi divulgado na \u00faltima quarta-feira (25), na internet, por um dos 33 homens que participaram da viol\u00eancia. Eloisa Samy Santiago defende a menor junto com a advogada Caroline Bispo.<\/p>\n<p><strong>Minist\u00e9rio P\u00fablico<\/strong><\/p>\n<p>O Minist\u00e9rio P\u00fablico do Estado do Rio de Janeiro (MP-RJ) j\u00e1 havia se manifestado favoravelmente ao desmembramento do inqu\u00e9rito. Na noite de ontem (28), os promotores do MP se reuniram com as advogadas da adolescente, que fizeram questionamentos em rela\u00e7\u00e3o \u00e0s investiga\u00e7\u00f5es da Pol\u00edcia Civil e a forma como o delegado Alessandro Thiers, da Delegacia de Repress\u00e3o a Crimes de Inform\u00e1tica (DRCI), vinha atuando no caso, segundo elas \u201cde forma machista e mis\u00f3gina\u201d.<\/p>\n<p>Os promotores atenderam a tr\u00eas dos pedidos das advogadas, inclusive sobre a necessidade de desmembramento do caso, mas n\u00e3o se posicionaram contra o afastamento do delegado por entender que essa era uma atribui\u00e7\u00e3o da pol\u00edcia civil.<\/p>\n<p>Na nota, o MP disse que \u201cIndependente da decis\u00e3o judicial\u201d, o promotor de Justi\u00e7a Bruno Lavorato iria expedir of\u00edcio pedindo que a investiga\u00e7\u00e3o sobre o estupro seja conduzida \u201capenas pela Delegacia da Crian\u00e7a e do Adolescente V\u00edtima (DCAV)\u201d e que as investiga\u00e7\u00f5es fossem desmembradas, \u201cremetendo-se para a DCAV, Delegacia de Pol\u00edcia especializada em crimes desta natureza, a investiga\u00e7\u00e3o do delito de estupro, ficando a cargo da DRCI apenas o delito de divulga\u00e7\u00e3o do v\u00eddeo referido.<\/p>\n<p>O Minist\u00e9rio P\u00fablico tamb\u00e9m determinou que uma medida cautelar assecurat\u00f3ria, em favor da v\u00edtima, por analogia \u00e0s medidas protetivas da Lei Maria da Penha, \u201ctendo em vista o temor \u00e0 sua integridade f\u00edsica, moral e intelectiva, certo que h\u00e1 not\u00edcias de que um dos poss\u00edveis autores, denominado de Rafael Belo, vem se aproximando da mesma, a fim de intimid\u00e1-la\u201d e com isso dificultando o andar das investiga\u00e7\u00f5es\u201d.<\/p>\n<p>O \u00f3rg\u00e3o tamb\u00e9m se mostrou favor\u00e1vel a que se averigue se o delegado da DRCI infringiu, durante o depoimento, o artigo 232 do Estatuto da Crian\u00e7a e do Adolescente (ECA).<\/p>\n<p><strong>Opera\u00e7\u00e3o Policial<\/strong><\/p>\n<p>Paralelamente \u00e0s investiga\u00e7\u00f5es no \u00e2mbito da Pol\u00edcia Civil a respeito do estupro da jovem, moradora da zona oeste da cidade, a Pol\u00edcia Militar desencadeou na manh\u00e3 de hoje uma grande opera\u00e7\u00e3o na tentativa de localizar os suspeitos do estupro.<\/p>\n<p>A opera\u00e7\u00e3o cumpre determina\u00e7\u00e3o do Comando da Corpora\u00e7\u00e3o e envolve cerca de 70 agentes das policiais Militares do Grupo de A\u00e7\u00f5es T\u00e1ticas de todas as unidades e envolve policiais de nove batalh\u00f5es da Pol\u00edcia Militar subordinados ao 2\u00ba Comando de Policiamento de \u00c1rea, al\u00e9m de outras duas unidades da PM.<\/p>\n<p>A opera\u00e7\u00e3o foi desencadeada \u00e0s 7h da manh\u00e3 de hoje na comunidade na Comunidade do S\u00e3o Jos\u00e9 Oper\u00e1rio e est\u00e3o sendo utilizados 2 c\u00e3es farejadores, um helic\u00f3ptero, dois ve\u00edculos blindados e pelo menos 14 viaturas.<\/p>\n<p>Comandada pelo 9\u00ba BPM (rocha Miranda), a opera\u00e7\u00e3o tem por objetivo, segundo nota da PM, \u201cidentificar os criminosos que praticaram o estupro coletivo contra uma menor de 16 anos, para dar maior sensa\u00e7\u00e3o de seguran\u00e7a a popula\u00e7\u00e3o e na preven\u00e7\u00e3o e repress\u00e3o os crimes de roubo de ve\u00edculos, roubo de cargas, roubo de rua e o tr\u00e1fico de drogas\u201d.<\/p>\n<p>Segundo a nota da PM \u201cn\u00e3o houve resist\u00eancia, e as equipes est\u00e3o fazendo uma varredura na comunidade \u201cem busca de indiv\u00edduos suspeitos, armas e drogas. At\u00e9 o momento a Pol\u00edcia Civil n\u00e3o divulgou um balan\u00e7o da opera\u00e7\u00e3o. (Ag\u00eancia Brasil)<\/p>\n","protected":false},"excerpt":{"rendered":"<p>O Tribunal de Justi\u00e7a do Rio de Janeiro determinou, na madrugada deste domingo (29), o desdobramento do inqu\u00e9rito sobre o estupro coletivo da jovem de 16 anos ocorrido no Rio. Assim, a Delegacia de Repress\u00e3o aos Crimes de Inform\u00e1tica (DRCI), cujo titular \u00e9 Alessandro Thiers, ficar\u00e1 encarregada de investigar o vazamento das imagens do estupro [&hellip;]<\/p>\n","protected":false},"author":1,"featured_media":39369,"comment_status":"open","ping_status":"closed","sticky":false,"template":"","format":"standard","meta":{"amp_status":"","footnotes":""},"categories":[6],"tags":[96538,96536,96537,96426,96429,96422,96418,96416,96510,96420,96421,96424,96419,77698,96539,96511,96417,1104,36712,96423],"class_list":["post-87944","post","type-post","status-publish","format-standard","has-post-thumbnail","hentry","category-br","tag-delegado-afastado-do-caso","tag-delegado-nao-e-mais-responsavel-por-investigar-estupro-coletivo","tag-diz-tj-rj","tag-estuprada-por-33-homens-no-rio-de-janeiro","tag-estupro-coletivo","tag-estupro-coletivo-jacarepagua","tag-estupro-coletivo-no-morro-sao-jose-operario","tag-estupro-coletivo-no-rio-de-janeiro","tag-estupro-coletivo-no-rj","tag-estupro-coletivo-rio-de-janeiro","tag-estupro-coletivo-rj","tag-estupro-coletivo-zona-oeste-do-rio-de-janeiro","tag-estupro-no-rio-de-janeiro","tag-jacarepagua","tag-jovem","tag-jovem-estuprada-por-33-homens-no-rio-de-janeiro","tag-morro-sao-jose-operario","tag-rio-de-janeiro","tag-violencia-contra-a-mulher","tag-zona-oeste-do-rio-de-janeiro"],"_links":{"self":[{"href":"https:\/\/aconteceunovale.com.br\/portal\/index.php?rest_route=\/wp\/v2\/posts\/87944","targetHints":{"allow":["GET"]}}],"collection":[{"href":"https:\/\/aconteceunovale.com.br\/portal\/index.php?rest_route=\/wp\/v2\/posts"}],"about":[{"href":"https:\/\/aconteceunovale.com.br\/portal\/index.php?rest_route=\/wp\/v2\/types\/post"}],"author":[{"embeddable":true,"href":"https:\/\/aconteceunovale.com.br\/portal\/index.php?rest_route=\/wp\/v2\/users\/1"}],"replies":[{"embeddable":true,"href":"https:\/\/aconteceunovale.com.br\/portal\/index.php?rest_route=%2Fwp%2Fv2%2Fcomments&post=87944"}],"version-history":[{"count":0,"href":"https:\/\/aconteceunovale.com.br\/portal\/index.php?rest_route=\/wp\/v2\/posts\/87944\/revisions"}],"wp:featuredmedia":[{"embeddable":true,"href":"https:\/\/aconteceunovale.com.br\/portal\/index.php?rest_route=\/wp\/v2\/media\/39369"}],"wp:attachment":[{"href":"https:\/\/aconteceunovale.com.br\/portal\/index.php?rest_route=%2Fwp%2Fv2%2Fmedia&parent=87944"}],"wp:term":[{"taxonomy":"category","embeddable":true,"href":"https:\/\/aconteceunovale.com.br\/portal\/index.php?rest_route=%2Fwp%2Fv2%2Fcategories&post=87944"},{"taxonomy":"post_tag","embeddable":true,"href":"https:\/\/aconteceunovale.com.br\/portal\/index.php?rest_route=%2Fwp%2Fv2%2Ftags&post=87944"}],"curies":[{"name":"wp","href":"https:\/\/api.w.org\/{rel}","templated":true}]}}