{"id":87941,"date":"2016-05-28T16:58:41","date_gmt":"2016-05-28T19:58:41","guid":{"rendered":"http:\/\/aconteceunovale.com.br\/portal\/?p=87941"},"modified":"2016-05-29T15:18:40","modified_gmt":"2016-05-29T18:18:40","slug":"advogada-de-vitima-de-estupro-quer-representar-contra-delegado-na-corregedoria","status":"publish","type":"post","link":"https:\/\/aconteceunovale.com.br\/portal\/?p=87941","title":{"rendered":"Advogada de v\u00edtima de estupro quer representar contra delegado na corregedoria"},"content":{"rendered":"<p>A advogada da adolescente que denunciou ter sofrido um estupro coletivo no Rio de Janeiro pretende procurar a corregedoria da Pol\u00edcia Civil para questionar a conduta do delegado Alessandro Thiers, titular da Delegacia de Repress\u00e3o aos Crimes de Inform\u00e1tica (DRCI).<\/p>\n<p>Eloisa Samy afirma que Thiers conduziu o depoimento da v\u00edtima de forma a culpabiliz\u00e1-la pelo ocorrido. &#8220;Ele perguntou \u00e0 vitima se ela tinha por h\u00e1bito participar de sexo em grupo. A uma v\u00edtima de estupro&#8221;, criticou a advogada. &#8220;Quero procurar todos os \u00f3rg\u00e3os que possam auxiliar nesse caso. Inclusive a corregedoria de pol\u00edcia. Quero representar contra o delegado Alessandro Thiers.&#8221;<\/p>\n<p>Outra cr\u00edtica da advogada foi o fato de que os respons\u00e1veis pela divulga\u00e7\u00e3o do v\u00eddeo e das fotos da v\u00edtima n\u00e3o tenham sido presos em flagrante. &#8220;Isso tamb\u00e9m que me causa estranheza. O delegado citou o Estatuto da Crian\u00e7a e do Adolescente, que trata da exposi\u00e7\u00e3o do abuso sexual de menor. Dois dos investigados estavam na delegacia e assumiram que fizeram o compartilhamento do v\u00eddeo, e n\u00e3o foram presos em flagrante, n\u00e3o receberam voz de pris\u00e3o.&#8221;<\/p>\n<p>Representante de um dos investigados que prestaram depoimento ontem, o advogado Claudio L\u00facio da Silva admitiu que seu cliente filmou o v\u00eddeo na internet, mas negou que ele tenha participado de estupro. &#8220;O meu cliente filmou e assumiu em ju\u00edzo, mas n\u00e3o foi ele quem divulgou. Ele ficou surpreso pela repercuss\u00e3o do caso&#8221;.<\/p>\n<p>Em uma entrevista coletiva \u00e0 imprensa na tarde de ontem, a Pol\u00edcia Civil afirmou que a Secretaria Estadual de Assist\u00eancia Social e Direitos Humanos receberia a jovem em uma reuni\u00e3o marcada na pr\u00f3xima segunda-feira. Eloisa rebateu a afirma\u00e7\u00e3o e disse que n\u00e3o tem conhecimento da reuni\u00e3o e que a fam\u00edlia da adolescente tamb\u00e9m n\u00e3o foi procurada.<\/p>\n<p>&#8220;Ningu\u00e9m me participou de nenhuma reuni\u00e3o. Nem a fam\u00edlia foi informada disso. Queria saber como isso foi marcado, com quem?&#8221;, disse a advogada que contou estar preocupada com a seguran\u00e7a da fam\u00edlia. &#8220;Elas querem prote\u00e7\u00e3o policial, porque est\u00e3o se sentindo inseguras. Olhe o que est\u00e1 acontecendo na p\u00e1gina da mo\u00e7a [no Facebook]. As amea\u00e7as que ainda continuam&#8221;, disse.<\/p>\n<p>&#8220;Ela est\u00e1 mal e eu estou bastante preocupada n\u00e3o apenas com ela, mas tamb\u00e9m com a fam\u00edlia, que est\u00e1 sofrendo essa exposi\u00e7\u00e3o&#8221;, destacou a advogada, que afirmou j\u00e1 ter recomendado que a jovem exclua sua p\u00e1gina na rede social, por meio da qual a adolescente agradeceu o apoio de quem se solidarizou com o caso e tamb\u00e9m recha\u00e7ou as acusa\u00e7\u00f5es de quem tenta culp\u00e1-la pelo ocorrido. Depois da entrevista com a advogada, a reportagem constatou que as postagens p\u00fablicas do perfil da adolescente foram fechadas.<\/p>\n<p>Em resposta \u00e0 advogada, a Pol\u00edcia Civil divulgou uma nota em que afirma que a investiga\u00e7\u00e3o &#8220;\u00e9 conduzida de forma t\u00e9cnica e imparcial&#8221; e que convidou a Ordem dos Advogados do Brasil (OAB) para designar um representante para acompanh\u00e1-la. A nota traz ainda um relato da DRCI sobre o depoimento da adolescente:<\/p>\n<p>&#8220;A DRCI informou que durante a oitiva da v\u00edtima ela confirmou que sofreu o estupro e, lhe foi perguntado se tinha conhecimento que havia um outro v\u00eddeo sendo divulgado em m\u00eddias sociais em que ela apareceria mantendo rela\u00e7\u00f5es sexuais com homens, conforme relato de uma testemunha. A v\u00edtima informou que desconhece o v\u00eddeo e que n\u00e3o \u00e9 verdadeiro&#8221;, diz um trecho da nota.<\/p>\n<p>Em comunicado enviada \u00e0 noite, a Secretaria de Estado de Assist\u00eancia Social e Direitos Humanos destaca que desde quinta-feira (26), equipes da secretaria acompanham a menor, v\u00edtima de estupro, e sua fam\u00edlia. Os t\u00e9cnicos trocam informa\u00e7\u00f5es com os parentes e as autoridades policiais a respeito da seguran\u00e7a da jovem. Tamb\u00e9m agendaram encontros da fam\u00edlia com equipe multidisciplinar do Centro Integrado de Atendimento \u00e0 Mulher, &#8220;mantidos com sigilo e a discri\u00e7\u00e3o impostos pelo caso&#8221;.<\/p>\n<p>A nota da secretaria ressalta ainda que &#8220;talvez a advogada tenha feito o coment\u00e1rio levada pelo desconhecimento dos cuidados com a seguran\u00e7a e o tratamento j\u00e1 programados para a jovem e seus familiares&#8221;.<\/p>\n<p>A OAB do Rio de Janeiro confirmou que vai acompanhar a investiga\u00e7\u00e3o. O advogado Breno Melaragno, presidente da comiss\u00e3o de seguran\u00e7a p\u00fablica da ordem, ser\u00e1 o respons\u00e1vel. (Ag\u00eancia Brasil)<\/p>\n","protected":false},"excerpt":{"rendered":"<p>A advogada da adolescente que denunciou ter sofrido um estupro coletivo no Rio de Janeiro pretende procurar a corregedoria da Pol\u00edcia Civil para questionar a conduta do delegado Alessandro Thiers, titular da Delegacia de Repress\u00e3o aos Crimes de Inform\u00e1tica (DRCI). Eloisa Samy afirma que Thiers conduziu o depoimento da v\u00edtima de forma a culpabiliz\u00e1-la pelo [&hellip;]<\/p>\n","protected":false},"author":1,"featured_media":87942,"comment_status":"open","ping_status":"closed","sticky":false,"template":"","format":"standard","meta":{"amp_status":"","footnotes":""},"categories":[6],"tags":[96534,96532,96535,96426,96515,96429,96422,96418,96416,96510,96420,96421,96424,96419,47659,77698,96511,96417,36712,96533,96423],"class_list":["post-87941","post","type-post","status-publish","format-standard","has-post-thumbnail","hentry","category-br","tag-advogada","tag-advogada-de-vitima-de-estupro-quer-representar-contra-delegado-na-corregedoria","tag-corregedoria","tag-estuprada-por-33-homens-no-rio-de-janeiro","tag-estupro","tag-estupro-coletivo","tag-estupro-coletivo-jacarepagua","tag-estupro-coletivo-no-morro-sao-jose-operario","tag-estupro-coletivo-no-rio-de-janeiro","tag-estupro-coletivo-no-rj","tag-estupro-coletivo-rio-de-janeiro","tag-estupro-coletivo-rj","tag-estupro-coletivo-zona-oeste-do-rio-de-janeiro","tag-estupro-no-rio-de-janeiro","tag-investigacao","tag-jacarepagua","tag-jovem-estuprada-por-33-homens-no-rio-de-janeiro","tag-morro-sao-jose-operario","tag-violencia-contra-a-mulher","tag-vitima","tag-zona-oeste-do-rio-de-janeiro"],"_links":{"self":[{"href":"https:\/\/aconteceunovale.com.br\/portal\/index.php?rest_route=\/wp\/v2\/posts\/87941","targetHints":{"allow":["GET"]}}],"collection":[{"href":"https:\/\/aconteceunovale.com.br\/portal\/index.php?rest_route=\/wp\/v2\/posts"}],"about":[{"href":"https:\/\/aconteceunovale.com.br\/portal\/index.php?rest_route=\/wp\/v2\/types\/post"}],"author":[{"embeddable":true,"href":"https:\/\/aconteceunovale.com.br\/portal\/index.php?rest_route=\/wp\/v2\/users\/1"}],"replies":[{"embeddable":true,"href":"https:\/\/aconteceunovale.com.br\/portal\/index.php?rest_route=%2Fwp%2Fv2%2Fcomments&post=87941"}],"version-history":[{"count":0,"href":"https:\/\/aconteceunovale.com.br\/portal\/index.php?rest_route=\/wp\/v2\/posts\/87941\/revisions"}],"wp:featuredmedia":[{"embeddable":true,"href":"https:\/\/aconteceunovale.com.br\/portal\/index.php?rest_route=\/wp\/v2\/media\/87942"}],"wp:attachment":[{"href":"https:\/\/aconteceunovale.com.br\/portal\/index.php?rest_route=%2Fwp%2Fv2%2Fmedia&parent=87941"}],"wp:term":[{"taxonomy":"category","embeddable":true,"href":"https:\/\/aconteceunovale.com.br\/portal\/index.php?rest_route=%2Fwp%2Fv2%2Fcategories&post=87941"},{"taxonomy":"post_tag","embeddable":true,"href":"https:\/\/aconteceunovale.com.br\/portal\/index.php?rest_route=%2Fwp%2Fv2%2Ftags&post=87941"}],"curies":[{"name":"wp","href":"https:\/\/api.w.org\/{rel}","templated":true}]}}