{"id":87937,"date":"2016-05-27T16:09:20","date_gmt":"2016-05-27T19:09:20","guid":{"rendered":"http:\/\/aconteceunovale.com.br\/portal\/?p=87937"},"modified":"2016-05-29T14:33:49","modified_gmt":"2016-05-29T17:33:49","slug":"policia-civil-do-rio-espera-ouvir-logo-quatro-identificados-em-caso-de-estupro","status":"publish","type":"post","link":"https:\/\/aconteceunovale.com.br\/portal\/?p=87937","title":{"rendered":"Pol\u00edcia Civil do Rio espera ouvir logo quatro identificados em caso de estupro"},"content":{"rendered":"<p>A Pol\u00edcia Civil do Estado do Rio de Janeiro j\u00e1 sabe o paradeiro de quatro pessoas que est\u00e3o sendo investigadas no caso de estupro coletivo de uma adolescente no \u00faltimo fim de semana, em Jacarepagu\u00e1, zona oeste da cidade. O caso causou indigna\u00e7\u00e3o ap\u00f3s ser divulgado nas redes sociais. Eventuais pedidos de pris\u00e3o, no entanto, ainda n\u00e3o foram feitos \u00e0 Justi\u00e7a, porque, segundo os delegados, as investiga\u00e7\u00f5es est\u00e3o em fase inicial e n\u00e3o h\u00e1 elementos que justifiquem a medida.<\/p>\n<p>Os crimes que est\u00e3o sendo investigados s\u00e3o o estupro de vulner\u00e1vel, j\u00e1 que a v\u00edtima \u00e9 menor de idade, e a divulga\u00e7\u00e3o na internet de material pornogr\u00e1fico envolvendo menores. O titular da Delegacia de Repress\u00e3o aos Crimes de Inform\u00e1tica, Alessandro Thiers, n\u00e3o divulgou o nome dos quatro identificados e ponderou que ainda n\u00e3o \u00e9 poss\u00edvel afirmar que eles tenham participado do estupro.<\/p>\n<p>&#8220;Dessas quatro pessoas, nem todas efetivamente participaram do fato: uma estaria na imagem que est\u00e1 sendo divulgada e outra seria o suposto namorado que teria levado a jovem ao local&#8221;, disse o delegado, que pretende ouvir os quatro identificados &#8220;o quanto antes&#8221;.<\/p>\n<p>A v\u00edtima deve ser ouvida novamente para esclarecer pontos de seu primeiro depoimento e elementos descobertos na investiga\u00e7\u00e3o. Segundo a delegada Cristiana Bento, da Delegacia da Crian\u00e7a e do Adolescente V\u00edtima, o depoimento ser\u00e1 tomado por uma equipe especializada. As declara\u00e7\u00f5es ser\u00e3o gravadas, para que n\u00e3o tenham que ser repetidas, o que causaria uma &#8220;revitimiza\u00e7\u00e3o&#8221; do crime.<\/p>\n<p>A investiga\u00e7\u00e3o teve in\u00edcio na Delegacia de Repress\u00e3o aos Crimes de Inform\u00e1tica para verificar os v\u00eddeos e fotos que circularam nas redes sociais e, assim que foi constatado que a v\u00edtima era menor de idade, a Delegacia da Crian\u00e7a e Adolescente V\u00edtima foi chamada a participar.<\/p>\n<p>Segundo a Pol\u00edcia Civil, a adolescente deve ser recebida na segunda-feira (30) pela Secretaria de Assist\u00eancia Social e Direitos Humanos do Estado do Rio de Janeiro, que vai oferecer assist\u00eancia e ingresso em um programa de prote\u00e7\u00e3o estadual.<\/p>\n<p>&#8220;A Pol\u00edcia vai agir com todo o rigor necess\u00e1rio, mas dentro da lei&#8221;, afirmou o chefe da Pol\u00edcia Civil, Fernando Veloso, que concedeu uma entrevista coletiva ao lado dos delegados respons\u00e1veis pelo caso. &#8220;Como cidad\u00e3o, tamb\u00e9m penso &#8216;por que esse sujeito n\u00e3o est\u00e1 preso?&#8217;. Como delegado de pol\u00edcia, sei que essas decis\u00f5es s\u00e3o um pouco mais complexas.&#8221;<\/p>\n<p>Veloso afirmou que h\u00e1 &#8220;ind\u00edcios veementes&#8221; de que, de fato, ocorreu o estupro, mas a pol\u00edcia ainda n\u00e3o pode confirmar quantas pessoas teriam participado do crime.<\/p>\n<p>O chefe da Pol\u00edcia Civil e o titular da Delegacia de Repress\u00e3o aos Crimes de Inform\u00e1tica destacaram a contribui\u00e7\u00e3o da mobiliza\u00e7\u00e3o popular nas redes sociais para denunciar o crime e reconheceu que \u00e9 preciso investir mais na capacidade de investiga\u00e7\u00e3o da pol\u00edcia para fazer frente ao n\u00famero de estupros realizados no estado.<\/p>\n<p>&#8220;N\u00e3o tenho problema nenhum em mostrar quais s\u00e3o as car\u00eancias da pol\u00edcia. Essa institui\u00e7\u00e3o faz muito mais do que teria condi\u00e7\u00f5es de fazer&#8221;, disse Veloso, que afirmou que o caso \u00e9 emblem\u00e1tico e mostra que \u00e9 preciso denunciar esse tipo de viol\u00eancia. (Ag\u00eancia Brasil)<\/p>\n","protected":false},"excerpt":{"rendered":"<p>A Pol\u00edcia Civil do Estado do Rio de Janeiro j\u00e1 sabe o paradeiro de quatro pessoas que est\u00e3o sendo investigadas no caso de estupro coletivo de uma adolescente no \u00faltimo fim de semana, em Jacarepagu\u00e1, zona oeste da cidade. O caso causou indigna\u00e7\u00e3o ap\u00f3s ser divulgado nas redes sociais. Eventuais pedidos de pris\u00e3o, no entanto, [&hellip;]<\/p>\n","protected":false},"author":1,"featured_media":39369,"comment_status":"open","ping_status":"closed","sticky":false,"template":"","format":"standard","meta":{"amp_status":"","footnotes":""},"categories":[6],"tags":[96530,96426,96429,96422,96418,96416,96510,96420,96421,96424,96419,77698,96511,25807,96417,361,96529,1104,36712,96423],"class_list":["post-87937","post","type-post","status-publish","format-standard","has-post-thumbnail","hentry","category-br","tag-crimes-de-informatica","tag-estuprada-por-33-homens-no-rio-de-janeiro","tag-estupro-coletivo","tag-estupro-coletivo-jacarepagua","tag-estupro-coletivo-no-morro-sao-jose-operario","tag-estupro-coletivo-no-rio-de-janeiro","tag-estupro-coletivo-no-rj","tag-estupro-coletivo-rio-de-janeiro","tag-estupro-coletivo-rj","tag-estupro-coletivo-zona-oeste-do-rio-de-janeiro","tag-estupro-no-rio-de-janeiro","tag-jacarepagua","tag-jovem-estuprada-por-33-homens-no-rio-de-janeiro","tag-justica","tag-morro-sao-jose-operario","tag-policia-civil","tag-policia-civil-do-rio-espera-ouvir-logo-quatro-identificados-em-caso-de-estupro","tag-rio-de-janeiro","tag-violencia-contra-a-mulher","tag-zona-oeste-do-rio-de-janeiro"],"_links":{"self":[{"href":"https:\/\/aconteceunovale.com.br\/portal\/index.php?rest_route=\/wp\/v2\/posts\/87937","targetHints":{"allow":["GET"]}}],"collection":[{"href":"https:\/\/aconteceunovale.com.br\/portal\/index.php?rest_route=\/wp\/v2\/posts"}],"about":[{"href":"https:\/\/aconteceunovale.com.br\/portal\/index.php?rest_route=\/wp\/v2\/types\/post"}],"author":[{"embeddable":true,"href":"https:\/\/aconteceunovale.com.br\/portal\/index.php?rest_route=\/wp\/v2\/users\/1"}],"replies":[{"embeddable":true,"href":"https:\/\/aconteceunovale.com.br\/portal\/index.php?rest_route=%2Fwp%2Fv2%2Fcomments&post=87937"}],"version-history":[{"count":0,"href":"https:\/\/aconteceunovale.com.br\/portal\/index.php?rest_route=\/wp\/v2\/posts\/87937\/revisions"}],"wp:featuredmedia":[{"embeddable":true,"href":"https:\/\/aconteceunovale.com.br\/portal\/index.php?rest_route=\/wp\/v2\/media\/39369"}],"wp:attachment":[{"href":"https:\/\/aconteceunovale.com.br\/portal\/index.php?rest_route=%2Fwp%2Fv2%2Fmedia&parent=87937"}],"wp:term":[{"taxonomy":"category","embeddable":true,"href":"https:\/\/aconteceunovale.com.br\/portal\/index.php?rest_route=%2Fwp%2Fv2%2Fcategories&post=87937"},{"taxonomy":"post_tag","embeddable":true,"href":"https:\/\/aconteceunovale.com.br\/portal\/index.php?rest_route=%2Fwp%2Fv2%2Ftags&post=87937"}],"curies":[{"name":"wp","href":"https:\/\/api.w.org\/{rel}","templated":true}]}}