{"id":87916,"date":"2016-05-29T13:49:55","date_gmt":"2016-05-29T16:49:55","guid":{"rendered":"http:\/\/aconteceunovale.com.br\/portal\/?p=87916"},"modified":"2026-09-02T13:05:47","modified_gmt":"2026-09-02T16:05:47","slug":"cemig-inicia-servicos-de-terraplenagem-para-implantacao-de-subestacao-em-itamarandiba","status":"publish","type":"post","link":"https:\/\/aconteceunovale.com.br\/portal\/?p=87916","title":{"rendered":"Cemig inicia servi\u00e7os de terraplenagem para implanta\u00e7\u00e3o de Subesta\u00e7\u00e3o em Itamarandiba"},"content":{"rendered":"<p>Planejamento iniciado em 2014 e com previs\u00e3o de conclus\u00e3o para outubro de 2016, no dia 25 de maio, do corrente ano, chegou \u00e0 fase mais importante, pois nessa data, deu in\u00edcio ao servi\u00e7o de terraplenagem e obra civil da \u00e1rea onde ser\u00e1 montada a Subesta\u00e7\u00e3o de Itamarandiba.<\/p>\n<p>Al\u00e9m da prepara\u00e7\u00e3o do local para montagem da SE, outra etapa de grande relev\u00e2ncia no processo \u00e9 a linha de transmiss\u00e3o de energia el\u00e9trica que ligar\u00e1 a Subesta\u00e7\u00e3o de Capelinha \u00e0 Itamarandiba. Os trabalhos come\u00e7aram no munic\u00edpio vizinho e j\u00e1 chegaram ao territ\u00f3rio itamarandibano.<\/p>\n<p>O T\u00e9cnico em Montagem Eletromec\u00e2nica de Subesta\u00e7\u00f5es da Cemig, H\u00e9lio Costa, esteve no local acompanhando os trabalhos. Segundo ele, ap\u00f3s a conclus\u00e3o da obra civil ser\u00e1 dado o in\u00edcio da montagem eletromec\u00e2nica dos equipamentos, inclusive do transformador, um dos principais componentes da Subesta\u00e7\u00e3o. O equipamento \u00e9 respons\u00e1vel por receber a linha de transmiss\u00e3o com tens\u00e3o de 69 KV (69.000 voltes) e rebaix\u00e1-la para 13,8 KV (13.800 voltes), n\u00edvel de tens\u00e3o das redes de distribui\u00e7\u00e3o da concession\u00e1ria Cemig que atende aos consumidores. \u201cA obra na SE Capelinha sa\u00edda para Itamarandiba termina no in\u00edcio de junho, em agosto vamos concluir a montagem da Subesta\u00e7\u00e3o em Itamarandiba. Os ramais de rede de distribui\u00e7\u00e3o em 13,8 KV na cidade para conectar-se \u00e0 subesta\u00e7\u00e3o est\u00e3o em andamento. A linha de transmiss\u00e3o de Capelinha para Itamarandiba est\u00e1 em fase bem avan\u00e7ada, obra civil e montagem das estruturas met\u00e1licas, previs\u00e3o para conclus\u00e3o em setembro.\u201d, informou Costa.<\/p>\n<p>Para permitir a implanta\u00e7\u00e3o deste empreendimento, ser\u00e1 necess\u00e1rio construir 47,5 km de linhas de transmiss\u00e3o de 69 KV, e 35 km de rede de distribui\u00e7\u00e3o de 13,8 KV entre \u00e1rea urbana e rural. A Subesta\u00e7\u00e3o de Itamarandiba ter\u00e1 uma \u00e1rea de 1.246m\u00b2, situada aproximadamente dois quil\u00f4metros do Centro da cidade, na estrada que d\u00e1 acesso ao distrito de Contrato.<\/p>\n<p><img decoding=\"async\" src=\"http:\/\/aconteceunovale.com.br\/portal\/wp-content\/uploads\/2016\/05\/projeto_se_itamarandiba_1.jpg\" alt=\"\" \/><\/p>\n<p><img decoding=\"async\" src=\"http:\/\/aconteceunovale.com.br\/portal\/wp-content\/uploads\/2016\/05\/projeto_se_itamarandiba_2.jpg\" alt=\"\" \/><\/p>\n<p><img decoding=\"async\" src=\"http:\/\/aconteceunovale.com.br\/portal\/wp-content\/uploads\/2016\/05\/projeto_se_itamarandiba_3.jpg\" alt=\"\" \/><\/p>\n<p><em>(Fonte e fotos: Ascom da Prefeitura Municipal de Itamarandiba)<\/em><\/p>\n","protected":false},"excerpt":{"rendered":"<p>Planejamento iniciado em 2014 e com previs\u00e3o de conclus\u00e3o para outubro de 2016, no dia 25 de maio, do corrente ano, chegou \u00e0 fase mais importante, pois nessa data, deu in\u00edcio ao servi\u00e7o de terraplenagem e obra civil da \u00e1rea onde ser\u00e1 montada a Subesta\u00e7\u00e3o de Itamarandiba. Al\u00e9m da prepara\u00e7\u00e3o do local para montagem da [&hellip;]<\/p>\n","protected":false},"author":1,"featured_media":87919,"comment_status":"open","ping_status":"closed","sticky":false,"template":"","format":"standard","meta":{"amp_status":"","footnotes":""},"categories":[272549,120],"tags":[132,96503,96504,32476,96500,1018,96502,149,96499,96498,96501],"class_list":["post-87916","post","type-post","status-publish","format-standard","has-post-thumbnail","hentry","category-itamarandiba","category-jequi","tag-capelinha","tag-cemig-inicia-servicos-de-terraplenagem-para-implantacao-da-subestacao-em-itamarandiba","tag-cemig-inicia-servicos-de-terraplenagem-para-implantacao-de-subestacao-em-itamarandiba","tag-cemig-itamarandiba","tag-construcao-de-subestacao-cemig-em-itamarandiba","tag-destaque","tag-helio-costa","tag-itamarandiba","tag-montagem-de-subestacao-cemig-em-itamarandiba","tag-subestacao-cemig-em-itamarandiba","tag-tecnico-em-montagem-eletromecanica-de-subestacoes-da-cemig"],"yoast_head":"<!-- This site is optimized with the Yoast SEO plugin v28.3 - https:\/\/yoast.com\/product\/yoast-seo-wordpress\/ -->\n<title>Cemig inicia servi\u00e7os de terraplenagem para implanta\u00e7\u00e3o de Subesta\u00e7\u00e3o em Itamarandiba - Aconteceu no Vale<\/title>\n<meta name=\"robots\" content=\"index, follow, max-snippet:-1, max-image-preview:large, max-video-preview:-1\" \/>\n<link rel=\"canonical\" href=\"https:\/\/aconteceunovale.com.br\/portal\/?p=87916\" \/>\n<meta property=\"og:locale\" content=\"pt_BR\" \/>\n<meta property=\"og:type\" content=\"article\" \/>\n<meta property=\"og:title\" content=\"Cemig inicia servi\u00e7os de terraplenagem para implanta\u00e7\u00e3o de Subesta\u00e7\u00e3o em Itamarandiba - Aconteceu no Vale\" \/>\n<meta property=\"og:description\" content=\"Planejamento iniciado em 2014 e com previs\u00e3o de conclus\u00e3o para outubro de 2016, no dia 25 de maio, do corrente ano, chegou \u00e0 fase mais importante, pois nessa data, deu in\u00edcio ao servi\u00e7o de terraplenagem e obra civil da \u00e1rea onde ser\u00e1 montada a Subesta\u00e7\u00e3o de Itamarandiba. Al\u00e9m da prepara\u00e7\u00e3o do local para montagem da [&hellip;]\" \/>\n<meta property=\"og:url\" content=\"https:\/\/aconteceunovale.com.br\/portal\/?p=87916\" \/>\n<meta property=\"og:site_name\" content=\"Aconteceu no Vale\" \/>\n<meta property=\"article:publisher\" content=\"https:\/\/www.facebook.com\/aconteceunovale\/\" \/>\n<meta property=\"article:published_time\" content=\"2016-05-29T16:49:55+00:00\" \/>\n<meta property=\"article:modified_time\" content=\"2026-09-02T16:05:47+00:00\" \/>\n<meta property=\"og:image\" content=\"https:\/\/aconteceunovale.com.br\/portal\/wp-content\/uploads\/2016\/05\/projeto_se_itamarandiba_3.jpg\" \/>\n\t<meta property=\"og:image:width\" content=\"678\" \/>\n\t<meta property=\"og:image:height\" content=\"424\" \/>\n\t<meta property=\"og:image:type\" content=\"image\/jpeg\" \/>\n<meta name=\"author\" content=\"Aconteceu no Vale\" \/>\n<meta name=\"twitter:card\" content=\"summary_large_image\" \/>\n<meta name=\"twitter:creator\" content=\"@noticiadosvales\" \/>\n<meta name=\"twitter:site\" content=\"@noticiadosvales\" \/>\n<meta name=\"twitter:label1\" content=\"Escrito por\" \/>\n\t<meta name=\"twitter:data1\" content=\"Aconteceu no Vale\" \/>\n\t<meta name=\"twitter:label2\" content=\"Est. tempo de leitura\" \/>\n\t<meta name=\"twitter:data2\" content=\"2 minutos\" \/>\n<script type=\"application\/ld+json\" class=\"yoast-schema-graph\">{\"@context\":\"https:\\\/\\\/schema.org\",\"@graph\":[{\"@type\":\"Article\",\"@id\":\"https:\\\/\\\/aconteceunovale.com.br\\\/portal\\\/?p=87916#article\",\"isPartOf\":{\"@id\":\"https:\\\/\\\/aconteceunovale.com.br\\\/portal\\\/?p=87916\"},\"author\":{\"name\":\"Aconteceu no Vale\",\"@id\":\"https:\\\/\\\/aconteceunovale.com.br\\\/portal\\\/#\\\/schema\\\/person\\\/633529146f2c94272bef50ac2953d589\"},\"headline\":\"Cemig inicia servi\u00e7os de terraplenagem para implanta\u00e7\u00e3o de Subesta\u00e7\u00e3o em Itamarandiba\",\"datePublished\":\"2016-05-29T16:49:55+00:00\",\"dateModified\":\"2026-09-02T16:05:47+00:00\",\"mainEntityOfPage\":{\"@id\":\"https:\\\/\\\/aconteceunovale.com.br\\\/portal\\\/?p=87916\"},\"wordCount\":353,\"commentCount\":0,\"image\":{\"@id\":\"https:\\\/\\\/aconteceunovale.com.br\\\/portal\\\/?p=87916#primaryimage\"},\"thumbnailUrl\":\"https:\\\/\\\/aconteceunovale.com.br\\\/portal\\\/wp-content\\\/uploads\\\/2016\\\/05\\\/projeto_se_itamarandiba_3.jpg\",\"keywords\":[\"Capelinha\",\"Cemig inicia servi\u00e7os de terraplenagem para implanta\u00e7\u00e3o da Subesta\u00e7\u00e3o em Itamarandiba\",\"Cemig inicia servi\u00e7os de terraplenagem para implanta\u00e7\u00e3o de Subesta\u00e7\u00e3o em Itamarandiba\",\"Cemig Itamarandiba\",\"Constru\u00e7\u00e3o de Subesta\u00e7\u00e3o Cemig em Itamarandiba\",\"destaque\",\"H\u00e9lio Costa\",\"Itamarandiba\",\"Montagem de Subesta\u00e7\u00e3o Cemig em Itamarandiba\",\"Subesta\u00e7\u00e3o Cemig em Itamarandiba\",\"T\u00e9cnico em Montagem Eletromec\u00e2nica de Subesta\u00e7\u00f5es da Cemig\"],\"articleSection\":[\"Itamarandiba\",\"Vale do Jequitinhonha\"],\"inLanguage\":\"pt-BR\",\"potentialAction\":[{\"@type\":\"CommentAction\",\"name\":\"Comment\",\"target\":[\"https:\\\/\\\/aconteceunovale.com.br\\\/portal\\\/?p=87916#respond\"]}]},{\"@type\":\"WebPage\",\"@id\":\"https:\\\/\\\/aconteceunovale.com.br\\\/portal\\\/?p=87916\",\"url\":\"https:\\\/\\\/aconteceunovale.com.br\\\/portal\\\/?p=87916\",\"name\":\"Cemig inicia servi\u00e7os de terraplenagem para implanta\u00e7\u00e3o de Subesta\u00e7\u00e3o em Itamarandiba - Aconteceu no Vale\",\"isPartOf\":{\"@id\":\"https:\\\/\\\/aconteceunovale.com.br\\\/portal\\\/#website\"},\"primaryImageOfPage\":{\"@id\":\"https:\\\/\\\/aconteceunovale.com.br\\\/portal\\\/?p=87916#primaryimage\"},\"image\":{\"@id\":\"https:\\\/\\\/aconteceunovale.com.br\\\/portal\\\/?p=87916#primaryimage\"},\"thumbnailUrl\":\"https:\\\/\\\/aconteceunovale.com.br\\\/portal\\\/wp-content\\\/uploads\\\/2016\\\/05\\\/projeto_se_itamarandiba_3.jpg\",\"datePublished\":\"2016-05-29T16:49:55+00:00\",\"dateModified\":\"2026-09-02T16:05:47+00:00\",\"author\":{\"@id\":\"https:\\\/\\\/aconteceunovale.com.br\\\/portal\\\/#\\\/schema\\\/person\\\/633529146f2c94272bef50ac2953d589\"},\"breadcrumb\":{\"@id\":\"https:\\\/\\\/aconteceunovale.com.br\\\/portal\\\/?p=87916#breadcrumb\"},\"inLanguage\":\"pt-BR\",\"potentialAction\":[{\"@type\":\"ReadAction\",\"target\":[\"https:\\\/\\\/aconteceunovale.com.br\\\/portal\\\/?p=87916\"]}]},{\"@type\":\"ImageObject\",\"inLanguage\":\"pt-BR\",\"@id\":\"https:\\\/\\\/aconteceunovale.com.br\\\/portal\\\/?p=87916#primaryimage\",\"url\":\"https:\\\/\\\/aconteceunovale.com.br\\\/portal\\\/wp-content\\\/uploads\\\/2016\\\/05\\\/projeto_se_itamarandiba_3.jpg\",\"contentUrl\":\"https:\\\/\\\/aconteceunovale.com.br\\\/portal\\\/wp-content\\\/uploads\\\/2016\\\/05\\\/projeto_se_itamarandiba_3.jpg\",\"width\":678,\"height\":424},{\"@type\":\"BreadcrumbList\",\"@id\":\"https:\\\/\\\/aconteceunovale.com.br\\\/portal\\\/?p=87916#breadcrumb\",\"itemListElement\":[{\"@type\":\"ListItem\",\"position\":1,\"name\":\"In\u00edcio\",\"item\":\"https:\\\/\\\/aconteceunovale.com.br\\\/portal\\\/\"},{\"@type\":\"ListItem\",\"position\":2,\"name\":\"Cemig inicia servi\u00e7os de terraplenagem para implanta\u00e7\u00e3o de Subesta\u00e7\u00e3o em Itamarandiba\"}]},{\"@type\":\"WebSite\",\"@id\":\"https:\\\/\\\/aconteceunovale.com.br\\\/portal\\\/#website\",\"url\":\"https:\\\/\\\/aconteceunovale.com.br\\\/portal\\\/\",\"name\":\"Aconteceu no Vale\",\"description\":\"Portal de Not\u00edcias\",\"potentialAction\":[{\"@type\":\"SearchAction\",\"target\":{\"@type\":\"EntryPoint\",\"urlTemplate\":\"https:\\\/\\\/aconteceunovale.com.br\\\/portal\\\/?s={search_term_string}\"},\"query-input\":{\"@type\":\"PropertyValueSpecification\",\"valueRequired\":true,\"valueName\":\"search_term_string\"}}],\"inLanguage\":\"pt-BR\"},{\"@type\":\"Person\",\"@id\":\"https:\\\/\\\/aconteceunovale.com.br\\\/portal\\\/#\\\/schema\\\/person\\\/633529146f2c94272bef50ac2953d589\",\"name\":\"Aconteceu no Vale\",\"description\":\"Equipe de reportagem do Aconteceu no Vale, portal de not\u00edcias do Vale do Jequitinhonha, em Minas Gerais. Cobrimos as 51 cidades do Vale desde 2013. Sugest\u00f5es de pauta e pedidos de corre\u00e7\u00e3o: contato@aconteceunovale.com.br\",\"sameAs\":[\"http:\\\/\\\/www.aconteceunovale.com.br\"],\"url\":\"https:\\\/\\\/aconteceunovale.com.br\\\/portal\\\/?author=1\"}]}<\/script>\n<!-- \/ Yoast SEO plugin. -->","yoast_head_json":{"title":"Cemig inicia servi\u00e7os de terraplenagem para implanta\u00e7\u00e3o de Subesta\u00e7\u00e3o em Itamarandiba - Aconteceu no Vale","robots":{"index":"index","follow":"follow","max-snippet":"max-snippet:-1","max-image-preview":"max-image-preview:large","max-video-preview":"max-video-preview:-1"},"canonical":"https:\/\/aconteceunovale.com.br\/portal\/?p=87916","og_locale":"pt_BR","og_type":"article","og_title":"Cemig inicia servi\u00e7os de terraplenagem para implanta\u00e7\u00e3o de Subesta\u00e7\u00e3o em Itamarandiba - Aconteceu no Vale","og_description":"Planejamento iniciado em 2014 e com previs\u00e3o de conclus\u00e3o para outubro de 2016, no dia 25 de maio, do corrente ano, chegou \u00e0 fase mais importante, pois nessa data, deu in\u00edcio ao servi\u00e7o de terraplenagem e obra civil da \u00e1rea onde ser\u00e1 montada a Subesta\u00e7\u00e3o de Itamarandiba. Al\u00e9m da prepara\u00e7\u00e3o do local para montagem da [&hellip;]","og_url":"https:\/\/aconteceunovale.com.br\/portal\/?p=87916","og_site_name":"Aconteceu no Vale","article_publisher":"https:\/\/www.facebook.com\/aconteceunovale\/","article_published_time":"2016-05-29T16:49:55+00:00","article_modified_time":"2026-09-02T16:05:47+00:00","og_image":[{"width":678,"height":424,"url":"https:\/\/aconteceunovale.com.br\/portal\/wp-content\/uploads\/2016\/05\/projeto_se_itamarandiba_3.jpg","type":"image\/jpeg"}],"author":"Aconteceu no Vale","twitter_card":"summary_large_image","twitter_creator":"@noticiadosvales","twitter_site":"@noticiadosvales","twitter_misc":{"Escrito por":"Aconteceu no Vale","Est. tempo de leitura":"2 minutos"},"schema":{"@context":"https:\/\/schema.org","@graph":[{"@type":"Article","@id":"https:\/\/aconteceunovale.com.br\/portal\/?p=87916#article","isPartOf":{"@id":"https:\/\/aconteceunovale.com.br\/portal\/?p=87916"},"author":{"name":"Aconteceu no Vale","@id":"https:\/\/aconteceunovale.com.br\/portal\/#\/schema\/person\/633529146f2c94272bef50ac2953d589"},"headline":"Cemig inicia servi\u00e7os de terraplenagem para implanta\u00e7\u00e3o de Subesta\u00e7\u00e3o em Itamarandiba","datePublished":"2016-05-29T16:49:55+00:00","dateModified":"2026-09-02T16:05:47+00:00","mainEntityOfPage":{"@id":"https:\/\/aconteceunovale.com.br\/portal\/?p=87916"},"wordCount":353,"commentCount":0,"image":{"@id":"https:\/\/aconteceunovale.com.br\/portal\/?p=87916#primaryimage"},"thumbnailUrl":"https:\/\/aconteceunovale.com.br\/portal\/wp-content\/uploads\/2016\/05\/projeto_se_itamarandiba_3.jpg","keywords":["Capelinha","Cemig inicia servi\u00e7os de terraplenagem para implanta\u00e7\u00e3o da Subesta\u00e7\u00e3o em Itamarandiba","Cemig inicia servi\u00e7os de terraplenagem para implanta\u00e7\u00e3o de Subesta\u00e7\u00e3o em Itamarandiba","Cemig Itamarandiba","Constru\u00e7\u00e3o de Subesta\u00e7\u00e3o Cemig em Itamarandiba","destaque","H\u00e9lio Costa","Itamarandiba","Montagem de Subesta\u00e7\u00e3o Cemig em Itamarandiba","Subesta\u00e7\u00e3o Cemig em Itamarandiba","T\u00e9cnico em Montagem Eletromec\u00e2nica de Subesta\u00e7\u00f5es da Cemig"],"articleSection":["Itamarandiba","Vale do Jequitinhonha"],"inLanguage":"pt-BR","potentialAction":[{"@type":"CommentAction","name":"Comment","target":["https:\/\/aconteceunovale.com.br\/portal\/?p=87916#respond"]}]},{"@type":"WebPage","@id":"https:\/\/aconteceunovale.com.br\/portal\/?p=87916","url":"https:\/\/aconteceunovale.com.br\/portal\/?p=87916","name":"Cemig inicia servi\u00e7os de terraplenagem para implanta\u00e7\u00e3o de Subesta\u00e7\u00e3o em Itamarandiba - Aconteceu no Vale","isPartOf":{"@id":"https:\/\/aconteceunovale.com.br\/portal\/#website"},"primaryImageOfPage":{"@id":"https:\/\/aconteceunovale.com.br\/portal\/?p=87916#primaryimage"},"image":{"@id":"https:\/\/aconteceunovale.com.br\/portal\/?p=87916#primaryimage"},"thumbnailUrl":"https:\/\/aconteceunovale.com.br\/portal\/wp-content\/uploads\/2016\/05\/projeto_se_itamarandiba_3.jpg","datePublished":"2016-05-29T16:49:55+00:00","dateModified":"2026-09-02T16:05:47+00:00","author":{"@id":"https:\/\/aconteceunovale.com.br\/portal\/#\/schema\/person\/633529146f2c94272bef50ac2953d589"},"breadcrumb":{"@id":"https:\/\/aconteceunovale.com.br\/portal\/?p=87916#breadcrumb"},"inLanguage":"pt-BR","potentialAction":[{"@type":"ReadAction","target":["https:\/\/aconteceunovale.com.br\/portal\/?p=87916"]}]},{"@type":"ImageObject","inLanguage":"pt-BR","@id":"https:\/\/aconteceunovale.com.br\/portal\/?p=87916#primaryimage","url":"https:\/\/aconteceunovale.com.br\/portal\/wp-content\/uploads\/2016\/05\/projeto_se_itamarandiba_3.jpg","contentUrl":"https:\/\/aconteceunovale.com.br\/portal\/wp-content\/uploads\/2016\/05\/projeto_se_itamarandiba_3.jpg","width":678,"height":424},{"@type":"BreadcrumbList","@id":"https:\/\/aconteceunovale.com.br\/portal\/?p=87916#breadcrumb","itemListElement":[{"@type":"ListItem","position":1,"name":"In\u00edcio","item":"https:\/\/aconteceunovale.com.br\/portal\/"},{"@type":"ListItem","position":2,"name":"Cemig inicia servi\u00e7os de terraplenagem para implanta\u00e7\u00e3o de Subesta\u00e7\u00e3o em Itamarandiba"}]},{"@type":"WebSite","@id":"https:\/\/aconteceunovale.com.br\/portal\/#website","url":"https:\/\/aconteceunovale.com.br\/portal\/","name":"Aconteceu no Vale","description":"Portal de Not\u00edcias","potentialAction":[{"@type":"SearchAction","target":{"@type":"EntryPoint","urlTemplate":"https:\/\/aconteceunovale.com.br\/portal\/?s={search_term_string}"},"query-input":{"@type":"PropertyValueSpecification","valueRequired":true,"valueName":"search_term_string"}}],"inLanguage":"pt-BR"},{"@type":"Person","@id":"https:\/\/aconteceunovale.com.br\/portal\/#\/schema\/person\/633529146f2c94272bef50ac2953d589","name":"Aconteceu no Vale","description":"Equipe de reportagem do Aconteceu no Vale, portal de not\u00edcias do Vale do Jequitinhonha, em Minas Gerais. Cobrimos as 51 cidades do Vale desde 2013. Sugest\u00f5es de pauta e pedidos de corre\u00e7\u00e3o: contato@aconteceunovale.com.br","sameAs":["http:\/\/www.aconteceunovale.com.br"],"url":"https:\/\/aconteceunovale.com.br\/portal\/?author=1"}]}},"_links":{"self":[{"href":"https:\/\/aconteceunovale.com.br\/portal\/index.php?rest_route=\/wp\/v2\/posts\/87916","targetHints":{"allow":["GET"]}}],"collection":[{"href":"https:\/\/aconteceunovale.com.br\/portal\/index.php?rest_route=\/wp\/v2\/posts"}],"about":[{"href":"https:\/\/aconteceunovale.com.br\/portal\/index.php?rest_route=\/wp\/v2\/types\/post"}],"author":[{"embeddable":true,"href":"https:\/\/aconteceunovale.com.br\/portal\/index.php?rest_route=\/wp\/v2\/users\/1"}],"replies":[{"embeddable":true,"href":"https:\/\/aconteceunovale.com.br\/portal\/index.php?rest_route=%2Fwp%2Fv2%2Fcomments&post=87916"}],"version-history":[{"count":1,"href":"https:\/\/aconteceunovale.com.br\/portal\/index.php?rest_route=\/wp\/v2\/posts\/87916\/revisions"}],"predecessor-version":[{"id":200800,"href":"https:\/\/aconteceunovale.com.br\/portal\/index.php?rest_route=\/wp\/v2\/posts\/87916\/revisions\/200800"}],"wp:featuredmedia":[{"embeddable":true,"href":"https:\/\/aconteceunovale.com.br\/portal\/index.php?rest_route=\/wp\/v2\/media\/87919"}],"wp:attachment":[{"href":"https:\/\/aconteceunovale.com.br\/portal\/index.php?rest_route=%2Fwp%2Fv2%2Fmedia&parent=87916"}],"wp:term":[{"taxonomy":"category","embeddable":true,"href":"https:\/\/aconteceunovale.com.br\/portal\/index.php?rest_route=%2Fwp%2Fv2%2Fcategories&post=87916"},{"taxonomy":"post_tag","embeddable":true,"href":"https:\/\/aconteceunovale.com.br\/portal\/index.php?rest_route=%2Fwp%2Fv2%2Ftags&post=87916"}],"curies":[{"name":"wp","href":"https:\/\/api.w.org\/{rel}","templated":true}]}}