{"id":87910,"date":"2016-05-28T20:49:34","date_gmt":"2016-05-28T23:49:34","guid":{"rendered":"http:\/\/aconteceunovale.com.br\/portal\/?p=87910"},"modified":"2016-05-28T20:49:34","modified_gmt":"2016-05-28T23:49:34","slug":"viatura-da-policia-militar-e-incendiada-por-jovens-alcoolizados-em-josenopolis-no-norte-de-minas","status":"publish","type":"post","link":"https:\/\/aconteceunovale.com.br\/portal\/?p=87910","title":{"rendered":"Viatura da Pol\u00edcia Militar \u00e9 incendiada por jovens alcoolizados em Josen\u00f3polis, no Norte de Minas"},"content":{"rendered":"<p>Uma viatura da Pol\u00edcia Militar (PM) foi incendiada na madrugada deste s\u00e1bado (28\/5) na cidade de Josen\u00f3polis, no Norte de Minas, por dois jovens alcoolizados. A dupla foi presa poucas horas ap\u00f3s o crime, e um deles afirmou ter colocado fogo no ve\u00edculo por n\u00e3o gostar da pol\u00edcia. N\u00e3o houve feridos.<\/p>\n<p>Os suspeitos contaram que viram uma viatura dos militares da 211\u00aa Cia pertencente ao 50\u00ba Batalh\u00e3o estacionada no Centro da cidade. Os militares haviam deixado o carro no local e seguiram a p\u00e9 para fazer a patrulha durante a &#8216;Festa do m\u00eas de Maio&#8217; que ocorre anualmente na cidade.<\/p>\n<p>Ao perceber que n\u00e3o havia ningu\u00e9m no carro, a dupla chegou a arrombar o ve\u00edculo para pegar um kit de seguran\u00e7a da PM e, em seguida, usaram o \u00e1lcool, que estava nele, para incendiar a viatura.<\/p>\n<p>Depois de perceber que as chamas estavam incendiando todo o carro, os criminosos fugiram. Por\u00e9m, os militares perceberam a fuma\u00e7a e, ao retornar para a viatura, viram as chamas. O fogo foi apagado pelos pr\u00f3prios militares, por\u00e9m, em menos de dez minutos, o carro j\u00e1 havia sido destru\u00eddo.<\/p>\n<p>As c\u00e2meras de uma igreja localizada no endere\u00e7o filmaram a a\u00e7\u00e3o criminosa e ajudaram a identificar os suspeitos. Poucas horas depois, a pol\u00edcia encontrou a dupla que estava alcoolizada.<\/p>\n<p>Um dos criminosos chegou a contar que \u00e9 de Ilhabela, em S\u00e3o Paulo. Na ocasi\u00e3o, ele acabou preso. A partir da\u00ed ele se irritou com a pol\u00edcia e decidiu danificar a viatura.<\/p>\n<p>O motivo dele ter sido preso ainda n\u00e3o foi divulgado. O outro suspeito \u00e9 natural do Estado da Bahia. Ambos foram encaminhados para a Delegacia de Pol\u00edcia Civil de plant\u00e3o. <\/p>\n<p><img decoding=\"async\" src=\"http:\/\/aconteceunovale.com.br\/portal\/wp-content\/uploads\/2016\/05\/incendio_pm_josenopolis.jpg\" alt=\"\" \/><em>Viatura ficou totalmente destru\u00edda (Foto: Divulga\u00e7\u00e3o \/ Pol\u00edcia Militar)<\/em><br \/>\n<\/br><\/p>\n<p><em>(Fonte: O Tempo \/ Rep\u00f3rter: Camila Kifer)<\/em><\/p>\n","protected":false},"excerpt":{"rendered":"<p>Uma viatura da Pol\u00edcia Militar (PM) foi incendiada na madrugada deste s\u00e1bado (28\/5) na cidade de Josen\u00f3polis, no Norte de Minas, por dois jovens alcoolizados. A dupla foi presa poucas horas ap\u00f3s o crime, e um deles afirmou ter colocado fogo no ve\u00edculo por n\u00e3o gostar da pol\u00edcia. N\u00e3o houve feridos. Os suspeitos contaram que [&hellip;]<\/p>\n","protected":false},"author":1,"featured_media":87911,"comment_status":"open","ping_status":"closed","sticky":false,"template":"","format":"standard","meta":{"amp_status":"","footnotes":""},"categories":[1236],"tags":[1018,96486,96483,2247,96489,96487,96485,96488,96484,96482],"class_list":["post-87910","post","type-post","status-publish","format-standard","has-post-thumbnail","hentry","category-norte_de_minas","tag-destaque","tag-incendio-em-viatura-da-pm-josenopolis","tag-incendio-viatura-josenopolis","tag-josenopolis","tag-viatura-da-pm-de-josenopolis","tag-viatura-da-pm-incendiada-em-josenopolis","tag-viatura-da-pm-queimada-em-josenopolis","tag-viatura-da-policia-militar-e-incendiada-por-jovens-alcoolizados-em-josenopolis","tag-viatura-incendiada-josenopolis","tag-viatura-queimada-em-josenopolis"],"_links":{"self":[{"href":"https:\/\/aconteceunovale.com.br\/portal\/index.php?rest_route=\/wp\/v2\/posts\/87910","targetHints":{"allow":["GET"]}}],"collection":[{"href":"https:\/\/aconteceunovale.com.br\/portal\/index.php?rest_route=\/wp\/v2\/posts"}],"about":[{"href":"https:\/\/aconteceunovale.com.br\/portal\/index.php?rest_route=\/wp\/v2\/types\/post"}],"author":[{"embeddable":true,"href":"https:\/\/aconteceunovale.com.br\/portal\/index.php?rest_route=\/wp\/v2\/users\/1"}],"replies":[{"embeddable":true,"href":"https:\/\/aconteceunovale.com.br\/portal\/index.php?rest_route=%2Fwp%2Fv2%2Fcomments&post=87910"}],"version-history":[{"count":0,"href":"https:\/\/aconteceunovale.com.br\/portal\/index.php?rest_route=\/wp\/v2\/posts\/87910\/revisions"}],"wp:featuredmedia":[{"embeddable":true,"href":"https:\/\/aconteceunovale.com.br\/portal\/index.php?rest_route=\/wp\/v2\/media\/87911"}],"wp:attachment":[{"href":"https:\/\/aconteceunovale.com.br\/portal\/index.php?rest_route=%2Fwp%2Fv2%2Fmedia&parent=87910"}],"wp:term":[{"taxonomy":"category","embeddable":true,"href":"https:\/\/aconteceunovale.com.br\/portal\/index.php?rest_route=%2Fwp%2Fv2%2Fcategories&post=87910"},{"taxonomy":"post_tag","embeddable":true,"href":"https:\/\/aconteceunovale.com.br\/portal\/index.php?rest_route=%2Fwp%2Fv2%2Ftags&post=87910"}],"curies":[{"name":"wp","href":"https:\/\/api.w.org\/{rel}","templated":true}]}}