{"id":87902,"date":"2016-05-28T09:11:40","date_gmt":"2016-05-28T12:11:40","guid":{"rendered":"http:\/\/aconteceunovale.com.br\/portal\/?p=87902"},"modified":"2016-05-28T09:11:40","modified_gmt":"2016-05-28T12:11:40","slug":"minas-gerais-tem-3-635-escolas-publicas-inscritas-na-olimpiada-de-lingua-portuguesa","status":"publish","type":"post","link":"https:\/\/aconteceunovale.com.br\/portal\/?p=87902","title":{"rendered":"Minas Gerais tem 3.635 escolas p\u00fablicas inscritas na Olimp\u00edada de L\u00edngua Portuguesa"},"content":{"rendered":"<p>A edi\u00e7\u00e3o deste ano da\u00a0<a href=\"https:\/\/www.escrevendoofuturo.org.br\/\" target=\"_blank\"><font color=\"blue\">Olimp\u00edada de L\u00edngua Portuguesa Escrevendo o Futuro<\/font><\/a>\u00a0recebeu 3.635 inscri\u00e7\u00f5es de escolas p\u00fablicas mineiras. Dessas, 1.936 s\u00e3o da rede estadual de ensino.<\/p>\n<p>O n\u00famero de professores da rede estadual de ensino que se inscreveu na competi\u00e7\u00e3o tamb\u00e9m foi expressivo. Foram 4.549 educadores inscritos, sendo que o total de inscri\u00e7\u00f5es nas categorias foi de 11.130 (o mesmo professor pode se inscrever em uma ou v\u00e1rias categorias, de acordo com as turmas com que trabalha). Os dados s\u00e3o da coordena\u00e7\u00e3o da Olimp\u00edada.<\/p>\n<p>A competi\u00e7\u00e3o \u00e9 dedicada a professores dos anos finais do ensino fundamental e do ensino m\u00e9dio de escolas p\u00fablicas brasileiras e tem por objetivo colaborar para a melhoria do ensino da leitura e da escrita.<\/p>\n<p>O tema da edi\u00e7\u00e3o deste ano da competi\u00e7\u00e3o \u00e9 \u201cO lugar onde vivo\u201d, que propicia aos alunos estreitar v\u00ednculos com a comunidade e aprofundar o conhecimento sobre a realidade, contribuindo para o desenvolvimento de sua cidadania.<\/p>\n<p>O professor inscrito dever\u00e1 orientar seus alunos a escrever um texto, em l\u00edngua portuguesa, original e de autoria exclusiva de cada aluno nas categorias: Poema (dedicado aos alunos do 5\u00ba e 6\u00ba ano do ensino fundamental), Mem\u00f3rias Liter\u00e1rias (alunos do 7\u00ba e 8\u00ba ano do ensino fundamental), Cr\u00f4nica (estudantes do 9\u00ba ano do ensino fundamental e do 1\u00ba ano do ensino m\u00e9dio) e Artigo de Opini\u00e3o (2\u00ba e 3\u00ba ano do ensino m\u00e9dio).<\/p>\n<p>A Olimp\u00edada de L\u00edngua Portuguesa Escrevendo o Futuro \u00e9 um concurso de produ\u00e7\u00e3o de textos para alunos de escolas p\u00fablicas de todo o pa\u00eds, do 5\u00ba ano do ensino fundamental ao 3\u00ba ano do ensino m\u00e9dio. Iniciativa do Minist\u00e9rio da Educa\u00e7\u00e3o e da Funda\u00e7\u00e3o Ita\u00fa Social, com coordena\u00e7\u00e3o t\u00e9cnica do Centro de Estudos e Pesquisas em Educa\u00e7\u00e3o, Cultura e A\u00e7\u00e3o Comunit\u00e1ria (Cenpec), este ano est\u00e1 em sua 5\u00aa edi\u00e7\u00e3o. (Ag\u00eancia Minas)<\/p>\n","protected":false},"excerpt":{"rendered":"<p>A edi\u00e7\u00e3o deste ano da\u00a0Olimp\u00edada de L\u00edngua Portuguesa Escrevendo o Futuro\u00a0recebeu 3.635 inscri\u00e7\u00f5es de escolas p\u00fablicas mineiras. Dessas, 1.936 s\u00e3o da rede estadual de ensino. O n\u00famero de professores da rede estadual de ensino que se inscreveu na competi\u00e7\u00e3o tamb\u00e9m foi expressivo. Foram 4.549 educadores inscritos, sendo que o total de inscri\u00e7\u00f5es nas categorias foi [&hellip;]<\/p>\n","protected":false},"author":1,"featured_media":87903,"comment_status":"open","ping_status":"closed","sticky":false,"template":"","format":"standard","meta":{"amp_status":"","footnotes":""},"categories":[40238,123],"tags":[96470,96472,96469,96471,96473,96474,96468,96475],"class_list":["post-87902","post","type-post","status-publish","format-standard","has-post-thumbnail","hentry","category-educacao-2","category-gerais","tag-escolas-de-minas-gerais-na-olimpiada-de-lingua-portuguesa-escrevendo-o-futuro","tag-escolas-publicas-mineiras-inscritas-na-olimpiada-de-lingua-portuguesa","tag-minas-gerais-na-olimpiada-de-lingua-portuguesa-escrevendo-o-futuro","tag-minas-gerais-tem-3-635-escolas-publicas-inscritas-na-olimpiada-de-lingua-portuguesa","tag-olimpiada-de-lingua-portuguesa","tag-olimpiada-de-lingua-portuguesa-2016","tag-olimpiada-de-lingua-portuguesa-escrevendo-o-futuro","tag-olimpiada-de-lingua-portuguesa-escrevendo-o-futuro-2016"],"_links":{"self":[{"href":"https:\/\/aconteceunovale.com.br\/portal\/index.php?rest_route=\/wp\/v2\/posts\/87902","targetHints":{"allow":["GET"]}}],"collection":[{"href":"https:\/\/aconteceunovale.com.br\/portal\/index.php?rest_route=\/wp\/v2\/posts"}],"about":[{"href":"https:\/\/aconteceunovale.com.br\/portal\/index.php?rest_route=\/wp\/v2\/types\/post"}],"author":[{"embeddable":true,"href":"https:\/\/aconteceunovale.com.br\/portal\/index.php?rest_route=\/wp\/v2\/users\/1"}],"replies":[{"embeddable":true,"href":"https:\/\/aconteceunovale.com.br\/portal\/index.php?rest_route=%2Fwp%2Fv2%2Fcomments&post=87902"}],"version-history":[{"count":0,"href":"https:\/\/aconteceunovale.com.br\/portal\/index.php?rest_route=\/wp\/v2\/posts\/87902\/revisions"}],"wp:featuredmedia":[{"embeddable":true,"href":"https:\/\/aconteceunovale.com.br\/portal\/index.php?rest_route=\/wp\/v2\/media\/87903"}],"wp:attachment":[{"href":"https:\/\/aconteceunovale.com.br\/portal\/index.php?rest_route=%2Fwp%2Fv2%2Fmedia&parent=87902"}],"wp:term":[{"taxonomy":"category","embeddable":true,"href":"https:\/\/aconteceunovale.com.br\/portal\/index.php?rest_route=%2Fwp%2Fv2%2Fcategories&post=87902"},{"taxonomy":"post_tag","embeddable":true,"href":"https:\/\/aconteceunovale.com.br\/portal\/index.php?rest_route=%2Fwp%2Fv2%2Ftags&post=87902"}],"curies":[{"name":"wp","href":"https:\/\/api.w.org\/{rel}","templated":true}]}}