{"id":87881,"date":"2016-05-27T16:10:11","date_gmt":"2016-05-27T19:10:11","guid":{"rendered":"http:\/\/aconteceunovale.com.br\/portal\/?p=87881"},"modified":"2016-05-27T16:10:51","modified_gmt":"2016-05-27T19:10:51","slug":"apos-estupro-coletivo-no-rj-temer-anuncia-departamento-na-pf-para-combater-crimes-contra-mulher","status":"publish","type":"post","link":"https:\/\/aconteceunovale.com.br\/portal\/?p=87881","title":{"rendered":"Ap\u00f3s estupro coletivo no RJ, Temer anuncia departamento na PF para combater crimes contra mulher"},"content":{"rendered":"<p>O presidente interino, Michel Temer, divulgou hoje (27\/5) nota de rep\u00fadio ao estupro de uma jovem de 16 anos, no \u00faltimo fim de semana, no morro S\u00e3o Jos\u00e9 Oper\u00e1rio, em Jacarepagu\u00e1, zona oeste do Rio de Janeiro. De acordo com o relato da jovem \u00e0 pol\u00edcia, ela teria sido violentada por 33 homens. Na mesma nota, Temer diz que ir\u00e1 criar um departamento na Pol\u00edcia Federal para investigar crimes contra a mulher.<\/p>\n<p>\u201c\u00c9 um absurdo que, em pleno s\u00e9culo 21, tenhamos que conviver com crimes b\u00e1rbaros como esse\u201d, avaliou Temer. O comunicado destaca que o Minist\u00e9rio da Justi\u00e7a e Cidadania convocou uma reuni\u00e3o para a pr\u00f3xima ter\u00e7a-feira (31) com secret\u00e1rios de seguran\u00e7a p\u00fablica de todo o pa\u00eds em uma tentativa de combater a viol\u00eancia contra mulheres.<\/p>\n<p>Ainda segundo Temer, ser\u00e1 criado um departamento na Pol\u00edcia Federal \u2013 semelhante \u00e0 Delegacia da Mulher da Secretaria de Seguran\u00e7a P\u00fablica de S\u00e3o Paulo \u2013 para agrupar informa\u00e7\u00f5es estaduais e coordenar a\u00e7\u00f5es em todo pa\u00eds. Quando atuou como secret\u00e1rio de Seguran\u00e7a do governo de S\u00e3o Paulo, Michel Temer instituiu a primeira Delegacia da Mulher no Brasil.<\/p>\n<p>\u201cNosso governo est\u00e1 mobilizado, juntamente \u00e0 Secretaria de Seguran\u00e7a P\u00fablica do Rio de Janeiro, para apurar as responsabilidades e punir com rigor os autores do estupro e da divulga\u00e7\u00e3o do ato criminoso nas redes sociais\u201d, concluiu o presidente interino.<\/p>\n<p>Mais cedo, o ministro da Justi\u00e7a e Cidadania, Alexandre de Moraes, divulgou nota de rep\u00fadio ao estupro. No comunicado, o ministro afirma repudiar veementemente o que chamou de crime hediondo praticado contra a adolescente. O estupro, na avalia\u00e7\u00e3o de Moraes, representa a maior viol\u00eancia \u00e0 dignidade da mulher e deve ser duramente reprimido.<\/p>\n<p><strong>Caso<\/strong><\/p>\n<p>A Pol\u00edcia Civil do Rio de Janeiro j\u00e1 identificou quatro homens suspeitos de terem participado do estupro de uma jovem de 16 anos, no fim de semana passado, no morro S\u00e3o Jos\u00e9 Oper\u00e1rio, em Jacarepagu\u00e1, zona oeste do Rio. De acordo com relato da jovem \u00e0 pol\u00edcia, ela teria sido estuprada por 33 homens.<\/p>\n<p>Em depoimento \u00e0 pol\u00edcia, a adolescente contou que foi visitar o namorado em uma casa no alto da comunidade que era usada por homens ligados ao tr\u00e1fico de drogas na regi\u00e3o. Imagens postadas pelos supostos agressores no Twitter geraram indigna\u00e7\u00e3o ao mostrarem a menina desacordada e nua. No v\u00eddeo, um homem admite: \u201cuns 30 caras passaram por ela\u201d.<\/p>\n<p>Dos quatro identificados at\u00e9 o momento, dois s\u00e3o suspeitos de terem divulgado as imagens nas redes sociais; um \u00e9 o rapaz que tinha um relacionamento com a jovem; e o quarto identificado aparece no v\u00eddeo ao lado da garota.<\/p>\n<p>Em nota, a Pol\u00edcia Civil informa que a Delegacia de Repress\u00e3o aos Crimes de Inform\u00e1tica (DRCI) e a Delegacia da Crian\u00e7a e do Adolescente V\u00edtima (DCAV) est\u00e3o trabalhando de forma integrada na investiga\u00e7\u00e3o do crime.<\/p>\n<p>A v\u00edtima do estupro coletivo foi levada na manh\u00e3 de ontem (26) para o setor de ginecologia do Hospital Maternidade Maria Am\u00e9lia, no centro do Rio, onde fez exames e tomou medicamentos para evitar doen\u00e7as sexualmente transmiss\u00edveis e aids.<\/p>\n<p><strong>Piau\u00ed<\/strong><\/p>\n<p>No Piau\u00ed, a Pol\u00edcia Civil tamb\u00e9m investiga caso de estupro coletivo, com a participa\u00e7\u00e3o de pelo menos cinco pessoas que teriam violentado uma adolescente de 17 anos no munic\u00edpio de Bom Jesus na \u00faltima sexta-feira (20). At\u00e9 o momento, quatro menores de idade e um rapaz foram presos suspeitos de participa\u00e7\u00e3o no crime.<\/p>\n<p>De acordo com a corpora\u00e7\u00e3o, a jovem foi encontrada amarrada em uma obra abandonada. A v\u00edtima precisou receber atendimento m\u00e9dico, mas j\u00e1 recebeu alta. Ap\u00f3s uma briga com o namorado, ela teria ingerido bebida alco\u00f3lica e os suspeitos se aproveitaram do momento para cometer o crime.<\/p>\n<p>A Pol\u00edcia Civil ainda aguarda o resultado de exames periciais.<\/p>\n<p>Em nota divulgada ontem (26), a ONU Mulheres Brasil se solidarizou com a jovem e com a adolescente de 16 anos tamb\u00e9m v\u00edtima de estupro coletivo no Rio de Janeiro. No comunicado, a entidade pede ao Poder P\u00fablico dos dois estados que seja incorporada a perspectiva de g\u00eanero na investiga\u00e7\u00e3o, no processo e no julgamento dos casos. A organiza\u00e7\u00e3o tamb\u00e9m pede \u00e0 sociedade brasileira \u201ctoler\u00e2ncia zero\u201d a todas as formas de viol\u00eancia contra as mulheres e a sua banaliza\u00e7\u00e3o. (Ag\u00eancia Brasil)<\/p>\n","protected":false},"excerpt":{"rendered":"<p>O presidente interino, Michel Temer, divulgou hoje (27\/5) nota de rep\u00fadio ao estupro de uma jovem de 16 anos, no \u00faltimo fim de semana, no morro S\u00e3o Jos\u00e9 Oper\u00e1rio, em Jacarepagu\u00e1, zona oeste do Rio de Janeiro. De acordo com o relato da jovem \u00e0 pol\u00edcia, ela teria sido violentada por 33 homens. Na mesma [&hellip;]<\/p>\n","protected":false},"author":1,"featured_media":87081,"comment_status":"open","ping_status":"closed","sticky":false,"template":"","format":"standard","meta":{"amp_status":"","footnotes":""},"categories":[6],"tags":[96430,96428,96427,96426,96429,96422,96418,96416,96420,96421,96424,96419,77698,96425,20181,96417,96415,20966,93892,94728,96431,36712,96423],"class_list":["post-87881","post","type-post","status-publish","format-standard","has-post-thumbnail","hentry","category-br","tag-apos-estupro-coletivo-no-rj","tag-departamento-na-pf-para-investigar-crimes-contra-a-mulher","tag-departamento-na-policia-federal-para-investigar-crimes-contra-a-mulher","tag-estuprada-por-33-homens-no-rio-de-janeiro","tag-estupro-coletivo","tag-estupro-coletivo-jacarepagua","tag-estupro-coletivo-no-morro-sao-jose-operario","tag-estupro-coletivo-no-rio-de-janeiro","tag-estupro-coletivo-rio-de-janeiro","tag-estupro-coletivo-rj","tag-estupro-coletivo-zona-oeste-do-rio-de-janeiro","tag-estupro-no-rio-de-janeiro","tag-jacarepagua","tag-jovem-estuprada-por-33-homens-no-rio-de-janeiroe","tag-michel-temer","tag-morro-sao-jose-operario","tag-nota-de-repudio-ao-estupro-de-uma-jovem-de-16-anos-no-rio-de-janeiro","tag-pf","tag-presidente-interino","tag-presidente-interino-michel-temer","tag-temer-anuncia-departamento-na-pf-para-combater-crimes-contra-mulher","tag-violencia-contra-a-mulher","tag-zona-oeste-do-rio-de-janeiro"],"_links":{"self":[{"href":"https:\/\/aconteceunovale.com.br\/portal\/index.php?rest_route=\/wp\/v2\/posts\/87881","targetHints":{"allow":["GET"]}}],"collection":[{"href":"https:\/\/aconteceunovale.com.br\/portal\/index.php?rest_route=\/wp\/v2\/posts"}],"about":[{"href":"https:\/\/aconteceunovale.com.br\/portal\/index.php?rest_route=\/wp\/v2\/types\/post"}],"author":[{"embeddable":true,"href":"https:\/\/aconteceunovale.com.br\/portal\/index.php?rest_route=\/wp\/v2\/users\/1"}],"replies":[{"embeddable":true,"href":"https:\/\/aconteceunovale.com.br\/portal\/index.php?rest_route=%2Fwp%2Fv2%2Fcomments&post=87881"}],"version-history":[{"count":0,"href":"https:\/\/aconteceunovale.com.br\/portal\/index.php?rest_route=\/wp\/v2\/posts\/87881\/revisions"}],"wp:featuredmedia":[{"embeddable":true,"href":"https:\/\/aconteceunovale.com.br\/portal\/index.php?rest_route=\/wp\/v2\/media\/87081"}],"wp:attachment":[{"href":"https:\/\/aconteceunovale.com.br\/portal\/index.php?rest_route=%2Fwp%2Fv2%2Fmedia&parent=87881"}],"wp:term":[{"taxonomy":"category","embeddable":true,"href":"https:\/\/aconteceunovale.com.br\/portal\/index.php?rest_route=%2Fwp%2Fv2%2Fcategories&post=87881"},{"taxonomy":"post_tag","embeddable":true,"href":"https:\/\/aconteceunovale.com.br\/portal\/index.php?rest_route=%2Fwp%2Fv2%2Ftags&post=87881"}],"curies":[{"name":"wp","href":"https:\/\/api.w.org\/{rel}","templated":true}]}}