{"id":87804,"date":"2016-05-25T17:32:07","date_gmt":"2016-05-25T20:32:07","guid":{"rendered":"http:\/\/aconteceunovale.com.br\/portal\/?p=87804"},"modified":"2016-05-25T17:32:07","modified_gmt":"2016-05-25T20:32:07","slug":"gilmar-mendes-devolve-a-pgr-segundo-pedido-de-abertura-de-inquerito-contra-aecio-neves","status":"publish","type":"post","link":"https:\/\/aconteceunovale.com.br\/portal\/?p=87804","title":{"rendered":"Gilmar Mendes devolve \u00e0 PGR segundo pedido de abertura de inqu\u00e9rito contra A\u00e9cio Neves"},"content":{"rendered":"<p>O ministro Gilmar Mendes, do Supremo Tribunal Federal (STF), devolveu \u00e0 Procuradoria-Geral da Rep\u00fablica (PGR) o segundo pedido de abertura de inqu\u00e9rito contra o senador A\u00e9cio Neves (PSDB-MG) feito pela pr\u00f3pria procuradoria. O ministro determinou que seja dada vista ao procurador-geral da Rep\u00fablica, Rodrigo Janot.<\/p>\n<p>Na semana passada, Mendes foi designado pelo presidente da Corte, Ricardo Lewandowski, como relator do segundo pedido. A escolha do ministro foi feita depois que o tamb\u00e9m ministro do STF, Teori Zavascki, relator dos processos relativos \u00e0 Opera\u00e7\u00e3o Lava Jato no STF, pediu \u00e0 presid\u00eancia do Supremo que o novo pedido fosse redistribu\u00eddo, por entender que n\u00e3o tem rela\u00e7\u00e3o com a Lava Jato.<\/p>\n<p>O segundo pedido de abertura de inqu\u00e9rito \u00e9 relativo ao conte\u00fado da dela\u00e7\u00e3o premiada do senador cassado Delc\u00eddio do Amaral. Janot citou, al\u00e9m de A\u00e9cio Neves, o deputado federal Carlos Sampaio (PSDB-SP) e o ex-deputado e atual prefeito do Rio de Janeiro Eduardo Paes (PMDB).<\/p>\n<p>De acordo com o ex-senador Delc\u00eddio do Amaral, durante os trabalhos da Comiss\u00e3o Parlamentar Mista de Inqu\u00e9ritos (CPMI) dos Correios, criada para investigar den\u00fancias do mensal\u00e3o, A\u00e9cio Neves, \u00e0 \u00e9poca governador de Minas Gerais, \u201cenviou emiss\u00e1rios&#8221; para barrar quebras de sigilo de pessoas e empresas investigadas, entre elas o Banco Rural. Segundo Delc\u00eddio do Amaral, um dos emiss\u00e1rios era Eduardo Paes, ent\u00e3o secret\u00e1rio-geral do PSDB.<\/p>\n<p>Delc\u00eddio afirmou, na dela\u00e7\u00e3o, que o relat\u00f3rio final da CPMI dos Correios foi aprovado com &#8220;dados maquiados&#8221; e que Paes e o deputado Carlos Sampaio tinham conhecimento dos fatos. Na \u00e9poca em que o pedido foi apresentado ao STF, A\u00e9cio Neves, Carlos Sampaio e Eduardo Paes, por meio de notas, negaram as acusa\u00e7\u00f5es.<\/p>\n<p>Mendes j\u00e1 \u00e9 relator de um inqu\u00e9rito que teve o pedido de abertura feito tamb\u00e9m pela PGR contra o senador. O inqu\u00e9rito chegou a ser aberto por Mendes depois que o pedido de abertura foi redistribu\u00eddo, j\u00e1 que Teori Zavascki entendeu que n\u00e3o tinha rela\u00e7\u00e3o com a Lava Jato. No dia seguinte \u00e0 abertura, Mendes suspendeu a coleta de provas e devolveu o inqu\u00e9rito a Janot, para reavalia\u00e7\u00e3o. No despacho, Mendes ressaltou que a defesa do senador demonstrou n\u00e3o existirem novos fatos que embasem o pedido de investiga\u00e7\u00e3o. (Ag\u00eancia Brasil)<\/p>\n","protected":false},"excerpt":{"rendered":"<p>O ministro Gilmar Mendes, do Supremo Tribunal Federal (STF), devolveu \u00e0 Procuradoria-Geral da Rep\u00fablica (PGR) o segundo pedido de abertura de inqu\u00e9rito contra o senador A\u00e9cio Neves (PSDB-MG) feito pela pr\u00f3pria procuradoria. O ministro determinou que seja dada vista ao procurador-geral da Rep\u00fablica, Rodrigo Janot. Na semana passada, Mendes foi designado pelo presidente da Corte, [&hellip;]<\/p>\n","protected":false},"author":1,"featured_media":87805,"comment_status":"open","ping_status":"closed","sticky":false,"template":"","format":"standard","meta":{"amp_status":"","footnotes":""},"categories":[6,40240],"tags":[93822,93821,2728,47612,96272,94939,78303,96274,85356,92104,96275,96273],"class_list":["post-87804","post","type-post","status-publish","format-standard","has-post-thumbnail","hentry","category-br","category-politica-2","tag-abertura-de-inquerito","tag-abertura-de-inquerito-contra-aecio-neves","tag-aecio-neves","tag-gilmar-mendes","tag-gilmar-mendes-devolve-a-pgr-segundo-pedido-de-abertura-de-inquerito-contra-aecio-neves","tag-inquerito-contra-aecio-neves","tag-investigacao-aecio-neves","tag-pedido-de-abertura-de-inquerito-contra-aecio-neves","tag-pgr","tag-processo-aecio-neves","tag-segundo-pedido","tag-segundo-pedido-de-abertura-de-inquerito-contra-aecio-neves"],"_links":{"self":[{"href":"https:\/\/aconteceunovale.com.br\/portal\/index.php?rest_route=\/wp\/v2\/posts\/87804","targetHints":{"allow":["GET"]}}],"collection":[{"href":"https:\/\/aconteceunovale.com.br\/portal\/index.php?rest_route=\/wp\/v2\/posts"}],"about":[{"href":"https:\/\/aconteceunovale.com.br\/portal\/index.php?rest_route=\/wp\/v2\/types\/post"}],"author":[{"embeddable":true,"href":"https:\/\/aconteceunovale.com.br\/portal\/index.php?rest_route=\/wp\/v2\/users\/1"}],"replies":[{"embeddable":true,"href":"https:\/\/aconteceunovale.com.br\/portal\/index.php?rest_route=%2Fwp%2Fv2%2Fcomments&post=87804"}],"version-history":[{"count":0,"href":"https:\/\/aconteceunovale.com.br\/portal\/index.php?rest_route=\/wp\/v2\/posts\/87804\/revisions"}],"wp:featuredmedia":[{"embeddable":true,"href":"https:\/\/aconteceunovale.com.br\/portal\/index.php?rest_route=\/wp\/v2\/media\/87805"}],"wp:attachment":[{"href":"https:\/\/aconteceunovale.com.br\/portal\/index.php?rest_route=%2Fwp%2Fv2%2Fmedia&parent=87804"}],"wp:term":[{"taxonomy":"category","embeddable":true,"href":"https:\/\/aconteceunovale.com.br\/portal\/index.php?rest_route=%2Fwp%2Fv2%2Fcategories&post=87804"},{"taxonomy":"post_tag","embeddable":true,"href":"https:\/\/aconteceunovale.com.br\/portal\/index.php?rest_route=%2Fwp%2Fv2%2Ftags&post=87804"}],"curies":[{"name":"wp","href":"https:\/\/api.w.org\/{rel}","templated":true}]}}