{"id":87802,"date":"2016-05-25T17:09:38","date_gmt":"2016-05-25T20:09:38","guid":{"rendered":"http:\/\/aconteceunovale.com.br\/portal\/?p=87802"},"modified":"2016-05-25T17:50:19","modified_gmt":"2016-05-25T20:50:19","slug":"minas-gerais-volta-a-liderar-ranking-do-desmatamento-da-mata-atlantica","status":"publish","type":"post","link":"https:\/\/aconteceunovale.com.br\/portal\/?p=87802","title":{"rendered":"Minas Gerais volta a liderar ranking do desmatamento da Mata Atl\u00e2ntica"},"content":{"rendered":"<p>Ap\u00f3s dois anos consecutivos de queda nos \u00edndices de supress\u00e3o de Mata Atl\u00e2ntica, inclusive saindo do primeiro lugar em desmatamento, Minas Gerais voltou a ocupar a lideran\u00e7a no desmatamento do bioma em todo o pa\u00eds, conforme dados divulgados pela Funda\u00e7\u00e3o SOS Mata Atl\u00e2ntica nesta quarta-feira, 25 de maio.<\/p>\n<p>Nos anos de 2014 e 2015, o estado havia reduzido expressivamente a \u00e1rea de desmatamento. Entretanto, segundo o Atlas da Mata Atl\u00e2ntica, somente no \u00faltimo ano foram suprimidos 7.702 hectares de vegeta\u00e7\u00e3o do bioma, o que corresponde a um aumento de 37% frente ao ano anterior. Ao divulgar os dados do desmatamento, a Funda\u00e7\u00e3o SOS Mata Atl\u00e2ntica registrou que, em Minas, uma das principais causas dos \u00edndices atingidos resulta da atividade de minera\u00e7\u00e3o.<\/p>\n<p>Segundo os promotores de Justi\u00e7a Carlos Eduardo Ferreira Pinto e Felipe Faria de Oliveira, o resultado \u00e9 fruto de diversos retrocessos ambientais identificados nos \u00faltimos meses. \u201cEste \u00e9 um exemplo claro de que a preserva\u00e7\u00e3o ambiental demanda atua\u00e7\u00e3o constante, e n\u00e3o meramente pontual ou midi\u00e1tica. Ap\u00f3s dois anos de intenso trabalho e o ajuizamento de diversas a\u00e7\u00f5es pelo Minist\u00e9rio P\u00fablico de Minas Gerais (MPMG), redundando na queda dos \u00edndices de supress\u00e3o, o Estado entendeu por bem retroceder em diversas \u00e1reas na legisla\u00e7\u00e3o ambiental, culminando, justamente, na eleva\u00e7\u00e3o do desmatamento. Exemplos claros desse retrocesso s\u00e3o a revoga\u00e7\u00e3o parcial, em outubro de 2015, da morat\u00f3ria que suspendia novas autoriza\u00e7\u00f5es de desmate e a Lei n\u00ba. 20.922, conhecida como C\u00f3digo Florestal Estadual, que veio a flexibilizar a legisla\u00e7\u00e3o ambiental em nosso estado\u201d,  avaliam os promotores de Justi\u00e7a.<\/p>\n<p>Ainda segundo os promotores de Justi\u00e7a, a situa\u00e7\u00e3o deve se agravar ainda mais. \u201cInfelizmente, h\u00e1 indicativos de que a situa\u00e7\u00e3o venha a piorar em nosso estado com a enorme flexibiliza\u00e7\u00e3o do licenciamento ambiental ocorrida nos \u00faltimos meses com a Lei Estadual n\u00ba. 21.972, de 2016, que ir\u00e1 propiciar \u00edndices de desmatamento n\u00e3o controlado ainda maiores. De todo modo, o MPMG continua ajuizando a\u00e7\u00f5es em face de irregularidades constatadas. Uma das principais a\u00e7\u00f5es se refere a irregularidades praticadas no sistema de licenciamento ambiental, em especial a dispensa da licen\u00e7a em casos em que h\u00e1 supress\u00e3o de vegeta\u00e7\u00e3o preservada de Mata Atl\u00e2ntica. Essa a\u00e7\u00e3o, ajuizada em 2014,  aguarda julgamento na 7\u00aa Vara da Fazenda P\u00fablica em Belo Horizonte\u201d, esclarecem.<\/p>\n<p><img decoding=\"async\" src=\"http:\/\/aconteceunovale.com.br\/portal\/wp-content\/uploads\/2015\/04\/fiscalizacao-investiga-desmatamentos-ilegais-no-nordeste-de-minas.jpg\" alt=\"\" \/><em>Minas lidera ranking do desmatamento da Mata Atl\u00e2ntica \u2013 Foto: Wellington Pedro \/ Divulga\u00e7\u00e3o<\/em><br \/>\n<\/br><\/p>\n<p><em>(Fonte: Centro de Apoio Operacional das Promotorias de Justi\u00e7a de Defesa do Meio Ambiente)<\/em><\/p>\n","protected":false},"excerpt":{"rendered":"<p>Ap\u00f3s dois anos consecutivos de queda nos \u00edndices de supress\u00e3o de Mata Atl\u00e2ntica, inclusive saindo do primeiro lugar em desmatamento, Minas Gerais voltou a ocupar a lideran\u00e7a no desmatamento do bioma em todo o pa\u00eds, conforme dados divulgados pela Funda\u00e7\u00e3o SOS Mata Atl\u00e2ntica nesta quarta-feira, 25 de maio. Nos anos de 2014 e 2015, o [&hellip;]<\/p>\n","protected":false},"author":1,"featured_media":56831,"comment_status":"open","ping_status":"closed","sticky":false,"template":"","format":"standard","meta":{"amp_status":"","footnotes":""},"categories":[123],"tags":[96262,39410,96268,1018,96264,96266,96265,96267,27279,27109,96263,96269,96271,96261,96270,96307],"class_list":["post-87802","post","type-post","status-publish","format-standard","has-post-thumbnail","hentry","category-gerais","tag-campeao-na-destruicao-da-mata-atlantica","tag-carlos-eduardo-ferreira-pinto","tag-codigo-florestal-estadual","tag-destaque","tag-destruicao-da-mata-atlantica","tag-destruicao-da-mata-atlantica-em-minas","tag-destruicao-da-mata-atlantica-em-minas-gerais","tag-estudo-fundacao-sos-mata-atlantica","tag-felipe-faria-de-oliveira","tag-fundacao-sos-mata-atlantica","tag-minas-gerais-e-campea-na-destruicao-da-mata-atlantica","tag-minas-gerais-volta-a-liderar-ranking-do-desmatamento-da-mata-atlantica","tag-minas-lidera-ranking-do-desmatamento-da-mata-atlantica","tag-preservacao-do-meio-ambiente-no-brasil","tag-ranking-do-desmatamento-da-mata-atlantica","tag-retrocesso-na-legislacao-ambiental-faz-minas-gerais-retomar-primeiro-lugar-em-desmatamento"],"_links":{"self":[{"href":"https:\/\/aconteceunovale.com.br\/portal\/index.php?rest_route=\/wp\/v2\/posts\/87802","targetHints":{"allow":["GET"]}}],"collection":[{"href":"https:\/\/aconteceunovale.com.br\/portal\/index.php?rest_route=\/wp\/v2\/posts"}],"about":[{"href":"https:\/\/aconteceunovale.com.br\/portal\/index.php?rest_route=\/wp\/v2\/types\/post"}],"author":[{"embeddable":true,"href":"https:\/\/aconteceunovale.com.br\/portal\/index.php?rest_route=\/wp\/v2\/users\/1"}],"replies":[{"embeddable":true,"href":"https:\/\/aconteceunovale.com.br\/portal\/index.php?rest_route=%2Fwp%2Fv2%2Fcomments&post=87802"}],"version-history":[{"count":0,"href":"https:\/\/aconteceunovale.com.br\/portal\/index.php?rest_route=\/wp\/v2\/posts\/87802\/revisions"}],"wp:featuredmedia":[{"embeddable":true,"href":"https:\/\/aconteceunovale.com.br\/portal\/index.php?rest_route=\/wp\/v2\/media\/56831"}],"wp:attachment":[{"href":"https:\/\/aconteceunovale.com.br\/portal\/index.php?rest_route=%2Fwp%2Fv2%2Fmedia&parent=87802"}],"wp:term":[{"taxonomy":"category","embeddable":true,"href":"https:\/\/aconteceunovale.com.br\/portal\/index.php?rest_route=%2Fwp%2Fv2%2Fcategories&post=87802"},{"taxonomy":"post_tag","embeddable":true,"href":"https:\/\/aconteceunovale.com.br\/portal\/index.php?rest_route=%2Fwp%2Fv2%2Ftags&post=87802"}],"curies":[{"name":"wp","href":"https:\/\/api.w.org\/{rel}","templated":true}]}}