{"id":87735,"date":"2016-05-24T17:48:49","date_gmt":"2016-05-24T20:48:49","guid":{"rendered":"http:\/\/aconteceunovale.com.br\/portal\/?p=87735"},"modified":"2016-05-24T17:48:49","modified_gmt":"2016-05-24T20:48:49","slug":"farol-baixo-durante-o-dia-passa-a-ser-obrigatorio-em-rodovias-brasileiras","status":"publish","type":"post","link":"https:\/\/aconteceunovale.com.br\/portal\/?p=87735","title":{"rendered":"Farol baixo durante o dia passa a ser obrigat\u00f3rio em rodovias brasileiras"},"content":{"rendered":"<p>O presidente interino Michel Temer alterou artigos do C\u00f3digo de Tr\u00e2nsito Brasileiro tonando obrigat\u00f3rio o uso de farol baixo em rodovias durante o dia. A lei com as altera\u00e7\u00f5es foi publicada nesta ter\u00e7a-feira (24\/5) no <em><a href=\"http:\/\/pesquisa.in.gov.br\/imprensa\/jsp\/visualiza\/index.jsp?jornal=1&amp;pagina=2&amp;data=24\/05\/2016\" target=\"_blank\"><font color=\"blue\">Di\u00e1rio Oficial da Uni\u00e3o<\/font><\/a><\/em>.<\/p>\n<p>Manter os far\u00f3is acesos em luz baixa durante o dia j\u00e1 era medida obrigat\u00f3ria a \u00f4nibus, ao circularem em faixas pr\u00f3prias, e \u00e0s motos. O condutor que n\u00e3o mantiver o farol baixo ligado em rodovias cometer\u00e1 infra\u00e7\u00e3o m\u00e9dia, poder\u00e1 ser autuado e receber quatro pontos na habilita\u00e7\u00e3o, al\u00e9m de multa de R$ 85,13. <\/p>\n<p><img decoding=\"async\" src=\"http:\/\/aconteceunovale.com.br\/portal\/wp-content\/uploads\/2016\/05\/farol_baixo.jpg\" alt=\"\" \/><br \/>\n<\/br><\/p>\n<p>(Ag\u00eancia Brasil)<\/p>\n","protected":false},"excerpt":{"rendered":"<p>O presidente interino Michel Temer alterou artigos do C\u00f3digo de Tr\u00e2nsito Brasileiro tonando obrigat\u00f3rio o uso de farol baixo em rodovias durante o dia. A lei com as altera\u00e7\u00f5es foi publicada nesta ter\u00e7a-feira (24\/5) no Di\u00e1rio Oficial da Uni\u00e3o. Manter os far\u00f3is acesos em luz baixa durante o dia j\u00e1 era medida obrigat\u00f3ria a \u00f4nibus, [&hellip;]<\/p>\n","protected":false},"author":1,"featured_media":87736,"comment_status":"open","ping_status":"closed","sticky":false,"template":"","format":"standard","meta":{"amp_status":"","footnotes":""},"categories":[6],"tags":[96106,96107,96110,31722,51933,43212,96109,96111,96105,20181,92464,27371,96108,96112],"class_list":["post-87735","post","type-post","status-publish","format-standard","has-post-thumbnail","hentry","category-br","tag-alteracao-codigo-de-transito-brasileiro","tag-alteracao-ctb","tag-carros","tag-codigo-de-transito-brasileiro","tag-ctb","tag-diario-oficial","tag-farol-baixo","tag-farol-baixo-durante-o-dia-passa-a-ser-obrigatorio","tag-farol-baixo-durante-o-dia-passa-a-ser-obrigatorio-em-rodovias-brasileiras","tag-michel-temer","tag-mudancas-ctb","tag-rodovias-federais","tag-uso-de-farol-baixo-em-rodovias-durante-o-dia","tag-uso-do-farol-baixo-durante-o-dia-passa-a-ser-obrigatorio"],"_links":{"self":[{"href":"https:\/\/aconteceunovale.com.br\/portal\/index.php?rest_route=\/wp\/v2\/posts\/87735","targetHints":{"allow":["GET"]}}],"collection":[{"href":"https:\/\/aconteceunovale.com.br\/portal\/index.php?rest_route=\/wp\/v2\/posts"}],"about":[{"href":"https:\/\/aconteceunovale.com.br\/portal\/index.php?rest_route=\/wp\/v2\/types\/post"}],"author":[{"embeddable":true,"href":"https:\/\/aconteceunovale.com.br\/portal\/index.php?rest_route=\/wp\/v2\/users\/1"}],"replies":[{"embeddable":true,"href":"https:\/\/aconteceunovale.com.br\/portal\/index.php?rest_route=%2Fwp%2Fv2%2Fcomments&post=87735"}],"version-history":[{"count":0,"href":"https:\/\/aconteceunovale.com.br\/portal\/index.php?rest_route=\/wp\/v2\/posts\/87735\/revisions"}],"wp:featuredmedia":[{"embeddable":true,"href":"https:\/\/aconteceunovale.com.br\/portal\/index.php?rest_route=\/wp\/v2\/media\/87736"}],"wp:attachment":[{"href":"https:\/\/aconteceunovale.com.br\/portal\/index.php?rest_route=%2Fwp%2Fv2%2Fmedia&parent=87735"}],"wp:term":[{"taxonomy":"category","embeddable":true,"href":"https:\/\/aconteceunovale.com.br\/portal\/index.php?rest_route=%2Fwp%2Fv2%2Fcategories&post=87735"},{"taxonomy":"post_tag","embeddable":true,"href":"https:\/\/aconteceunovale.com.br\/portal\/index.php?rest_route=%2Fwp%2Fv2%2Ftags&post=87735"}],"curies":[{"name":"wp","href":"https:\/\/api.w.org\/{rel}","templated":true}]}}