{"id":87732,"date":"2016-05-24T17:41:29","date_gmt":"2016-05-24T20:41:29","guid":{"rendered":"http:\/\/aconteceunovale.com.br\/portal\/?p=87732"},"modified":"2016-05-24T17:41:29","modified_gmt":"2016-05-24T20:41:29","slug":"nao-temos-compromisso-com-equivoco-diz-michel-temer","status":"publish","type":"post","link":"https:\/\/aconteceunovale.com.br\/portal\/?p=87732","title":{"rendered":"&#8220;N\u00e3o temos compromisso com equ\u00edvoco&#8221;, diz Michel Temer"},"content":{"rendered":"<p>O presidente interino Michel Temer disse hoje (24) que se o seu governo cometer equ\u00edvocos, eles ser\u00e3o revistos e que ele poder\u00e1 voltar atr\u00e1s nas medidas. \u201cN\u00e3o temos compromisso com equ\u00edvoco. Portanto, quando houver algum equ\u00edvoco governamental, n\u00f3s reveremos este fato. Eu ouvi que o &#8216;Temer est\u00e1 muito fr\u00e1gil, coitadinho, n\u00e3o sabe governar&#8217;. Conversa. Eu fui secret\u00e1rio da Seguran\u00e7a P\u00fablica duas vezes em S\u00e3o Paulo e tratava com bandidos. Ent\u00e3o, eu sei o que fazer no governo e saberei como conduzir. Quando eu perceber que h\u00e1 um equ\u00edvoco, se o fizer, consert\u00e1-lo-ei\u201d, afirmou.<\/p>\n<p>A declara\u00e7\u00e3o foi feita, no Pal\u00e1cio do Planalto, onde, ao lado de l\u00edderes da base aliada no Congresso Nacional, o presidente anunciou as primeiras medidas econ\u00f4micas do seu governo. O senador Romero Juc\u00e1 (PMDB-RR), exonerado hoje no Di\u00e1rio Oficial da Uni\u00e3o do cargo de ministro do Planejamento, participou do an\u00fancio. Dyogo Oliveira, secret\u00e1rio executivo, que est\u00e1 \u00e0 frente da pasta com a sa\u00edda de Juc\u00e1, tamb\u00e9m estava presente na reuni\u00e3o.<\/p>\n<p>A edi\u00e7\u00e3o de ontem (23) do jornal Folha de S.Paulo divulgou trechos de grava\u00e7\u00f5es obtidas pelo jornal que mostram conversas entre Romero Juc\u00e1 e o ex-presidente da Transpetro S\u00e9rgio Machado. Nas grava\u00e7\u00f5es, o ex-ministro sugere que seria preciso mudar o governo para \u201cestancar\u201d uma \u201csangria\u201d. Segundo as informa\u00e7\u00f5es do jornal, o ministro estaria se referindo \u00e0 Opera\u00e7\u00e3o Lava Jato, que investiga fraudes e irregularidades em contratos da Petrobras. Em entrevista, Juc\u00e1 negou que a afirma\u00e7\u00e3o dizia respeito \u00e0 Lava Jato e disse que estava se referindo ao cen\u00e1rio pol\u00edtico-econ\u00f4mico.<\/p>\n<p>Temer afirmou que as investiga\u00e7\u00f5es da Lava Jato n\u00e3o ser\u00e3o interrompidas. \u201cN\u00e3o posso invadir a compet\u00eancia de outro poder. N\u00e3o vamos impedir a apura\u00e7\u00e3o com vistas \u00e0 moralidade p\u00fablica e administrativa. Ao contr\u00e1rio, vamos sempre incentiv\u00e1-la. Por mais que eu diga, vejo que sempre sai not\u00edcia que tem &#8216;um esquema para fazer isso ou aquilo&#8217;. Ningu\u00e9m quer isso\u201d, disse, referindo-se \u00e0 for\u00e7a-tarefa &#8211; composta por integrantes do Minist\u00e9rio P\u00fablico e da Justi\u00e7a Federal &#8211; respons\u00e1vel pelas investiga\u00e7\u00f5es e julgamento das a\u00e7\u00f5es provenientes dos inqu\u00e9ritos da opera\u00e7\u00e3o. A Lava Jato j\u00e1 teve desdobramentos no Superior Tribunal de Justi\u00e7a (STJ) e no Supremo Tribunal Federal (STF), bem como a atua\u00e7\u00e3o da Procuradoria-Geral da Rep\u00fablica (PGR).<\/p>\n<p><img decoding=\"async\" src=\"http:\/\/aconteceunovale.com.br\/portal\/wp-content\/uploads\/2016\/05\/michel_temer.jpg\" alt=\"\" \/><em>Cerim\u00f4nia no Pal\u00e1cio do Planalto (Valter Campanato\/Ag\u00eancia Brasil)<br \/>\n<\/br><\/p>\n<p>(Ag\u00eancia Brasil)<\/em><\/p>\n","protected":false},"excerpt":{"rendered":"<p>O presidente interino Michel Temer disse hoje (24) que se o seu governo cometer equ\u00edvocos, eles ser\u00e3o revistos e que ele poder\u00e1 voltar atr\u00e1s nas medidas. \u201cN\u00e3o temos compromisso com equ\u00edvoco. Portanto, quando houver algum equ\u00edvoco governamental, n\u00f3s reveremos este fato. Eu ouvi que o &#8216;Temer est\u00e1 muito fr\u00e1gil, coitadinho, n\u00e3o sabe governar&#8217;. Conversa. Eu [&hellip;]<\/p>\n","protected":false},"author":1,"featured_media":87733,"comment_status":"open","ping_status":"closed","sticky":false,"template":"","format":"standard","meta":{"amp_status":"","footnotes":""},"categories":[6,40240],"tags":[96104,95022,83259,20181,96103,85683],"class_list":["post-87732","post","type-post","status-publish","format-standard","has-post-thumbnail","hentry","category-br","category-politica-2","tag-equivocos","tag-exoneracao","tag-governabilidade","tag-michel-temer","tag-nao-temos-compromisso-com-equivoco","tag-romero-juca"],"_links":{"self":[{"href":"https:\/\/aconteceunovale.com.br\/portal\/index.php?rest_route=\/wp\/v2\/posts\/87732","targetHints":{"allow":["GET"]}}],"collection":[{"href":"https:\/\/aconteceunovale.com.br\/portal\/index.php?rest_route=\/wp\/v2\/posts"}],"about":[{"href":"https:\/\/aconteceunovale.com.br\/portal\/index.php?rest_route=\/wp\/v2\/types\/post"}],"author":[{"embeddable":true,"href":"https:\/\/aconteceunovale.com.br\/portal\/index.php?rest_route=\/wp\/v2\/users\/1"}],"replies":[{"embeddable":true,"href":"https:\/\/aconteceunovale.com.br\/portal\/index.php?rest_route=%2Fwp%2Fv2%2Fcomments&post=87732"}],"version-history":[{"count":0,"href":"https:\/\/aconteceunovale.com.br\/portal\/index.php?rest_route=\/wp\/v2\/posts\/87732\/revisions"}],"wp:featuredmedia":[{"embeddable":true,"href":"https:\/\/aconteceunovale.com.br\/portal\/index.php?rest_route=\/wp\/v2\/media\/87733"}],"wp:attachment":[{"href":"https:\/\/aconteceunovale.com.br\/portal\/index.php?rest_route=%2Fwp%2Fv2%2Fmedia&parent=87732"}],"wp:term":[{"taxonomy":"category","embeddable":true,"href":"https:\/\/aconteceunovale.com.br\/portal\/index.php?rest_route=%2Fwp%2Fv2%2Fcategories&post=87732"},{"taxonomy":"post_tag","embeddable":true,"href":"https:\/\/aconteceunovale.com.br\/portal\/index.php?rest_route=%2Fwp%2Fv2%2Ftags&post=87732"}],"curies":[{"name":"wp","href":"https:\/\/api.w.org\/{rel}","templated":true}]}}