{"id":87730,"date":"2016-05-24T17:34:04","date_gmt":"2016-05-24T20:34:04","guid":{"rendered":"http:\/\/aconteceunovale.com.br\/portal\/?p=87730"},"modified":"2016-05-24T17:34:04","modified_gmt":"2016-05-24T20:34:04","slug":"justica-recebe-denuncias-do-mpf-por-desvios-de-verbas-federais-em-governador-valadares","status":"publish","type":"post","link":"https:\/\/aconteceunovale.com.br\/portal\/?p=87730","title":{"rendered":"Justi\u00e7a recebe den\u00fancias do MPF por desvios de verbas federais em Governador Valadares"},"content":{"rendered":"<p>A Justi\u00e7a Federal em Governador Valadares (MG) recebeu integralmente as tr\u00eas den\u00fancias do Minist\u00e9rio P\u00fablico Federal (MPF) relacionadas \u00e0s Opera\u00e7\u00f5es Mar de Lama I e II, investiga\u00e7\u00e3o conjunta desenvolvida com a Pol\u00edcia Federal e Controladoria-Geral da Uni\u00e3o (CGU) que desarticulou um esquema de fraudes envolvendo a Administra\u00e7\u00e3o P\u00fablica da cidade.<\/p>\n<p>Foram instauradas tr\u00eas a\u00e7\u00f5es penais: AP n\u00ba 2679-53.2016.4.01.3813, AP n\u00ba 2680-38.2016.4.01.3813 e AP n\u00ba 2085-39.2016.4.01.3813. A pr\u00f3xima etapa \u00e9 a intima\u00e7\u00e3o dos r\u00e9us para apresentarem defesa.<\/p>\n<p>Foram denunciadas 22 pessoas, entre ex-servidores p\u00fablicos municipais e empres\u00e1rios, pela pr\u00e1tica dos crimes de dispensa indevida de licita\u00e7\u00e3o, fraude ao car\u00e1ter competitivo da licita\u00e7\u00e3o, peculato, corrup\u00e7\u00e3o ativa e passiva, associa\u00e7\u00e3o criminosa e falsidade ideol\u00f3gica.<\/p>\n<p>A primeira den\u00fancia refere-se ao desvio de verbas federais repassadas \u00e0 cidade para a realiza\u00e7\u00e3o de obras emergenciais em virtude das fortes chuvas ocorridas em dezembro de 2013. Para a execu\u00e7\u00e3o dos servi\u00e7os, a prefeitura realizou dois processos de dispensa de licita\u00e7\u00e3o, contratando diretamente a empresa Fejoli Florestal, que tamb\u00e9m est\u00e1 envolvida nos fatos relatados na segunda den\u00fancia, desta vez por crimes praticados durante a execu\u00e7\u00e3o dos servi\u00e7os de desassoreamento e revitaliza\u00e7\u00e3o da Lagoa do Jardim P\u00e9rola. Novamente observou-se que a empresa foi favorecida na licita\u00e7\u00e3o e na execu\u00e7\u00e3o da obra, uma vez que os servidores envolvidos tinham plena ci\u00eancia de que a Fejoli n\u00e3o passava de uma empresa de fachada, sem qualquer capacidade operacional, t\u00e9cnica e financeira para realizar as obras.<\/p>\n<p>A terceira den\u00fancia trata do caso de licita\u00e7\u00e3o bilion\u00e1ria fraudada para beneficiar a sociedade Pavotec\/Dpark, empresa contratada para os servi\u00e7os de limpeza p\u00fablica urbana e rural e coleta de res\u00edduos s\u00f3lidos na cidade de Governador Valadares. O valor do contrato foi superior a R$ 1,48 bilh\u00f5es.<\/p>\n<p><em>(Fonte: MPF\/MG)<\/em><\/p>\n","protected":false},"excerpt":{"rendered":"<p>A Justi\u00e7a Federal em Governador Valadares (MG) recebeu integralmente as tr\u00eas den\u00fancias do Minist\u00e9rio P\u00fablico Federal (MPF) relacionadas \u00e0s Opera\u00e7\u00f5es Mar de Lama I e II, investiga\u00e7\u00e3o conjunta desenvolvida com a Pol\u00edcia Federal e Controladoria-Geral da Uni\u00e3o (CGU) que desarticulou um esquema de fraudes envolvendo a Administra\u00e7\u00e3o P\u00fablica da cidade. Foram instauradas tr\u00eas a\u00e7\u00f5es penais: [&hellip;]<\/p>\n","protected":false},"author":1,"featured_media":87210,"comment_status":"open","ping_status":"closed","sticky":false,"template":"","format":"standard","meta":{"amp_status":"","footnotes":""},"categories":[121],"tags":[95481,88052,27930,88528,88412,88221,88090,27927,95486,88047,88511,88077,95458,88410,1018,88078,88076,29486,95475,95470,95474,65870,88098,88081,88094,88096,88101,88103,1886,88092,88072,88099,95293,95457,95303,88053,95484,88057,27921,247,95456,95483,95469,95478,96031,88080,96028,95477,96030,88088,88071,96102,74250,74249,95480,95471,95473,88062,88446,27928,88066,88070,88082,88046,88045,88074,95479,88100,88102,88079,88512,35082,88264,88075,95505,95510,88050,88051,88091,88065,88095,88097,95294,88054,88055,88056,88089,88059,95295,88058,88060,88068,88067,88083,88042,88087,88064,95289,88043,88085,88061,95498,95490,95494,95496,95455,88093,95292,95508,95507,95489,95502,95501,95504,95491,95493,95495,95503,95506,95512,95499,95492,95511,95509,95500,95497,758,95482,95488,95476,96029,49318,95472,88073,88086,88063,95487,88350,95485,5035,88044,95288,88040,88084,27929],"class_list":["post-87730","post","type-post","status-publish","format-standard","has-post-thumbnail","hentry","category-leste","tag-aldair-santos-doliveira","tag-anania-paula-da-silva","tag-ananias-camelo","tag-anexo-da-camara-municipal-de-governador-valadares-e-alvo-de-vandalismo","tag-bispo-da-diocese-de-governador-valadares","tag-camara-municipal-de-governador-valadares","tag-carlos-helder-lazaro","tag-cezinha-alvarenga","tag-construtora-vieira-prado","tag-corrupcao-governador-valadares","tag-corrupcao-pt","tag-corrupcao-saae-de-governador-valadares","tag-corrupcao-valadarense","tag-darly-alves-de-souza","tag-destaque","tag-desvio-de-dinheiro-governador-valadares","tag-desvio-de-dinheiro-saae-de-governador-valadares","tag-diocese-de-governador-valadares","tag-diretor-adjunto-do-saae","tag-diretor-de-gestao-de-rh-do-saae","tag-diretor-do-departamento-de-servicos-funerarios-e-cemiterios","tag-diretor-do-saae","tag-diretor-geral-do-saae-de-governador-valadares","tag-diretor-geral-do-saae-de-governador-valadares-e-outras-sete-pessoas-sao-presos-em-operacao-da-pf","tag-djalma-florencio-diniz","tag-djalma-florencio-diniz-junior","tag-dpark","tag-dpark-servicos-de-estacionamento","tag-elisa-costa","tag-emilio-claudio-alvarenga-rios","tag-emilio-frois","tag-fejoli-florestal","tag-fraude-empresa-valadarense","tag-fraude-valadarense","tag-gaeco-de-governador-valadares","tag-geovanne-honorio-da-silva","tag-gerente-do-posto-tabajara","tag-gledston-gomes-de-araujo","tag-gledston-guetao","tag-governador-valadares","tag-investigacao-valadarense","tag-jean-carlos-soares","tag-jefferson-santos-lima","tag-jose-estanislau-de-brito","tag-juiz-converte-10-prisoes-temporarias-em-preventivas-e-libera-4-investigados-da-cadeia","tag-juiz-federal-determina-o-afastamento-de-oito-vereadores-de-governador-valadares","tag-juiz-libera-4-investigados-e-converte-10-prisoes-temporarias-em-preventivas","tag-juliana-campos-carvalho","tag-juliana-campos-carvalho-schettino","tag-juliana-de-oliveira-alves-melo","tag-juninho-tabajara","tag-justica-recebe-denuncias-do-mpf-por-desvios-de-verbas-federais-em-governador-valadares","tag-levi-presidente","tag-levi-vieira-da-silva","tag-lucas-estanislau-de-brito","tag-marco-rodrigo-rios-bertolacini","tag-marcos-antonio-voria","tag-marinaldo-carlos-de-amorim","tag-memes-governador-valadares","tag-milvinho","tag-milvio-jose-da-silva","tag-omir-do-saae","tag-omir-quintino-soares","tag-operacao-da-pf-governador-valadares","tag-operacao-da-policia-federal-governador-valadares","tag-operacao-saae-de-governador-valadares","tag-padaria-pao-express","tag-pavotec","tag-pavotec-pavimentacao-e-terraplanagem","tag-pf-deflagra-operacao-contra-fraudes-em-contratos-em-prefeitura-de-governador-valadares","tag-prefeita-de-governador-valadares-nega-desvio-bilionario-e-pede-retratacao-da-pf","tag-prefeitura-de-governador-valadares","tag-prefeitura-de-governador-valadares-refuta-informacao-sobre-desvio-bilionario","tag-presos-saae-de-governador-valadares","tag-prisao-aldair-santos-doliveira","tag-prisao-construtora-vieira-prado","tag-prisao-de-anania-paula-da-silva","tag-prisao-de-ananias-camelo","tag-prisao-de-carlos-helder-lazaro","tag-prisao-de-cezinha-alvarenga","tag-prisao-de-djalma-florencio-diniz","tag-prisao-de-djalma-florencio-diniz-junior","tag-prisao-de-geovane-honorio","tag-prisao-de-geovanne-honorio-da-silva","tag-prisao-de-gledston-gomes-de-araujo","tag-prisao-de-gledston-guetao","tag-prisao-de-juliana-de-oliveira-alves-melo","tag-prisao-de-levi-presidente","tag-prisao-de-levi-vieira","tag-prisao-de-levi-vieira-da-silva","tag-prisao-de-marinaldo-carlos-de-amorim","tag-prisao-de-milvinho","tag-prisao-de-milvio-jose-da-silva","tag-prisao-de-omir-quintino-soares","tag-prisao-de-politicos-governador-valadares","tag-prisao-de-seleme-hilel-neto","tag-prisao-de-sezary-de-oliveira-alvarenga","tag-prisao-de-vereadores-em-governador-valadares","tag-prisao-de-vereadores-governador-valadares","tag-prisao-de-vilmar-rios-dias-junior","tag-prisao-de-zangado","tag-prisao-diretor-adjunto-do-saae","tag-prisao-diretor-de-gestao-de-rh-do-saae","tag-prisao-diretor-do-departamento-de-servicos-funerarios-e-cemiterios","tag-prisao-diretor-do-saae","tag-prisao-donos-da-valadarense","tag-prisao-emilio-claudio-alvarenga-rios","tag-prisao-empresa-valadarense","tag-prisao-gerente-do-posto-tabajara","tag-prisao-jean-carlos-soares","tag-prisao-jefferson-santos-lima","tag-prisao-jose-estanislau-de-brito","tag-prisao-juliana-campos-carvalho","tag-prisao-lucas-estanislau-de-brito","tag-prisao-marco-rodrigo-rios-bertolacini","tag-prisao-marcos-antonio-voria","tag-prisao-omir-quintino-soares","tag-prisao-padaria-pao-express","tag-prisao-restaurante-sabor-da-praca","tag-prisao-rh-assessoria","tag-prisao-roberto-jose-carvalho","tag-prisao-secretario-municipal-de-servicos-urbanos","tag-prisao-silvana-santos-alves","tag-prisao-thiago-vieira-prado","tag-prisao-valadarense","tag-prisao-vilmar-rios-dias-junior","tag-pt","tag-restaurante-sabor-da-praca","tag-rh-assessoria","tag-roberto-jose-carvalho","tag-roberto-jose-de-carvalho","tag-saae-de-governador-valadares","tag-secretario-municipal-de-servicos-urbanos","tag-seleme-hilel","tag-seleme-hilel-neto","tag-sezary-de-oliveira-alvarenga","tag-silvana-santos-alves","tag-tarsis-augusto-de-santana-lima","tag-thiago-vieira-prado","tag-valadarense","tag-vereadores-alvos-de-operacao-em-governador-valadares","tag-vereadores-presos-em-governado","tag-vereadores-presos-em-governador-valadares","tag-vilmar-rios-dias-junior","tag-zangado"],"_links":{"self":[{"href":"https:\/\/aconteceunovale.com.br\/portal\/index.php?rest_route=\/wp\/v2\/posts\/87730","targetHints":{"allow":["GET"]}}],"collection":[{"href":"https:\/\/aconteceunovale.com.br\/portal\/index.php?rest_route=\/wp\/v2\/posts"}],"about":[{"href":"https:\/\/aconteceunovale.com.br\/portal\/index.php?rest_route=\/wp\/v2\/types\/post"}],"author":[{"embeddable":true,"href":"https:\/\/aconteceunovale.com.br\/portal\/index.php?rest_route=\/wp\/v2\/users\/1"}],"replies":[{"embeddable":true,"href":"https:\/\/aconteceunovale.com.br\/portal\/index.php?rest_route=%2Fwp%2Fv2%2Fcomments&post=87730"}],"version-history":[{"count":0,"href":"https:\/\/aconteceunovale.com.br\/portal\/index.php?rest_route=\/wp\/v2\/posts\/87730\/revisions"}],"wp:featuredmedia":[{"embeddable":true,"href":"https:\/\/aconteceunovale.com.br\/portal\/index.php?rest_route=\/wp\/v2\/media\/87210"}],"wp:attachment":[{"href":"https:\/\/aconteceunovale.com.br\/portal\/index.php?rest_route=%2Fwp%2Fv2%2Fmedia&parent=87730"}],"wp:term":[{"taxonomy":"category","embeddable":true,"href":"https:\/\/aconteceunovale.com.br\/portal\/index.php?rest_route=%2Fwp%2Fv2%2Fcategories&post=87730"},{"taxonomy":"post_tag","embeddable":true,"href":"https:\/\/aconteceunovale.com.br\/portal\/index.php?rest_route=%2Fwp%2Fv2%2Ftags&post=87730"}],"curies":[{"name":"wp","href":"https:\/\/api.w.org\/{rel}","templated":true}]}}