{"id":87728,"date":"2016-05-24T17:08:08","date_gmt":"2016-05-24T20:08:08","guid":{"rendered":"http:\/\/aconteceunovale.com.br\/portal\/?p=87728"},"modified":"2016-05-24T17:08:08","modified_gmt":"2016-05-24T20:08:08","slug":"crea-minas-se-reune-com-produtores-do-agronegocio-dos-vales-do-rio-doce-do-jequitinhonha-e-do-mucuri","status":"publish","type":"post","link":"https:\/\/aconteceunovale.com.br\/portal\/?p=87728","title":{"rendered":"Crea-Minas se re\u00fane com produtores do agroneg\u00f3cio dos Vales do Rio Doce, do Jequitinhonha e do Mucuri"},"content":{"rendered":"<h4><strong><em>O objetivo do encontro \u00e9 fornecer detalhes sobre a segunda etapa do projeto de fiscaliza\u00e7\u00e3o na Regional Nordeste do Conselho.<\/em><\/strong><\/h4>\n<p>Os produtores rurais dos Vales do Rio Doce, do Jequitinhonha e do Mucuri v\u00e3o se reunir com o Conselho Regional de Engenharia e Agronomia de Minas Gerais (Crea-Minas) para debaterem sobre a segunda fase das a\u00e7\u00f5es de fiscaliza\u00e7\u00e3o do agroneg\u00f3cio. O encontro ser\u00e1 realizado em Ara\u00e7ua\u00ed, no dia 01 de Junho de 2016, no audit\u00f3rio do campus do IFNMG.<\/p>\n<p>Nesta reuni\u00e3o, gestores do agroneg\u00f3cio de silvicultura e de alambiques ser\u00e3o informados sobre as atividades a serem fiscalizadas, inclusive com esclarecimento de d\u00favidas. Tamb\u00e9m v\u00e3o participar do encontro representantes do agroneg\u00f3cio da Regional Nordeste, com sede em Governador Valadares, al\u00e9m de lideran\u00e7as locais, institui\u00e7\u00f5es do setor e interessados no tema. J\u00e1 a a\u00e7\u00e3o de fiscaliza\u00e7\u00e3o ser\u00e1 realizada entre os dias 01 e 05 de agosto de 2016, nas cidades de Ara\u00e7ua\u00ed, Minas Novas, Novo Cruzeiro e regi\u00e3o.<\/p>\n<p>O fiscal especializado em agroneg\u00f3cio do Crea-Minas, t\u00e9cnico agr\u00edcola Carlos Roberto Alves, informa que a reuni\u00e3o \u00e9 uma oportunidade para que os produtores entendam como \u00e9 o processo de fiscaliza\u00e7\u00e3o. \u201cA nossa inten\u00e7\u00e3o n\u00e3o \u00e9 punir e, sim, orientar. A proposta da reuni\u00e3o \u00e9 aproximar os produtores do Conselho e divulgar a a\u00e7\u00e3o para que todos tenham tempo para se adequarem \u00e0 legisla\u00e7\u00e3o. Durante a fiscaliza\u00e7\u00e3o, queremos constatar a regularidade dos empreendimentos\u201d, afirma Carlos.<\/p>\n<p><strong>Balan\u00e7o<\/strong><\/p>\n<p>A primeira etapa da fiscaliza\u00e7\u00e3o na Regional Nordeste, realizada em mar\u00e7o de 2016, focou nas empresas de latic\u00ednios e tratamento e desdobramento de madeiras, sendo 59 estabelecimentos fiscalizados. Em todo o estado, foram 1.040 a\u00e7\u00f5es de fiscaliza\u00e7\u00e3o, distribu\u00eddas em 13 tipos de empreendimentos do agroneg\u00f3cio.  <\/p>\n<p>O gerente de Fiscaliza\u00e7\u00e3o do Crea-Minas, engenheiro mec\u00e2nico Guilherme Rodrigues, destaca que o resultado foi bastante positivo e superou expectativas. \u201cAo final da primeira etapa, conseguimos alcan\u00e7ar 98,1% de regularidade nas atividades fiscalizadas sem a necessidade de autua\u00e7\u00e3o. Os autuados somaram 1,9% do total, o que est\u00e1 abaixo do \u00edndice do Conselho, que gira em torno de 5%\u201d, completa Guilherme.<\/p>\n<p><strong>Servi\u00e7o<\/strong><\/p>\n<p>Data: 01 de junho de 2016<br \/>\nHor\u00e1rio: 14h<br \/>\nLocal: Audit\u00f3rio do IFNMG \u2013 Campus Ara\u00e7ua\u00ed- Fazenda do Meio p\u00e9 de Serra &#8211; BR-367, Km 278, Ara\u00e7ua\u00ed<\/p>\n","protected":false},"excerpt":{"rendered":"<p>O objetivo do encontro \u00e9 fornecer detalhes sobre a segunda etapa do projeto de fiscaliza\u00e7\u00e3o na Regional Nordeste do Conselho. Os produtores rurais dos Vales do Rio Doce, do Jequitinhonha e do Mucuri v\u00e3o se reunir com o Conselho Regional de Engenharia e Agronomia de Minas Gerais (Crea-Minas) para debaterem sobre a segunda fase das [&hellip;]<\/p>\n","protected":false},"author":1,"featured_media":78238,"comment_status":"open","ping_status":"closed","sticky":false,"template":"","format":"standard","meta":{"amp_status":"","footnotes":""},"categories":[120],"tags":[186,24161,465,96096,96097,96095,76170,96101,255,137,175,96098,96099,96100],"class_list":["post-87728","post","type-post","status-publish","format-standard","has-post-thumbnail","hentry","category-jequi","tag-aracuai","tag-conselho-regional-de-engenharia-e-agronomia-de-minas-gerais","tag-crea-minas","tag-crea-minas-se-reune-com-produtores-do-agronegocio-do-vale-do-jequitinhonha","tag-crea-minas-se-reune-com-produtores-do-agronegocio-do-vale-do-mucuri","tag-crea-minas-se-reune-com-produtores-do-agronegocio-do-vale-do-rio-doce","tag-engenheiro-mecanico-guilherme-rodrigues","tag-fiscalizacao-do-crea-minas","tag-ifnmg","tag-minas-novas","tag-novo-cruzeiro","tag-projeto-de-fiscalizacao-na-regional-nordeste-do-conselho","tag-regional-nordeste-do-conselho","tag-tecnico-agricola-carlos-roberto-alves"],"_links":{"self":[{"href":"https:\/\/aconteceunovale.com.br\/portal\/index.php?rest_route=\/wp\/v2\/posts\/87728","targetHints":{"allow":["GET"]}}],"collection":[{"href":"https:\/\/aconteceunovale.com.br\/portal\/index.php?rest_route=\/wp\/v2\/posts"}],"about":[{"href":"https:\/\/aconteceunovale.com.br\/portal\/index.php?rest_route=\/wp\/v2\/types\/post"}],"author":[{"embeddable":true,"href":"https:\/\/aconteceunovale.com.br\/portal\/index.php?rest_route=\/wp\/v2\/users\/1"}],"replies":[{"embeddable":true,"href":"https:\/\/aconteceunovale.com.br\/portal\/index.php?rest_route=%2Fwp%2Fv2%2Fcomments&post=87728"}],"version-history":[{"count":0,"href":"https:\/\/aconteceunovale.com.br\/portal\/index.php?rest_route=\/wp\/v2\/posts\/87728\/revisions"}],"wp:featuredmedia":[{"embeddable":true,"href":"https:\/\/aconteceunovale.com.br\/portal\/index.php?rest_route=\/wp\/v2\/media\/78238"}],"wp:attachment":[{"href":"https:\/\/aconteceunovale.com.br\/portal\/index.php?rest_route=%2Fwp%2Fv2%2Fmedia&parent=87728"}],"wp:term":[{"taxonomy":"category","embeddable":true,"href":"https:\/\/aconteceunovale.com.br\/portal\/index.php?rest_route=%2Fwp%2Fv2%2Fcategories&post=87728"},{"taxonomy":"post_tag","embeddable":true,"href":"https:\/\/aconteceunovale.com.br\/portal\/index.php?rest_route=%2Fwp%2Fv2%2Ftags&post=87728"}],"curies":[{"name":"wp","href":"https:\/\/api.w.org\/{rel}","templated":true}]}}