{"id":87724,"date":"2016-05-24T17:00:40","date_gmt":"2016-05-24T20:00:40","guid":{"rendered":"http:\/\/aconteceunovale.com.br\/portal\/?p=87724"},"modified":"2016-05-24T17:00:40","modified_gmt":"2016-05-24T20:00:40","slug":"reajuste-anual-das-tarifas-da-cemig-distribuicao-e-definido-pela-aneel","status":"publish","type":"post","link":"https:\/\/aconteceunovale.com.br\/portal\/?p=87724","title":{"rendered":"Reajuste anual das tarifas da Cemig Distribui\u00e7\u00e3o \u00e9 definido pela Aneel"},"content":{"rendered":"<h4><strong><em>\u00d3rg\u00e3o regulamentador do sistema el\u00e9trico altera a tarifa de energia para consumidores de 774 munic\u00edpios de Minas Gerais.<\/em><\/strong><\/h4>\n<p>A Ag\u00eancia Nacional de Energia El\u00e9trica (Aneel) definiu, nesta ter\u00e7a-feira (24\/5), o \u00edndice m\u00e9dio de 3,78% para o reajuste das tarifas de energia el\u00e9trica da Cemig Distribui\u00e7\u00e3o, que passa a vigorar a partir do pr\u00f3ximo s\u00e1bado (28\/5), valendo at\u00e9 maio do ano que vem. Vale ressaltar que a defini\u00e7\u00e3o das tarifas das distribuidoras, bem como os processos de reajustes tarif\u00e1rios anuais e a revis\u00f5es tarif\u00e1rias, s\u00e3o gerenciados pelo \u00f3rg\u00e3o regulador do sistema el\u00e9trico e est\u00e3o previstos nos contratos de distribui\u00e7\u00e3o.<\/p>\n<p>O aumento para o consumidor residencial comum \u00e9 de 4,21%. Para os consumidores atendidos em alta tens\u00e3o, o aumento m\u00e9dio a ser percebido ser\u00e1 de 2,06%. Para os consumidores atendidos em  m\u00e9dia e baixa tens\u00e3o o reajuste  ser\u00e1 de 4,63%.<br \/>\nDe acordo com Maura Galuppo Botello Martins, superintendente de Regula\u00e7\u00e3o Econ\u00f4mico-financeira da Cemig, o consumidor somente vai perceber o reajuste total a partir da fatura de junho \u2013 e que possuem vencimento em julho. \u201cAs datas de leitura das contas de energia s\u00e3o distribu\u00eddas ao longo do m\u00eas. Assim, em junho, os consumidores pagar\u00e3o uma parte do consumo ocorrido antes de 28 de maio ainda conforme a tarifa antiga e a outra parcela do consumo j\u00e1 com o reajuste da tarifa\u201d, explica a superintendente.<\/p>\n<p>A companhia ressalta que a Cemig Distribui\u00e7\u00e3o \u00e9 a empresa do grupo Cemig que atende diretamente aos consumidores e que o processo de revis\u00e3o trata apenas da empresa de distribui\u00e7\u00e3o, e, portanto, n\u00e3o engloba as usinas, linhas e subesta\u00e7\u00f5es de transmiss\u00e3o ou outras atividades da Holding.<\/p>\n<p><strong>Composi\u00e7\u00e3o da fatura<\/strong><\/p>\n<p>A tarifa visa assegurar \u00e0s distribuidoras receita suficiente para cobrir custos operacionais eficientes e remunerar investimentos necess\u00e1rios para expandir a capacidade e garantir o atendimento com qualidade da popula\u00e7\u00e3o. Os custos e investimentos repassados \u00e0s tarifas s\u00e3o calculados pela Aneel.<\/p>\n<p>A Aneel atua para que as tarifas sejam compostas por custos eficientes, que efetivamente se relacionem com os servi\u00e7os prestados. Esse setor \u00e9 dividido em dois segmentos: transmiss\u00e3o e distribui\u00e7\u00e3o. A transmiss\u00e3o entrega a energia \u00e0 distribuidora; a distribuidora, por sua vez, leva a energia ao usu\u00e1rio final.<\/p>\n<p>Os encargos setoriais s\u00e3o institu\u00eddos por leis. Alguns incidem somente sobre o custo da distribui\u00e7\u00e3o, enquanto outros est\u00e3o embutidos nos custos de gera\u00e7\u00e3o e de transmiss\u00e3o.<\/p>\n<p>Quando a conta chega ao consumidor, ele paga pela compra da energia (custos do gerador), pela transmiss\u00e3o (custos da transmissora) e pela distribui\u00e7\u00e3o (servi\u00e7os prestados pela distribuidora), al\u00e9m de encargos setoriais e tributos.<\/p>\n<p>Do valor cobrado na fatura, apenas 21,4% ficam na Cemig Distribui\u00e7\u00e3o e se destinam a remunerar o investimento, cobrir a deprecia\u00e7\u00e3o e o custeio da Concession\u00e1ria. Os demais 78,6% s\u00e3o repassados para cobrir a compra da energia (28,7%), encargos setoriais (18,3%) e encargos de transmiss\u00e3o (2,9%), ICMS (22,1%) e Pasep\/Cofins  (6,5%), que s\u00e3o custos repassados aos governos estadual, federal e outros agentes do setor el\u00e9trico.<\/p>\n<p><img decoding=\"async\" src=\"http:\/\/aconteceunovale.com.br\/portal\/wp-content\/uploads\/2016\/05\/reajuste_cemig.png\" alt=\"\" \/><br \/>\n<\/br><\/p>\n<p><em>(Assessoria de Imprensa Cemig)<\/em><\/p>\n","protected":false},"excerpt":{"rendered":"<p>\u00d3rg\u00e3o regulamentador do sistema el\u00e9trico altera a tarifa de energia para consumidores de 774 munic\u00edpios de Minas Gerais. A Ag\u00eancia Nacional de Energia El\u00e9trica (Aneel) definiu, nesta ter\u00e7a-feira (24\/5), o \u00edndice m\u00e9dio de 3,78% para o reajuste das tarifas de energia el\u00e9trica da Cemig Distribui\u00e7\u00e3o, que passa a vigorar a partir do pr\u00f3ximo s\u00e1bado (28\/5), [&hellip;]<\/p>\n","protected":false},"author":1,"featured_media":54014,"comment_status":"open","ping_status":"closed","sticky":false,"template":"","format":"standard","meta":{"amp_status":"","footnotes":""},"categories":[123],"tags":[26917,26918,96092,347,25684,96094,96088,96087,40915,96090,96093,96089,96091,79721],"class_list":["post-87724","post","type-post","status-publish","format-standard","has-post-thumbnail","hentry","category-gerais","tag-agencia-nacional-de-energia-eletrica","tag-aneel","tag-aumento-conta-cemig","tag-cemig","tag-cemig-distribuicao","tag-maura-galuppo-botello-martins","tag-reajuste-anual-das-tarifas-da-cemig","tag-reajuste-anual-das-tarifas-da-cemig-distribuicao-e-definido-pela-aneel","tag-reajuste-cemig","tag-reajuste-conta-da-cemig","tag-reajuste-das-tarifas-de-energia-eletrica-da-cemig-distribuicao","tag-reajuste-tarifas-da-cemig","tag-reajuste-valor-da-conta-da-cemig","tag-superintendente-de-regulacao-economico-financeira-da-cemig"],"_links":{"self":[{"href":"https:\/\/aconteceunovale.com.br\/portal\/index.php?rest_route=\/wp\/v2\/posts\/87724","targetHints":{"allow":["GET"]}}],"collection":[{"href":"https:\/\/aconteceunovale.com.br\/portal\/index.php?rest_route=\/wp\/v2\/posts"}],"about":[{"href":"https:\/\/aconteceunovale.com.br\/portal\/index.php?rest_route=\/wp\/v2\/types\/post"}],"author":[{"embeddable":true,"href":"https:\/\/aconteceunovale.com.br\/portal\/index.php?rest_route=\/wp\/v2\/users\/1"}],"replies":[{"embeddable":true,"href":"https:\/\/aconteceunovale.com.br\/portal\/index.php?rest_route=%2Fwp%2Fv2%2Fcomments&post=87724"}],"version-history":[{"count":0,"href":"https:\/\/aconteceunovale.com.br\/portal\/index.php?rest_route=\/wp\/v2\/posts\/87724\/revisions"}],"wp:featuredmedia":[{"embeddable":true,"href":"https:\/\/aconteceunovale.com.br\/portal\/index.php?rest_route=\/wp\/v2\/media\/54014"}],"wp:attachment":[{"href":"https:\/\/aconteceunovale.com.br\/portal\/index.php?rest_route=%2Fwp%2Fv2%2Fmedia&parent=87724"}],"wp:term":[{"taxonomy":"category","embeddable":true,"href":"https:\/\/aconteceunovale.com.br\/portal\/index.php?rest_route=%2Fwp%2Fv2%2Fcategories&post=87724"},{"taxonomy":"post_tag","embeddable":true,"href":"https:\/\/aconteceunovale.com.br\/portal\/index.php?rest_route=%2Fwp%2Fv2%2Ftags&post=87724"}],"curies":[{"name":"wp","href":"https:\/\/api.w.org\/{rel}","templated":true}]}}