{"id":87690,"date":"2016-05-23T20:04:45","date_gmt":"2016-05-23T23:04:45","guid":{"rendered":"http:\/\/aconteceunovale.com.br\/portal\/?p=87690"},"modified":"2016-05-23T20:31:25","modified_gmt":"2016-05-23T23:31:25","slug":"dono-de-cartorio-e-preso-em-nova-fase-da-operacao-mar-de-lama-em-governador-valadares","status":"publish","type":"post","link":"https:\/\/aconteceunovale.com.br\/portal\/?p=87690","title":{"rendered":"Dono de cart\u00f3rio \u00e9 preso em nova fase da Opera\u00e7\u00e3o Mar de Lama em Governador Valadares"},"content":{"rendered":"<p>O Minist\u00e9rio P\u00fablico de Minas Gerais (MPMG), por meio do Grupo de Atua\u00e7\u00e3o Especial de Combate ao Crime Organizado (Gaeco), e a Pol\u00edcia Federal cumpriram, no s\u00e1bado, 21 de maio, mandados de pris\u00e3o tempor\u00e1ria e de busca e apreens\u00e3o na casa de um propriet\u00e1rio de cart\u00f3rio, suspeito de envolvimento em fraudes na Prefeitura de Governador Valadares, apuradas pela opera\u00e7\u00e3o Mar de Lama.<\/p>\n<p>De acordo com os promotores de Justi\u00e7a, na sexta-feira, 20, a filha (s\u00f3cia minorit\u00e1ria) do s\u00f3cio majorit\u00e1rio da empresa P\u00e3o Express foi a uma ag\u00eancia da Caixa Econ\u00f4mica Federal em Governador Valadares solicitar saque de R$ 60 mil. Como j\u00e1 havia sido expedida ordem judicial de bloqueio da conta, o gerente avisou ao MPMG sobre a tentativa de saque. No local, foi observado que a s\u00f3cia portava uma certid\u00e3o de uma procura\u00e7\u00e3o na qual o pai a autorizava a fazer o saque, com data de 18 de maio, v\u00e9spera da terceira fase da opera\u00e7\u00e3o Mar de Lama. Apurou-se que a data foi fraudada. <\/p>\n<p>No cart\u00f3rio, localizado no distrito de Santo Ant\u00f4nio do Porto, foi solicitada a procura\u00e7\u00e3o que deu origem \u00e0 certid\u00e3o portada pela s\u00f3cia da empresa, mas o servidor do local informou que o documento estaria com o propriet\u00e1rio do cart\u00f3rio na cidade de Governador Valadares.<\/p>\n<p>No domingo, 22, foi deflagrada a quarta fase da opera\u00e7\u00e3o Mar de Lama, com a pris\u00e3o tempor\u00e1ria do titular do cart\u00f3rio. Foi realizada ainda busca e apreens\u00e3o em sua casa e no pr\u00f3prio cart\u00f3rio. Nos dois locais foram encontrados documentos referentes \u00e0s empresas envolvidas no esquema apurado da opera\u00e7\u00e3o Mar de Lama, o que, segundo os promotores de Justi\u00e7a, s\u00e3o ind\u00edcios de que o cart\u00f3rio seria utilizado para falsifica\u00e7\u00e3o de documentos pelas empresas.<\/p>\n<p>Confira a cobertura completa da Opera\u00e7\u00e3o Mar de Lama, acesse: <a href=\"http:\/\/aconteceunovale.com.br\/portal\/?tag=operacao-mar-de-lama\" target=\"_blank\"><font color=\"blue\">http:\/\/aconteceunovale.com.br\/portal\/?tag=operacao-mar-de-lama<\/font><\/a><\/p>\n<p><img decoding=\"async\" src=\"http:\/\/aconteceunovale.com.br\/portal\/wp-content\/uploads\/2016\/05\/cartorio_pf_gv_1.jpg\" alt=\"\" \/><em>Dono de cart\u00f3rio localizado em Santo Ant\u00f4nio do Porto foi preso (Foto: Conex\u00e3o 33)<\/em><br \/>\n<\/br><\/p>\n<p><img decoding=\"async\" src=\"http:\/\/aconteceunovale.com.br\/portal\/wp-content\/uploads\/2016\/05\/cartorio_pf_gv_2.jpg\" alt=\"\" \/><em>Dono de cart\u00f3rio localizado em Santo Ant\u00f4nio do Porto foi preso (Foto: Conex\u00e3o 33)<\/em><br \/>\n<\/br><\/p>\n<p><em>(Fonte: MPMG)<\/em><\/p>\n","protected":false},"excerpt":{"rendered":"<p>O Minist\u00e9rio P\u00fablico de Minas Gerais (MPMG), por meio do Grupo de Atua\u00e7\u00e3o Especial de Combate ao Crime Organizado (Gaeco), e a Pol\u00edcia Federal cumpriram, no s\u00e1bado, 21 de maio, mandados de pris\u00e3o tempor\u00e1ria e de busca e apreens\u00e3o na casa de um propriet\u00e1rio de cart\u00f3rio, suspeito de envolvimento em fraudes na Prefeitura de Governador [&hellip;]<\/p>\n","protected":false},"author":1,"featured_media":87692,"comment_status":"open","ping_status":"closed","sticky":false,"template":"","format":"standard","meta":{"amp_status":"","footnotes":""},"categories":[121],"tags":[95481,88052,27930,88528,88412,88221,88090,27927,95486,88047,88511,88077,95458,88410,1018,88078,88076,29486,95475,95470,95474,65870,88098,88081,88094,88096,88101,88103,1886,88092,88072,88099,95293,95457,95303,88053,95484,88057,27921,247,95456,95483,95469,95478,88080,95477,88088,88071,74250,74249,95480,95471,95473,88062,88446,27928,88066,88070,88082,88046,88045,88074,95479,88100,88102,88079,88512,35082,88264,88075,95505,95510,88050,88051,88091,88065,88095,88097,95294,88054,88055,88056,88089,88059,95295,88058,88060,88068,88067,88083,88042,88087,88064,95289,88043,88085,88061,95498,95490,95494,95496,95455,88093,95292,95508,95507,95489,95502,95501,95504,95491,95493,95495,95503,95506,95512,95499,95492,95511,95509,95500,95497,758,95482,95488,95476,49318,95472,88073,88086,88063,95487,88350,95485,5035,88044,95288,88040,88084,27929],"class_list":["post-87690","post","type-post","status-publish","format-standard","has-post-thumbnail","hentry","category-leste","tag-aldair-santos-doliveira","tag-anania-paula-da-silva","tag-ananias-camelo","tag-anexo-da-camara-municipal-de-governador-valadares-e-alvo-de-vandalismo","tag-bispo-da-diocese-de-governador-valadares","tag-camara-municipal-de-governador-valadares","tag-carlos-helder-lazaro","tag-cezinha-alvarenga","tag-construtora-vieira-prado","tag-corrupcao-governador-valadares","tag-corrupcao-pt","tag-corrupcao-saae-de-governador-valadares","tag-corrupcao-valadarense","tag-darly-alves-de-souza","tag-destaque","tag-desvio-de-dinheiro-governador-valadares","tag-desvio-de-dinheiro-saae-de-governador-valadares","tag-diocese-de-governador-valadares","tag-diretor-adjunto-do-saae","tag-diretor-de-gestao-de-rh-do-saae","tag-diretor-do-departamento-de-servicos-funerarios-e-cemiterios","tag-diretor-do-saae","tag-diretor-geral-do-saae-de-governador-valadares","tag-diretor-geral-do-saae-de-governador-valadares-e-outras-sete-pessoas-sao-presos-em-operacao-da-pf","tag-djalma-florencio-diniz","tag-djalma-florencio-diniz-junior","tag-dpark","tag-dpark-servicos-de-estacionamento","tag-elisa-costa","tag-emilio-claudio-alvarenga-rios","tag-emilio-frois","tag-fejoli-florestal","tag-fraude-empresa-valadarense","tag-fraude-valadarense","tag-gaeco-de-governador-valadares","tag-geovanne-honorio-da-silva","tag-gerente-do-posto-tabajara","tag-gledston-gomes-de-araujo","tag-gledston-guetao","tag-governador-valadares","tag-investigacao-valadarense","tag-jean-carlos-soares","tag-jefferson-santos-lima","tag-jose-estanislau-de-brito","tag-juiz-federal-determina-o-afastamento-de-oito-vereadores-de-governador-valadares","tag-juliana-campos-carvalho","tag-juliana-de-oliveira-alves-melo","tag-juninho-tabajara","tag-levi-presidente","tag-levi-vieira-da-silva","tag-lucas-estanislau-de-brito","tag-marco-rodrigo-rios-bertolacini","tag-marcos-antonio-voria","tag-marinaldo-carlos-de-amorim","tag-memes-governador-valadares","tag-milvinho","tag-milvio-jose-da-silva","tag-omir-do-saae","tag-omir-quintino-soares","tag-operacao-da-pf-governador-valadares","tag-operacao-da-policia-federal-governador-valadares","tag-operacao-saae-de-governador-valadares","tag-padaria-pao-express","tag-pavotec","tag-pavotec-pavimentacao-e-terraplanagem","tag-pf-deflagra-operacao-contra-fraudes-em-contratos-em-prefeitura-de-governador-valadares","tag-prefeita-de-governador-valadares-nega-desvio-bilionario-e-pede-retratacao-da-pf","tag-prefeitura-de-governador-valadares","tag-prefeitura-de-governador-valadares-refuta-informacao-sobre-desvio-bilionario","tag-presos-saae-de-governador-valadares","tag-prisao-aldair-santos-doliveira","tag-prisao-construtora-vieira-prado","tag-prisao-de-anania-paula-da-silva","tag-prisao-de-ananias-camelo","tag-prisao-de-carlos-helder-lazaro","tag-prisao-de-cezinha-alvarenga","tag-prisao-de-djalma-florencio-diniz","tag-prisao-de-djalma-florencio-diniz-junior","tag-prisao-de-geovane-honorio","tag-prisao-de-geovanne-honorio-da-silva","tag-prisao-de-gledston-gomes-de-araujo","tag-prisao-de-gledston-guetao","tag-prisao-de-juliana-de-oliveira-alves-melo","tag-prisao-de-levi-presidente","tag-prisao-de-levi-vieira","tag-prisao-de-levi-vieira-da-silva","tag-prisao-de-marinaldo-carlos-de-amorim","tag-prisao-de-milvinho","tag-prisao-de-milvio-jose-da-silva","tag-prisao-de-omir-quintino-soares","tag-prisao-de-politicos-governador-valadares","tag-prisao-de-seleme-hilel-neto","tag-prisao-de-sezary-de-oliveira-alvarenga","tag-prisao-de-vereadores-em-governador-valadares","tag-prisao-de-vereadores-governador-valadares","tag-prisao-de-vilmar-rios-dias-junior","tag-prisao-de-zangado","tag-prisao-diretor-adjunto-do-saae","tag-prisao-diretor-de-gestao-de-rh-do-saae","tag-prisao-diretor-do-departamento-de-servicos-funerarios-e-cemiterios","tag-prisao-diretor-do-saae","tag-prisao-donos-da-valadarense","tag-prisao-emilio-claudio-alvarenga-rios","tag-prisao-empresa-valadarense","tag-prisao-gerente-do-posto-tabajara","tag-prisao-jean-carlos-soares","tag-prisao-jefferson-santos-lima","tag-prisao-jose-estanislau-de-brito","tag-prisao-juliana-campos-carvalho","tag-prisao-lucas-estanislau-de-brito","tag-prisao-marco-rodrigo-rios-bertolacini","tag-prisao-marcos-antonio-voria","tag-prisao-omir-quintino-soares","tag-prisao-padaria-pao-express","tag-prisao-restaurante-sabor-da-praca","tag-prisao-rh-assessoria","tag-prisao-roberto-jose-carvalho","tag-prisao-secretario-municipal-de-servicos-urbanos","tag-prisao-silvana-santos-alves","tag-prisao-thiago-vieira-prado","tag-prisao-valadarense","tag-prisao-vilmar-rios-dias-junior","tag-pt","tag-restaurante-sabor-da-praca","tag-rh-assessoria","tag-roberto-jose-carvalho","tag-saae-de-governador-valadares","tag-secretario-municipal-de-servicos-urbanos","tag-seleme-hilel","tag-seleme-hilel-neto","tag-sezary-de-oliveira-alvarenga","tag-silvana-santos-alves","tag-tarsis-augusto-de-santana-lima","tag-thiago-vieira-prado","tag-valadarense","tag-vereadores-alvos-de-operacao-em-governador-valadares","tag-vereadores-presos-em-governado","tag-vereadores-presos-em-governador-valadares","tag-vilmar-rios-dias-junior","tag-zangado"],"_links":{"self":[{"href":"https:\/\/aconteceunovale.com.br\/portal\/index.php?rest_route=\/wp\/v2\/posts\/87690","targetHints":{"allow":["GET"]}}],"collection":[{"href":"https:\/\/aconteceunovale.com.br\/portal\/index.php?rest_route=\/wp\/v2\/posts"}],"about":[{"href":"https:\/\/aconteceunovale.com.br\/portal\/index.php?rest_route=\/wp\/v2\/types\/post"}],"author":[{"embeddable":true,"href":"https:\/\/aconteceunovale.com.br\/portal\/index.php?rest_route=\/wp\/v2\/users\/1"}],"replies":[{"embeddable":true,"href":"https:\/\/aconteceunovale.com.br\/portal\/index.php?rest_route=%2Fwp%2Fv2%2Fcomments&post=87690"}],"version-history":[{"count":0,"href":"https:\/\/aconteceunovale.com.br\/portal\/index.php?rest_route=\/wp\/v2\/posts\/87690\/revisions"}],"wp:featuredmedia":[{"embeddable":true,"href":"https:\/\/aconteceunovale.com.br\/portal\/index.php?rest_route=\/wp\/v2\/media\/87692"}],"wp:attachment":[{"href":"https:\/\/aconteceunovale.com.br\/portal\/index.php?rest_route=%2Fwp%2Fv2%2Fmedia&parent=87690"}],"wp:term":[{"taxonomy":"category","embeddable":true,"href":"https:\/\/aconteceunovale.com.br\/portal\/index.php?rest_route=%2Fwp%2Fv2%2Fcategories&post=87690"},{"taxonomy":"post_tag","embeddable":true,"href":"https:\/\/aconteceunovale.com.br\/portal\/index.php?rest_route=%2Fwp%2Fv2%2Ftags&post=87690"}],"curies":[{"name":"wp","href":"https:\/\/api.w.org\/{rel}","templated":true}]}}