{"id":87612,"date":"2016-05-22T23:37:48","date_gmt":"2016-05-23T02:37:48","guid":{"rendered":"http:\/\/aconteceunovale.com.br\/portal\/?p=87612"},"modified":"2016-05-22T23:37:48","modified_gmt":"2016-05-23T02:37:48","slug":"cemig-realiza-obras-na-rede-eletrica-de-aracuai-2","status":"publish","type":"post","link":"https:\/\/aconteceunovale.com.br\/portal\/?p=87612","title":{"rendered":"Cemig realiza obras na rede el\u00e9trica de Ara\u00e7ua\u00ed"},"content":{"rendered":"<p>A Companhia Energ\u00e9tica de Minas Gerais \u2013 Cemig informa que vai realizar obras de modifica\u00e7\u00e3o de rede el\u00e9trica  em Ara\u00e7ua\u00ed, na pr\u00f3xima segunda-feira (23\/05).  <\/p>\n<p>A obra vai tornar a rede mais segura, garantindo uma maior confiabilidade do fornecimento de energia para a popula\u00e7\u00e3o, a ind\u00fastria e o com\u00e9rcio local.<\/p>\n<p>Para executar esse trabalho com seguran\u00e7a, ser\u00e1 necess\u00e1rio interromper o fornecimento de energia de 11h \u00e0s 16h, nos seguintes endere\u00e7os:<\/p>\n<p>Rua Ant\u00f4nio H. Martins, entre n\u00fameros 21 e 157, Centro<\/p>\n<p>Rua Floriano Peixoto, entre n\u00fameros 35 e 246, Centro<\/p>\n<p>Rua S\u00e3o Geraldo, entre n\u00fameros 116 e 1088, Centro<\/p>\n<p>Rua Floriano Peixoto, n\u00famero 145, Esplanada<\/p>\n<p>Rua Benjamin Constant, n\u00famero 698, Esplanada<\/p>\n<p>Rua Beliz\u00e1rio Fulg\u00eancio, entre n\u00fameros 15 e 90, Bela Vista<\/p>\n<p>Rua Ant\u00f4nio H. Martins, n\u00famero 428, Bela Vista<\/p>\n<p>Rua Nossa Senhora Aparecida, n\u00famero 814, Alto do Mercado<\/p>\n<p>Durante esse per\u00edodo, caso precise executar algum servi\u00e7o na instala\u00e7\u00e3o el\u00e9trica interna, o consumidor dever\u00e1 desligar antes a chave geral (disjuntor) para sua seguran\u00e7a.<\/p>\n<p>A empresa esclarece que em fun\u00e7\u00e3o da complexidade dos servi\u00e7os a serem executados poder\u00e1 ocorrer atraso no hor\u00e1rio previsto ou cancelamento deste desligamento sem aviso pr\u00e9vio. Por medida de seguran\u00e7a todos os equipamentos devem ser considerados energizados durante o per\u00edodo mencionado. Caso os servi\u00e7os de melhoria sejam conclu\u00eddos antes do hor\u00e1rio indicado o fornecimento de energia el\u00e9trica ser\u00e1 restabelecido.<\/p>\n","protected":false},"excerpt":{"rendered":"<p>A Companhia Energ\u00e9tica de Minas Gerais \u2013 Cemig informa que vai realizar obras de modifica\u00e7\u00e3o de rede el\u00e9trica em Ara\u00e7ua\u00ed, na pr\u00f3xima segunda-feira (23\/05). A obra vai tornar a rede mais segura, garantindo uma maior confiabilidade do fornecimento de energia para a popula\u00e7\u00e3o, a ind\u00fastria e o com\u00e9rcio local. Para executar esse trabalho com seguran\u00e7a, [&hellip;]<\/p>\n","protected":false},"author":1,"featured_media":66546,"comment_status":"open","ping_status":"closed","sticky":false,"template":"","format":"standard","meta":{"amp_status":"","footnotes":""},"categories":[120],"tags":[186,66333,87234,18795,95856,95858,95857],"class_list":["post-87612","post","type-post","status-publish","format-standard","has-post-thumbnail","hentry","category-jequi","tag-aracuai","tag-aviso-cemig-aracuai","tag-cemig-aracuai","tag-cemig-realiza-obras-na-rede-eletrica-de-aracuai","tag-falta-de-energia-aracuai","tag-interrupcao-no-fornecimento-de-energia-em-aracuai","tag-queda-de-energia-aracuai"],"_links":{"self":[{"href":"https:\/\/aconteceunovale.com.br\/portal\/index.php?rest_route=\/wp\/v2\/posts\/87612","targetHints":{"allow":["GET"]}}],"collection":[{"href":"https:\/\/aconteceunovale.com.br\/portal\/index.php?rest_route=\/wp\/v2\/posts"}],"about":[{"href":"https:\/\/aconteceunovale.com.br\/portal\/index.php?rest_route=\/wp\/v2\/types\/post"}],"author":[{"embeddable":true,"href":"https:\/\/aconteceunovale.com.br\/portal\/index.php?rest_route=\/wp\/v2\/users\/1"}],"replies":[{"embeddable":true,"href":"https:\/\/aconteceunovale.com.br\/portal\/index.php?rest_route=%2Fwp%2Fv2%2Fcomments&post=87612"}],"version-history":[{"count":0,"href":"https:\/\/aconteceunovale.com.br\/portal\/index.php?rest_route=\/wp\/v2\/posts\/87612\/revisions"}],"wp:featuredmedia":[{"embeddable":true,"href":"https:\/\/aconteceunovale.com.br\/portal\/index.php?rest_route=\/wp\/v2\/media\/66546"}],"wp:attachment":[{"href":"https:\/\/aconteceunovale.com.br\/portal\/index.php?rest_route=%2Fwp%2Fv2%2Fmedia&parent=87612"}],"wp:term":[{"taxonomy":"category","embeddable":true,"href":"https:\/\/aconteceunovale.com.br\/portal\/index.php?rest_route=%2Fwp%2Fv2%2Fcategories&post=87612"},{"taxonomy":"post_tag","embeddable":true,"href":"https:\/\/aconteceunovale.com.br\/portal\/index.php?rest_route=%2Fwp%2Fv2%2Ftags&post=87612"}],"curies":[{"name":"wp","href":"https:\/\/api.w.org\/{rel}","templated":true}]}}