{"id":87568,"date":"2016-05-22T12:53:24","date_gmt":"2016-05-22T15:53:24","guid":{"rendered":"http:\/\/aconteceunovale.com.br\/portal\/?p=87568"},"modified":"2016-05-22T12:53:24","modified_gmt":"2016-05-22T15:53:24","slug":"motorista-inabilitado-perde-controle-da-direcao-e-capota-veiculo-em-janauba","status":"publish","type":"post","link":"https:\/\/aconteceunovale.com.br\/portal\/?p=87568","title":{"rendered":"Motorista inabilitado perde controle da dire\u00e7\u00e3o e capota ve\u00edculo em Jana\u00faba"},"content":{"rendered":"<p>Um casal foi levado para um hospital de Jana\u00faba, no Norte de Minas, ap\u00f3s um acidente na Avenida do Com\u00e9rcio, na madrugada deste domingo (22\/5). O carro parou com as rodas para cima e danificou a porta de uma loja de tecidos.<\/p>\n<p>Segundo as informa\u00e7\u00f5es da Pol\u00edcia Militar, o homem, de 21 anos, que n\u00e3o tem habilita\u00e7\u00e3o, disse que seguia pela via quando perdeu o controle da dire\u00e7\u00e3o, bateu no meio e capotou.<\/p>\n<p>Ainda de acordo com a PM, ele a passageira, de 22 anos, que se queixava de dores no joelho, foram socorridos pelo Samu e levados para uma unidade de sa\u00fade. Ap\u00f3s receber alta, o condutor foi encaminhado para a delegacia.<\/p>\n<p><img decoding=\"async\" src=\"http:\/\/aconteceunovale.com.br\/portal\/wp-content\/uploads\/2016\/05\/acidente_janauba_1.jpg\" alt=\"\" \/><em>Carro parou com as rodas para cima (Foto: Eug\u00eanio Oliveira\/Aconteceu no Norte de Minas)<\/em><br \/>\n<\/br><\/p>\n<p><img decoding=\"async\" src=\"http:\/\/aconteceunovale.com.br\/portal\/wp-content\/uploads\/2016\/05\/acidente_janauba_2.jpg\" alt=\"\" \/><em>Carro parou com as rodas para cima (Foto: Eug\u00eanio Oliveira\/Aconteceu no Norte de Minas)<\/em><br \/>\n<\/br><\/p>\n<p><em>(Fonte: G1 Grande Minas)<\/em><\/p>\n","protected":false},"excerpt":{"rendered":"<p>Um casal foi levado para um hospital de Jana\u00faba, no Norte de Minas, ap\u00f3s um acidente na Avenida do Com\u00e9rcio, na madrugada deste domingo (22\/5). O carro parou com as rodas para cima e danificou a porta de uma loja de tecidos. Segundo as informa\u00e7\u00f5es da Pol\u00edcia Militar, o homem, de 21 anos, que n\u00e3o [&hellip;]<\/p>\n","protected":false},"author":1,"featured_media":87569,"comment_status":"open","ping_status":"closed","sticky":false,"template":"","format":"standard","meta":{"amp_status":"","footnotes":""},"categories":[1236],"tags":[9852,95783,95782,204,95781],"class_list":["post-87568","post","type-post","status-publish","format-standard","has-post-thumbnail","hentry","category-norte_de_minas","tag-acidente-em-janauba","tag-acidente-na-avenida-do-comercio-em-janauba","tag-capotamento-em-janauba","tag-janauba","tag-motorista-inabilitado-perde-controle-da-direcao-e-capota-veiculo-em-janauba"],"_links":{"self":[{"href":"https:\/\/aconteceunovale.com.br\/portal\/index.php?rest_route=\/wp\/v2\/posts\/87568","targetHints":{"allow":["GET"]}}],"collection":[{"href":"https:\/\/aconteceunovale.com.br\/portal\/index.php?rest_route=\/wp\/v2\/posts"}],"about":[{"href":"https:\/\/aconteceunovale.com.br\/portal\/index.php?rest_route=\/wp\/v2\/types\/post"}],"author":[{"embeddable":true,"href":"https:\/\/aconteceunovale.com.br\/portal\/index.php?rest_route=\/wp\/v2\/users\/1"}],"replies":[{"embeddable":true,"href":"https:\/\/aconteceunovale.com.br\/portal\/index.php?rest_route=%2Fwp%2Fv2%2Fcomments&post=87568"}],"version-history":[{"count":0,"href":"https:\/\/aconteceunovale.com.br\/portal\/index.php?rest_route=\/wp\/v2\/posts\/87568\/revisions"}],"wp:featuredmedia":[{"embeddable":true,"href":"https:\/\/aconteceunovale.com.br\/portal\/index.php?rest_route=\/wp\/v2\/media\/87569"}],"wp:attachment":[{"href":"https:\/\/aconteceunovale.com.br\/portal\/index.php?rest_route=%2Fwp%2Fv2%2Fmedia&parent=87568"}],"wp:term":[{"taxonomy":"category","embeddable":true,"href":"https:\/\/aconteceunovale.com.br\/portal\/index.php?rest_route=%2Fwp%2Fv2%2Fcategories&post=87568"},{"taxonomy":"post_tag","embeddable":true,"href":"https:\/\/aconteceunovale.com.br\/portal\/index.php?rest_route=%2Fwp%2Fv2%2Ftags&post=87568"}],"curies":[{"name":"wp","href":"https:\/\/api.w.org\/{rel}","templated":true}]}}