{"id":87475,"date":"2016-05-20T19:27:53","date_gmt":"2016-05-20T22:27:53","guid":{"rendered":"http:\/\/aconteceunovale.com.br\/portal\/?p=87475"},"modified":"2016-05-20T19:27:53","modified_gmt":"2016-05-20T22:27:53","slug":"motorista-sofre-acidente-e-morre-ao-desviar-de-buraco-na-br-365-no-norte-de-minas","status":"publish","type":"post","link":"https:\/\/aconteceunovale.com.br\/portal\/?p=87475","title":{"rendered":"Motorista sofre acidente e morre ao desviar de buraco na BR-365, no Norte de Minas"},"content":{"rendered":"<p>Um caminhoneiro de 43 anos morreu na noite de quinta-feira (19\/5) ap\u00f3s se envolver em um acidente de tr\u00e2nsito em Buritizeiro, na regi\u00e3o Norte de Minas Gerais. De acordo com testemunhas, a v\u00edtima trafegava pela BR-356 quando, ao tentar desviar de um buraco, na altura do quil\u00f4metro 190, perdeu o controle a dire\u00e7\u00e3o.<\/p>\n<p>O ve\u00edculo, que carregava gr\u00e3os, bateu em um barranco e condutor ficou preso \u00e0s ferragens. Militares do Corpo de Bombeiros de Pirapora retiraram o corpo da v\u00edtima do ve\u00edculo e entregaram para a funer\u00e1ria da regi\u00e3o.<\/p>\n<p>Segundo os bombeiros, ap\u00f3s o acidente houve vazamento de combust\u00edvel nas \u00e1guas de um c\u00f3rrego. O tanque foi vedado e o local isolado. Al\u00e9m da per\u00edcia e da Pol\u00edcia Rodovi\u00e1ria Federal (PRF), a Pol\u00edcia de Meio Ambiente tamb\u00e9m foi ao endere\u00e7o da ocorr\u00eancia para avaliar os danos ambientais.<\/p>\n<p><img decoding=\"async\" src=\"http:\/\/aconteceunovale.com.br\/portal\/wp-content\/uploads\/2016\/05\/acidente_365_buritizeiro_2.jpg\" alt=\"\" \/><em>Acidente aconteceu na BR-365 (Foto: Divulga\u00e7\u00e3o \/ Corpo de Bombeiros)<\/em><br \/>\n<\/br><\/p>\n<p><em>(Hoje em Dia)<\/em><\/p>\n","protected":false},"excerpt":{"rendered":"<p>Um caminhoneiro de 43 anos morreu na noite de quinta-feira (19\/5) ap\u00f3s se envolver em um acidente de tr\u00e2nsito em Buritizeiro, na regi\u00e3o Norte de Minas Gerais. De acordo com testemunhas, a v\u00edtima trafegava pela BR-356 quando, ao tentar desviar de um buraco, na altura do quil\u00f4metro 190, perdeu o controle a dire\u00e7\u00e3o. O ve\u00edculo, [&hellip;]<\/p>\n","protected":false},"author":1,"featured_media":87476,"comment_status":"open","ping_status":"closed","sticky":false,"template":"","format":"standard","meta":{"amp_status":"","footnotes":""},"categories":[1236],"tags":[95602,95603,31601,73467,1535,95599,95600,95601,1018,95604],"class_list":["post-87475","post","type-post","status-publish","format-standard","has-post-thumbnail","hentry","category-norte_de_minas","tag-acidente-com-caminhao-na-br-365","tag-acidente-com-caminhao-na-br-365-em-buritizeiro","tag-acidente-na-br-365","tag-acidente-na-br-365-em-buritizeiro","tag-buritizeiro","tag-caminhoneiro-sofre-acidente-e-morre-ao-desviar-de-buraco-na-br-365","tag-caminhoneiro-sofre-acidente-e-morre-ao-desviar-de-buraco-na-br-365-em-buritizeiro","tag-caminhoneiro-sofre-acidente-e-morre-ao-desviar-de-buraco-na-br-365-no-norte-de-minas","tag-destaque","tag-motorista-sofre-acidente-e-morre-ao-desviar-de-buraco-na-br-365"],"_links":{"self":[{"href":"https:\/\/aconteceunovale.com.br\/portal\/index.php?rest_route=\/wp\/v2\/posts\/87475","targetHints":{"allow":["GET"]}}],"collection":[{"href":"https:\/\/aconteceunovale.com.br\/portal\/index.php?rest_route=\/wp\/v2\/posts"}],"about":[{"href":"https:\/\/aconteceunovale.com.br\/portal\/index.php?rest_route=\/wp\/v2\/types\/post"}],"author":[{"embeddable":true,"href":"https:\/\/aconteceunovale.com.br\/portal\/index.php?rest_route=\/wp\/v2\/users\/1"}],"replies":[{"embeddable":true,"href":"https:\/\/aconteceunovale.com.br\/portal\/index.php?rest_route=%2Fwp%2Fv2%2Fcomments&post=87475"}],"version-history":[{"count":0,"href":"https:\/\/aconteceunovale.com.br\/portal\/index.php?rest_route=\/wp\/v2\/posts\/87475\/revisions"}],"wp:featuredmedia":[{"embeddable":true,"href":"https:\/\/aconteceunovale.com.br\/portal\/index.php?rest_route=\/wp\/v2\/media\/87476"}],"wp:attachment":[{"href":"https:\/\/aconteceunovale.com.br\/portal\/index.php?rest_route=%2Fwp%2Fv2%2Fmedia&parent=87475"}],"wp:term":[{"taxonomy":"category","embeddable":true,"href":"https:\/\/aconteceunovale.com.br\/portal\/index.php?rest_route=%2Fwp%2Fv2%2Fcategories&post=87475"},{"taxonomy":"post_tag","embeddable":true,"href":"https:\/\/aconteceunovale.com.br\/portal\/index.php?rest_route=%2Fwp%2Fv2%2Ftags&post=87475"}],"curies":[{"name":"wp","href":"https:\/\/api.w.org\/{rel}","templated":true}]}}