{"id":87472,"date":"2016-05-20T19:20:39","date_gmt":"2016-05-20T22:20:39","guid":{"rendered":"http:\/\/aconteceunovale.com.br\/portal\/?p=87472"},"modified":"2016-05-20T19:20:39","modified_gmt":"2016-05-20T22:20:39","slug":"em-montes-claros-dois-sao-detidos-apos-roubarem-som-avaliado-em-r-115-mil","status":"publish","type":"post","link":"https:\/\/aconteceunovale.com.br\/portal\/?p=87472","title":{"rendered":"Em Montes Claros, dois s\u00e3o detidos ap\u00f3s roubarem som avaliado em R$ 115 mil"},"content":{"rendered":"<p>Um homem de 30 anos e um adolescente de 14 foram detidos na madrugada desta sexta-feira (20\/5) depois de roubarem uma carretinha e um equipamento de som avaliado em R$ 115 mil na regi\u00e3o Central de Montes Claros, no Norte de Minas. Os dois foram encontrados logos ap\u00f3s o crime. O material roubado estava em uma garagem, o funcion\u00e1rio que fazia a seguran\u00e7a do local foi rendido e amarrado pelos criminosos. Um comparsa deles conseguiu fugir.<\/p>\n<p>Segundo a PM, os tr\u00eas foram abordados nas imedia\u00e7\u00f5es do Bairro Morada do Parque, depois de serem perseguidos. Eles estavam em um carro que havia sido furtado na tarde de quinta-feira (19\/5) na Rua Salvador, no Bairro Jardim Palmeiras.<\/p>\n<p>Ao serem questionados pelos militares, os dois disseram que o som havia sido encomendando e que eles receberiam R$ 3 mil. Eles tamb\u00e9m afirmaram que o carro foi furtado com o objetivo de puxar a carretinha com o equipamento.<\/p>\n<p>De acordo com a PM, o criminoso que fugiu tem 17 anos e foi apreendido recentemente ap\u00f3s participar de roubo a uma loja de celulares em Bocaiuva (MG), 40 aparelhos foram recuperados. Ele ainda n\u00e3o foi encontrado. Os dois detidos foram levados para a delegacia.<\/p>\n<p><img decoding=\"async\" src=\"http:\/\/aconteceunovale.com.br\/portal\/wp-content\/uploads\/2016\/05\/roubo_carretinha_moc_1.jpg\" alt=\"\" \/><em>Carro, carretinha e som foram recuperados (Foto: Pol\u00edcia Militar \/ Divulga\u00e7\u00e3o)<\/em><br \/>\n<\/br><\/p>\n<p><em>(G1 Grande Minas)<\/em><\/p>\n","protected":false},"excerpt":{"rendered":"<p>Um homem de 30 anos e um adolescente de 14 foram detidos na madrugada desta sexta-feira (20\/5) depois de roubarem uma carretinha e um equipamento de som avaliado em R$ 115 mil na regi\u00e3o Central de Montes Claros, no Norte de Minas. Os dois foram encontrados logos ap\u00f3s o crime. O material roubado estava em [&hellip;]<\/p>\n","protected":false},"author":1,"featured_media":87473,"comment_status":"open","ping_status":"closed","sticky":false,"template":"","format":"standard","meta":{"amp_status":"","footnotes":""},"categories":[1236],"tags":[9847,645,95598,210,95596,95595,95597,61641],"class_list":["post-87472","post","type-post","status-publish","format-standard","has-post-thumbnail","hentry","category-norte_de_minas","tag-assalto-em-montes-claros","tag-bocaiuva","tag-dois-sao-detidos-apos-roubarem-som-avaliado-em-r-115-mil-em-montes-claros","tag-montes-claros","tag-preso-apos-roubar-som-em-montes-claros","tag-preso-por-roubo-em-montes-claros","tag-roubo-de-som-em-montes-claros","tag-roubo-montes-claros"],"_links":{"self":[{"href":"https:\/\/aconteceunovale.com.br\/portal\/index.php?rest_route=\/wp\/v2\/posts\/87472","targetHints":{"allow":["GET"]}}],"collection":[{"href":"https:\/\/aconteceunovale.com.br\/portal\/index.php?rest_route=\/wp\/v2\/posts"}],"about":[{"href":"https:\/\/aconteceunovale.com.br\/portal\/index.php?rest_route=\/wp\/v2\/types\/post"}],"author":[{"embeddable":true,"href":"https:\/\/aconteceunovale.com.br\/portal\/index.php?rest_route=\/wp\/v2\/users\/1"}],"replies":[{"embeddable":true,"href":"https:\/\/aconteceunovale.com.br\/portal\/index.php?rest_route=%2Fwp%2Fv2%2Fcomments&post=87472"}],"version-history":[{"count":0,"href":"https:\/\/aconteceunovale.com.br\/portal\/index.php?rest_route=\/wp\/v2\/posts\/87472\/revisions"}],"wp:featuredmedia":[{"embeddable":true,"href":"https:\/\/aconteceunovale.com.br\/portal\/index.php?rest_route=\/wp\/v2\/media\/87473"}],"wp:attachment":[{"href":"https:\/\/aconteceunovale.com.br\/portal\/index.php?rest_route=%2Fwp%2Fv2%2Fmedia&parent=87472"}],"wp:term":[{"taxonomy":"category","embeddable":true,"href":"https:\/\/aconteceunovale.com.br\/portal\/index.php?rest_route=%2Fwp%2Fv2%2Fcategories&post=87472"},{"taxonomy":"post_tag","embeddable":true,"href":"https:\/\/aconteceunovale.com.br\/portal\/index.php?rest_route=%2Fwp%2Fv2%2Ftags&post=87472"}],"curies":[{"name":"wp","href":"https:\/\/api.w.org\/{rel}","templated":true}]}}